{"id":108626,"date":"2022-07-04T13:50:01","date_gmt":"2022-07-04T16:50:01","guid":{"rendered":"https:\/\/eldiariodesanpedro.com.ar\/sitio\/?p=108626"},"modified":"2022-07-04T13:50:02","modified_gmt":"2022-07-04T16:50:02","slug":"se-robaron-una-moto-con-candado-y-cadena","status":"publish","type":"post","link":"https:\/\/eldiariodesanpedro.com.ar\/sitio\/se-robaron-una-moto-con-candado-y-cadena\/","title":{"rendered":"Se robaron una moto con candado y cadena"},"content":{"rendered":"<!-- VideographyWP Plugin Message: Automatic video embedding prevented by plugin options. -->\n\n<p>Este s\u00e1bado en horas de la noche una mujer de 42 a\u00f1os de edad denunci\u00f3 que el mismo d\u00eda a las 20:30 horas, al egresar del domicilio de un familiar, ubicado en calle 25 de Mayo al 1500, constata que autores ignorados previo violentar cadena y candado de seguridad le sustraen su motocicleta Mondial 110 cc.<\/p>\n\n\n\n<p>Interviene U.F.I. N\u00b0 11 Local.-<\/p>\n","protected":false},"excerpt":{"rendered":"<p>Este s\u00e1bado en horas de la noche una mujer de 42 a\u00f1os de edad denunci\u00f3 que el mismo d\u00eda a las 20:30 horas, al egresar del domicilio de un familiar, ubicado en calle 25 de Mayo al 1500, constata que autores ignorados previo violentar cadena y candado de seguridad le sustraen su motocicleta Mondial 110 [&hellip;]<\/p>\n","protected":false},"author":4,"featured_media":56528,"comment_status":"closed","ping_status":"closed","sticky":false,"template":"","format":"standard","meta":{"om_disable_all_campaigns":false,"_jetpack_memberships_contains_paid_content":false,"footnotes":""},"categories":[2,103],"tags":[197,33,95,19],"class_list":["post-108626","post","type-post","status-publish","format-standard","has-post-thumbnail","hentry","category-locales","category-policiales-locales","tag-buenos-aires","tag-locales","tag-policiales","tag-san-pedro"],"aioseo_notices":[],"gutentor_comment":0,"jetpack_featured_media_url":"https:\/\/eldiariodesanpedro.com.ar\/sitio\/wp-content\/uploads\/2019\/07\/patrulla66-1024x680.jpg","jetpack_shortlink":"https:\/\/wp.me\/p6RhLt-sg2","jetpack_sharing_enabled":true,"_links":{"self":[{"href":"https:\/\/eldiariodesanpedro.com.ar\/sitio\/wp-json\/wp\/v2\/posts\/108626","targetHints":{"allow":["GET"]}}],"collection":[{"href":"https:\/\/eldiariodesanpedro.com.ar\/sitio\/wp-json\/wp\/v2\/posts"}],"about":[{"href":"https:\/\/eldiariodesanpedro.com.ar\/sitio\/wp-json\/wp\/v2\/types\/post"}],"author":[{"embeddable":true,"href":"https:\/\/eldiariodesanpedro.com.ar\/sitio\/wp-json\/wp\/v2\/users\/4"}],"replies":[{"embeddable":true,"href":"https:\/\/eldiariodesanpedro.com.ar\/sitio\/wp-json\/wp\/v2\/comments?post=108626"}],"version-history":[{"count":1,"href":"https:\/\/eldiariodesanpedro.com.ar\/sitio\/wp-json\/wp\/v2\/posts\/108626\/revisions"}],"predecessor-version":[{"id":108627,"href":"https:\/\/eldiariodesanpedro.com.ar\/sitio\/wp-json\/wp\/v2\/posts\/108626\/revisions\/108627"}],"wp:featuredmedia":[{"embeddable":true,"href":"https:\/\/eldiariodesanpedro.com.ar\/sitio\/wp-json\/wp\/v2\/media\/56528"}],"wp:attachment":[{"href":"https:\/\/eldiariodesanpedro.com.ar\/sitio\/wp-json\/wp\/v2\/media?parent=108626"}],"wp:term":[{"taxonomy":"category","embeddable":true,"href":"https:\/\/eldiariodesanpedro.com.ar\/sitio\/wp-json\/wp\/v2\/categories?post=108626"},{"taxonomy":"post_tag","embeddable":true,"href":"https:\/\/eldiariodesanpedro.com.ar\/sitio\/wp-json\/wp\/v2\/tags?post=108626"}],"curies":[{"name":"wp","href":"https:\/\/api.w.org\/{rel}","templated":true}]}}