{"id":108624,"date":"2022-07-04T13:46:26","date_gmt":"2022-07-04T16:46:26","guid":{"rendered":"https:\/\/eldiariodesanpedro.com.ar\/sitio\/?p=108624"},"modified":"2022-07-04T13:46:26","modified_gmt":"2022-07-04T16:46:26","slug":"dejo-la-moto-sin-medidas-de-seguridad-y-se-la-robaron","status":"publish","type":"post","link":"https:\/\/eldiariodesanpedro.com.ar\/sitio\/dejo-la-moto-sin-medidas-de-seguridad-y-se-la-robaron\/","title":{"rendered":"Dejo la moto sin medidas de seguridad y se la robaron"},"content":{"rendered":"<!-- VideographyWP Plugin Message: Automatic video embedding prevented by plugin options. -->\n\n<p>Este s\u00e1bado en horas de la noche denunci\u00f3 un ciudadano de 45 a\u00f1os que el d\u00eda jueves de la semana pasada a las 22:30 horas egresa de su morada, ubicada en calle Col\u00f3n al 3500 ciudad y constata que autores ignorados le sustrajeron su motocicleta Motomel Blitz 110 cc. que hab\u00eda dejado horas antes en la vereda del lugar sin ninguna medida de seguridad.<\/p>\n\n\n\n<p>Interviene U.F.I. N\u00b0 11 Local.-<\/p>\n","protected":false},"excerpt":{"rendered":"<p>Este s\u00e1bado en horas de la noche denunci\u00f3 un ciudadano de 45 a\u00f1os que el d\u00eda jueves de la semana pasada a las 22:30 horas egresa de su morada, ubicada en calle Col\u00f3n al 3500 ciudad y constata que autores ignorados le sustrajeron su motocicleta Motomel Blitz 110 cc. que hab\u00eda dejado horas antes en [&hellip;]<\/p>\n","protected":false},"author":4,"featured_media":78774,"comment_status":"closed","ping_status":"closed","sticky":false,"template":"","format":"standard","meta":{"om_disable_all_campaigns":false,"_jetpack_memberships_contains_paid_content":false,"footnotes":""},"categories":[2,103],"tags":[197,33,95,19],"class_list":["post-108624","post","type-post","status-publish","format-standard","has-post-thumbnail","hentry","category-locales","category-policiales-locales","tag-buenos-aires","tag-locales","tag-policiales","tag-san-pedro"],"aioseo_notices":[],"gutentor_comment":0,"jetpack_featured_media_url":"https:\/\/eldiariodesanpedro.com.ar\/sitio\/wp-content\/uploads\/2020\/08\/Policia-de-noche-2014-695x510-1.jpg","jetpack_shortlink":"https:\/\/wp.me\/p6RhLt-sg0","jetpack_sharing_enabled":true,"_links":{"self":[{"href":"https:\/\/eldiariodesanpedro.com.ar\/sitio\/wp-json\/wp\/v2\/posts\/108624","targetHints":{"allow":["GET"]}}],"collection":[{"href":"https:\/\/eldiariodesanpedro.com.ar\/sitio\/wp-json\/wp\/v2\/posts"}],"about":[{"href":"https:\/\/eldiariodesanpedro.com.ar\/sitio\/wp-json\/wp\/v2\/types\/post"}],"author":[{"embeddable":true,"href":"https:\/\/eldiariodesanpedro.com.ar\/sitio\/wp-json\/wp\/v2\/users\/4"}],"replies":[{"embeddable":true,"href":"https:\/\/eldiariodesanpedro.com.ar\/sitio\/wp-json\/wp\/v2\/comments?post=108624"}],"version-history":[{"count":1,"href":"https:\/\/eldiariodesanpedro.com.ar\/sitio\/wp-json\/wp\/v2\/posts\/108624\/revisions"}],"predecessor-version":[{"id":108625,"href":"https:\/\/eldiariodesanpedro.com.ar\/sitio\/wp-json\/wp\/v2\/posts\/108624\/revisions\/108625"}],"wp:featuredmedia":[{"embeddable":true,"href":"https:\/\/eldiariodesanpedro.com.ar\/sitio\/wp-json\/wp\/v2\/media\/78774"}],"wp:attachment":[{"href":"https:\/\/eldiariodesanpedro.com.ar\/sitio\/wp-json\/wp\/v2\/media?parent=108624"}],"wp:term":[{"taxonomy":"category","embeddable":true,"href":"https:\/\/eldiariodesanpedro.com.ar\/sitio\/wp-json\/wp\/v2\/categories?post=108624"},{"taxonomy":"post_tag","embeddable":true,"href":"https:\/\/eldiariodesanpedro.com.ar\/sitio\/wp-json\/wp\/v2\/tags?post=108624"}],"curies":[{"name":"wp","href":"https:\/\/api.w.org\/{rel}","templated":true}]}}