{"id":108622,"date":"2022-07-04T13:44:00","date_gmt":"2022-07-04T16:44:00","guid":{"rendered":"https:\/\/eldiariodesanpedro.com.ar\/sitio\/?p=108622"},"modified":"2022-07-04T13:44:01","modified_gmt":"2022-07-04T16:44:01","slug":"una-joven-denuncio-que-le-robaron-el-celular-en-modo-arrebato","status":"publish","type":"post","link":"https:\/\/eldiariodesanpedro.com.ar\/sitio\/una-joven-denuncio-que-le-robaron-el-celular-en-modo-arrebato\/","title":{"rendered":"Una joven denunci\u00f3 que le robaron el celular en modo arrebato"},"content":{"rendered":"<!-- VideographyWP Plugin Message: Automatic video embedding prevented by plugin options. -->\n\n<p>Este s\u00e1bado en horas de l anoche una mujer de 13 a\u00f1os denunci\u00f3 y asistida por su progenitora, que en la fecha siendo las 19 horas aproximadamente, en circunstancias que caminaba por calle Almirante Brown e Ituzaing\u00f3 junto a dos amigas, es sorprendida por un delincuente, quien le arrebata un celular motorola E5 y un chaleco.<\/p>\n\n\n\n<p>La v\u00edctima result\u00f3 ilesa.<\/p>\n","protected":false},"excerpt":{"rendered":"<p>Este s\u00e1bado en horas de l anoche una mujer de 13 a\u00f1os denunci\u00f3 y asistida por su progenitora, que en la fecha siendo las 19 horas aproximadamente, en circunstancias que caminaba por calle Almirante Brown e Ituzaing\u00f3 junto a dos amigas, es sorprendida por un delincuente, quien le arrebata un celular motorola E5 y un [&hellip;]<\/p>\n","protected":false},"author":4,"featured_media":78843,"comment_status":"closed","ping_status":"closed","sticky":false,"template":"","format":"standard","meta":{"om_disable_all_campaigns":false,"_jetpack_memberships_contains_paid_content":false,"footnotes":""},"categories":[2,103],"tags":[197,33,95,19],"class_list":["post-108622","post","type-post","status-publish","format-standard","has-post-thumbnail","hentry","category-locales","category-policiales-locales","tag-buenos-aires","tag-locales","tag-policiales","tag-san-pedro"],"aioseo_notices":[],"gutentor_comment":0,"jetpack_featured_media_url":"https:\/\/eldiariodesanpedro.com.ar\/sitio\/wp-content\/uploads\/2020\/08\/0.jpg","jetpack_shortlink":"https:\/\/wp.me\/p6RhLt-sfY","jetpack_sharing_enabled":true,"_links":{"self":[{"href":"https:\/\/eldiariodesanpedro.com.ar\/sitio\/wp-json\/wp\/v2\/posts\/108622","targetHints":{"allow":["GET"]}}],"collection":[{"href":"https:\/\/eldiariodesanpedro.com.ar\/sitio\/wp-json\/wp\/v2\/posts"}],"about":[{"href":"https:\/\/eldiariodesanpedro.com.ar\/sitio\/wp-json\/wp\/v2\/types\/post"}],"author":[{"embeddable":true,"href":"https:\/\/eldiariodesanpedro.com.ar\/sitio\/wp-json\/wp\/v2\/users\/4"}],"replies":[{"embeddable":true,"href":"https:\/\/eldiariodesanpedro.com.ar\/sitio\/wp-json\/wp\/v2\/comments?post=108622"}],"version-history":[{"count":1,"href":"https:\/\/eldiariodesanpedro.com.ar\/sitio\/wp-json\/wp\/v2\/posts\/108622\/revisions"}],"predecessor-version":[{"id":108623,"href":"https:\/\/eldiariodesanpedro.com.ar\/sitio\/wp-json\/wp\/v2\/posts\/108622\/revisions\/108623"}],"wp:featuredmedia":[{"embeddable":true,"href":"https:\/\/eldiariodesanpedro.com.ar\/sitio\/wp-json\/wp\/v2\/media\/78843"}],"wp:attachment":[{"href":"https:\/\/eldiariodesanpedro.com.ar\/sitio\/wp-json\/wp\/v2\/media?parent=108622"}],"wp:term":[{"taxonomy":"category","embeddable":true,"href":"https:\/\/eldiariodesanpedro.com.ar\/sitio\/wp-json\/wp\/v2\/categories?post=108622"},{"taxonomy":"post_tag","embeddable":true,"href":"https:\/\/eldiariodesanpedro.com.ar\/sitio\/wp-json\/wp\/v2\/tags?post=108622"}],"curies":[{"name":"wp","href":"https:\/\/api.w.org\/{rel}","templated":true}]}}