{"id":108620,"date":"2022-07-04T13:37:07","date_gmt":"2022-07-04T16:37:07","guid":{"rendered":"https:\/\/eldiariodesanpedro.com.ar\/sitio\/?p=108620"},"modified":"2022-07-04T13:37:07","modified_gmt":"2022-07-04T16:37:07","slug":"dos-jovenes-en-motocicleta-rompieron-una-camioneta-en-movimiento","status":"publish","type":"post","link":"https:\/\/eldiariodesanpedro.com.ar\/sitio\/dos-jovenes-en-motocicleta-rompieron-una-camioneta-en-movimiento\/","title":{"rendered":"Dos j\u00f3venes en motocicleta rompieron una camioneta en movimiento"},"content":{"rendered":"<!-- VideographyWP Plugin Message: Automatic video embedding prevented by plugin options. -->\n\n<p>Este s\u00e1bado alrededor de las 10 horas en la comisar\u00eda local denunci\u00f3 un ciudadano de 57 a\u00f1os que ayer a las 20 horas, momentos que se hallaba conduciendo su camioneta Chevrolet S10 por calle Casella y Belgrano se le pone a la par dos masculinos con casco y a bordo de motocicleta 110 cc, da\u00f1\u00e1ndose uno de ellos la carcasa y vidrio retrovisor del lado del acompa\u00f1ante.<\/p>\n\n\n\n<p>Interviene U.F.I. N\u00b0 11 Local.-<\/p>\n","protected":false},"excerpt":{"rendered":"<p>Este s\u00e1bado alrededor de las 10 horas en la comisar\u00eda local denunci\u00f3 un ciudadano de 57 a\u00f1os que ayer a las 20 horas, momentos que se hallaba conduciendo su camioneta Chevrolet S10 por calle Casella y Belgrano se le pone a la par dos masculinos con casco y a bordo de motocicleta 110 cc, da\u00f1\u00e1ndose [&hellip;]<\/p>\n","protected":false},"author":4,"featured_media":77910,"comment_status":"closed","ping_status":"closed","sticky":false,"template":"","format":"standard","meta":{"om_disable_all_campaigns":false,"_jetpack_memberships_contains_paid_content":false,"footnotes":""},"categories":[2,103],"tags":[197,33,95,19],"class_list":["post-108620","post","type-post","status-publish","format-standard","has-post-thumbnail","hentry","category-locales","category-policiales-locales","tag-buenos-aires","tag-locales","tag-policiales","tag-san-pedro"],"aioseo_notices":[],"gutentor_comment":0,"jetpack_featured_media_url":"https:\/\/eldiariodesanpedro.com.ar\/sitio\/wp-content\/uploads\/2020\/07\/no_ssowqejple3k931nop1c56465t83uu31kc3o1tm219bh1_1_.jpg","jetpack_shortlink":"https:\/\/wp.me\/p6RhLt-sfW","jetpack_sharing_enabled":true,"_links":{"self":[{"href":"https:\/\/eldiariodesanpedro.com.ar\/sitio\/wp-json\/wp\/v2\/posts\/108620","targetHints":{"allow":["GET"]}}],"collection":[{"href":"https:\/\/eldiariodesanpedro.com.ar\/sitio\/wp-json\/wp\/v2\/posts"}],"about":[{"href":"https:\/\/eldiariodesanpedro.com.ar\/sitio\/wp-json\/wp\/v2\/types\/post"}],"author":[{"embeddable":true,"href":"https:\/\/eldiariodesanpedro.com.ar\/sitio\/wp-json\/wp\/v2\/users\/4"}],"replies":[{"embeddable":true,"href":"https:\/\/eldiariodesanpedro.com.ar\/sitio\/wp-json\/wp\/v2\/comments?post=108620"}],"version-history":[{"count":1,"href":"https:\/\/eldiariodesanpedro.com.ar\/sitio\/wp-json\/wp\/v2\/posts\/108620\/revisions"}],"predecessor-version":[{"id":108621,"href":"https:\/\/eldiariodesanpedro.com.ar\/sitio\/wp-json\/wp\/v2\/posts\/108620\/revisions\/108621"}],"wp:featuredmedia":[{"embeddable":true,"href":"https:\/\/eldiariodesanpedro.com.ar\/sitio\/wp-json\/wp\/v2\/media\/77910"}],"wp:attachment":[{"href":"https:\/\/eldiariodesanpedro.com.ar\/sitio\/wp-json\/wp\/v2\/media?parent=108620"}],"wp:term":[{"taxonomy":"category","embeddable":true,"href":"https:\/\/eldiariodesanpedro.com.ar\/sitio\/wp-json\/wp\/v2\/categories?post=108620"},{"taxonomy":"post_tag","embeddable":true,"href":"https:\/\/eldiariodesanpedro.com.ar\/sitio\/wp-json\/wp\/v2\/tags?post=108620"}],"curies":[{"name":"wp","href":"https:\/\/api.w.org\/{rel}","templated":true}]}}