{"id":108617,"date":"2022-07-04T11:33:10","date_gmt":"2022-07-04T14:33:10","guid":{"rendered":"https:\/\/eldiariodesanpedro.com.ar\/sitio\/?p=108617"},"modified":"2022-07-04T11:33:11","modified_gmt":"2022-07-04T14:33:11","slug":"frutos-de-la-tierra-y-el-rio-tendra-su-4ta-feria","status":"publish","type":"post","link":"https:\/\/eldiariodesanpedro.com.ar\/sitio\/frutos-de-la-tierra-y-el-rio-tendra-su-4ta-feria\/","title":{"rendered":"Frutos de la tierra y el r\u00edo tendr\u00e1 su 4ta feria"},"content":{"rendered":"<!-- VideographyWP Plugin Message: Automatic video embedding prevented by plugin options. -->\n\n<p><strong><em>El s\u00e1bado 9 de julio se concretar\u00e1 una nueva edici\u00f3n de Frutos de la tierra y el r\u00edo, que sigue cumpliendo el cronograma establecido a principios de a\u00f1o. Lo har\u00e1 a una semana del d\u00eda de la agricultura nacional que conmemora la sanci\u00f3n de la Ley de Arrendamientos y Aparcer\u00edas Rurales que posibilit\u00f3 que los peque\u00f1os arrendatarios accedieran a la propiedad de la tierra.&nbsp; La feria ser\u00e1 entre las 10 y 18 hs, frente a la Plaza Constituci\u00f3n.<\/em><\/strong><\/p>\n\n\n\n<p>Con doce emprendimientos confirmados a este momento que seguramente se incrementar\u00e1n durante el transcurso de la semana, habr\u00e1 un nuevo encuentro entre quienes producen y consumen. \u00c9sta vez, coincidiendo con una fecha patria que cae en s\u00e1bado, y rindiendo homenaje al d\u00eda que celebra el acceso a la propiedad de la tierra de casi 80mil productores en 1948.&nbsp;<\/p>\n\n\n\n<p>Como cada edici\u00f3n, quienes visiten podr\u00e1n aprovisionarse de miel y productos derivados del prop\u00f3leo. Tambi\u00e9n cremas y dem\u00e1s productos de cosm\u00e9tica hechos con materiales naturales. Plantines de distinto tipo (ornamentales, arom\u00e1ticas), cactus y suculentas. Nuevamente&nbsp; las ya cl\u00e1sicas batatas de Ipomea de tres variedades, para consumirlas de mil formas (fritas, al horno, en pur\u00e9, como parte de postres y panificaci\u00f3n, etc).&nbsp; Se integrar\u00e1 a esta edici\u00f3n la nuez pec\u00e1n, que cuya cosecha est\u00e1 finalizando. Tambi\u00e9n habr\u00e1n dulces caseros cl\u00e1sicos y combinaciones \u00fanicas, ideales para merendar estas tardes fresquitas. Y por supuesto, las lanas hiladas a mano para pasar este invierno haciendo tejidos, y algunas prendas \u00fanicas para lucir a la ver que se protege del fr\u00edo!<\/p>\n\n\n\n<p>En caso de lluvia, se posterga una semana. Sugerimos estar atentos a nuestras redes sociales (Instagram @frutosyelrio y Facebook @frutosdelatierrayelrio).<\/p>\n\n\n\n<p>Como recordatorio que se reforz\u00f3 en el encuentro anterior, est\u00e1 el pedido a quienes se acercan de llevar su propia bolsa, compromiso que la feria propuso ya hace seis a\u00f1os como un aporte m\u00ednimo al cuidado de nuestro medioambiente.<\/p>\n\n\n\n<p>La Feria est\u00e1 autorizada por ordenanza 6322\/18. La Asociaci\u00f3n Civil Frutos de la tierra y el r\u00edo. Matr\u00edcula N\u00b045129, Resoluci\u00f3n DPPJ 7109, Inscripci\u00f3n 04\/09\/2018.<\/p>\n\n\n\n<figure class=\"wp-block-image size-full\"><img decoding=\"async\" width=\"630\" height=\"630\" data-attachment-id=\"108618\" data-permalink=\"https:\/\/eldiariodesanpedro.com.ar\/sitio\/frutos-de-la-tierra-y-el-rio-tendra-su-4ta-feria\/13f6ac71-cf70-4a38-911a-ec8135abc149-2\/\" data-orig-file=\"https:\/\/eldiariodesanpedro.com.ar\/sitio\/wp-content\/uploads\/2022\/07\/13f6ac71-cf70-4a38-911a-ec8135abc149.jpg\" data-orig-size=\"630,630\" data-comments-opened=\"0\" data-image-meta=\"{&quot;aperture&quot;:&quot;0&quot;,&quot;credit&quot;:&quot;&quot;,&quot;camera&quot;:&quot;&quot;,&quot;caption&quot;:&quot;&quot;,&quot;created_timestamp&quot;:&quot;0&quot;,&quot;copyright&quot;:&quot;&quot;,&quot;focal_length&quot;:&quot;0&quot;,&quot;iso&quot;:&quot;0&quot;,&quot;shutter_speed&quot;:&quot;0&quot;,&quot;title&quot;:&quot;&quot;,&quot;orientation&quot;:&quot;0&quot;}\" data-image-title=\"13f6ac71-cf70-4a38-911a-ec8135abc149\" data-image-description=\"\" data-image-caption=\"\" data-large-file=\"https:\/\/eldiariodesanpedro.com.ar\/sitio\/wp-content\/uploads\/2022\/07\/13f6ac71-cf70-4a38-911a-ec8135abc149.jpg\" data-src=\"https:\/\/eldiariodesanpedro.com.ar\/sitio\/wp-content\/uploads\/2022\/07\/13f6ac71-cf70-4a38-911a-ec8135abc149.jpg\" alt=\"\" class=\"wp-image-108618 lazyload\" data-srcset=\"https:\/\/eldiariodesanpedro.com.ar\/sitio\/wp-content\/uploads\/2022\/07\/13f6ac71-cf70-4a38-911a-ec8135abc149.jpg 630w, https:\/\/eldiariodesanpedro.com.ar\/sitio\/wp-content\/uploads\/2022\/07\/13f6ac71-cf70-4a38-911a-ec8135abc149-300x300.jpg 300w, https:\/\/eldiariodesanpedro.com.ar\/sitio\/wp-content\/uploads\/2022\/07\/13f6ac71-cf70-4a38-911a-ec8135abc149-150x150.jpg 150w\" data-sizes=\"(max-width: 630px) 100vw, 630px\" src=\"data:image\/svg+xml;base64,PHN2ZyB3aWR0aD0iMSIgaGVpZ2h0PSIxIiB4bWxucz0iaHR0cDovL3d3dy53My5vcmcvMjAwMC9zdmciPjwvc3ZnPg==\" style=\"--smush-placeholder-width: 630px; --smush-placeholder-aspect-ratio: 630\/630;\" \/><\/figure>\n","protected":false},"excerpt":{"rendered":"<p>El s\u00e1bado 9 de julio se concretar\u00e1 una nueva edici\u00f3n de Frutos de la tierra y el r\u00edo, que sigue cumpliendo el cronograma establecido a principios de a\u00f1o. Lo har\u00e1 a una semana del d\u00eda de la agricultura nacional que conmemora la sanci\u00f3n de la Ley de Arrendamientos y Aparcer\u00edas Rurales que posibilit\u00f3 que los [&hellip;]<\/p>\n","protected":false},"author":4,"featured_media":13257,"comment_status":"closed","ping_status":"closed","sticky":false,"template":"","format":"standard","meta":{"om_disable_all_campaigns":false,"_jetpack_memberships_contains_paid_content":false,"footnotes":""},"categories":[101,2],"tags":[197,696,33,19],"class_list":["post-108617","post","type-post","status-publish","format-standard","has-post-thumbnail","hentry","category-interes-general-locales","category-locales","tag-buenos-aires","tag-interes-general","tag-locales","tag-san-pedro"],"aioseo_notices":[],"gutentor_comment":0,"jetpack_featured_media_url":"https:\/\/eldiariodesanpedro.com.ar\/sitio\/wp-content\/uploads\/2017\/01\/Frutos-de-la-Tierra-y-el-R\u00edo.jpg","jetpack_shortlink":"https:\/\/wp.me\/p6RhLt-sfT","jetpack_sharing_enabled":true,"_links":{"self":[{"href":"https:\/\/eldiariodesanpedro.com.ar\/sitio\/wp-json\/wp\/v2\/posts\/108617","targetHints":{"allow":["GET"]}}],"collection":[{"href":"https:\/\/eldiariodesanpedro.com.ar\/sitio\/wp-json\/wp\/v2\/posts"}],"about":[{"href":"https:\/\/eldiariodesanpedro.com.ar\/sitio\/wp-json\/wp\/v2\/types\/post"}],"author":[{"embeddable":true,"href":"https:\/\/eldiariodesanpedro.com.ar\/sitio\/wp-json\/wp\/v2\/users\/4"}],"replies":[{"embeddable":true,"href":"https:\/\/eldiariodesanpedro.com.ar\/sitio\/wp-json\/wp\/v2\/comments?post=108617"}],"version-history":[{"count":1,"href":"https:\/\/eldiariodesanpedro.com.ar\/sitio\/wp-json\/wp\/v2\/posts\/108617\/revisions"}],"predecessor-version":[{"id":108619,"href":"https:\/\/eldiariodesanpedro.com.ar\/sitio\/wp-json\/wp\/v2\/posts\/108617\/revisions\/108619"}],"wp:featuredmedia":[{"embeddable":true,"href":"https:\/\/eldiariodesanpedro.com.ar\/sitio\/wp-json\/wp\/v2\/media\/13257"}],"wp:attachment":[{"href":"https:\/\/eldiariodesanpedro.com.ar\/sitio\/wp-json\/wp\/v2\/media?parent=108617"}],"wp:term":[{"taxonomy":"category","embeddable":true,"href":"https:\/\/eldiariodesanpedro.com.ar\/sitio\/wp-json\/wp\/v2\/categories?post=108617"},{"taxonomy":"post_tag","embeddable":true,"href":"https:\/\/eldiariodesanpedro.com.ar\/sitio\/wp-json\/wp\/v2\/tags?post=108617"}],"curies":[{"name":"wp","href":"https:\/\/api.w.org\/{rel}","templated":true}]}}