{"id":108612,"date":"2022-07-04T10:38:25","date_gmt":"2022-07-04T13:38:25","guid":{"rendered":"https:\/\/eldiariodesanpedro.com.ar\/sitio\/?p=108612"},"modified":"2022-07-04T10:38:26","modified_gmt":"2022-07-04T13:38:26","slug":"continua-la-campana-contra-la-fiebre-hemorragica-argentina-3","status":"publish","type":"post","link":"https:\/\/eldiariodesanpedro.com.ar\/sitio\/continua-la-campana-contra-la-fiebre-hemorragica-argentina-3\/","title":{"rendered":"Contin\u00faa la campa\u00f1a contra la Fiebre Hemorr\u00e1gica Argentina"},"content":{"rendered":"<!-- VideographyWP Plugin Message: Automatic video embedding prevented by plugin options. -->\n\n<p>En el marco de la campa\u00f1a que lleva a delante la Secretar\u00eda de Salud de la Municipalidad de San Pedro contra la Fiebre Hemorr\u00e1gica Argentina (FHA), se informa a quienes hayan transitado la enfermedad que se pueden sumar a la campa\u00f1a solidaria de donaci\u00f3n de plasma para el tratamiento de la FHA.<\/p>\n\n\n\n<p>Quienes deseen colaborar pueden comunicarse de lunes a viernes en el horario de 8,30 a 14.30 a los tel\u00e9fonos: 02477-424494 o 429712\/14. Deber\u00e1n tener entre 18 y 65 a\u00f1os.<\/p>\n\n\n\n<p>Se recuerda que est\u00e1n disponibles en los Centros de Salud y Hospitales la vacunas contra la Fiebre Hemorr\u00e1gica Argentina, una enfermedad infecciosa end\u00e9mica en el noroeste de la provincia de Buenos Aires, sur de C\u00f3rdoba, sur de Santa fe y norte de La Pampa.<\/p>\n\n\n\n<p>La produce el virus Jun\u00edn, que tiene su reservorio en roedores silvestres. La vacuna que previene la fiebre hemorr\u00e1gica se aplica a partir de los 15 a\u00f1os en una dosis.<\/p>\n\n\n\n<ul class=\"wp-block-list\"><li>En el Hospital Emilio Ruffa pueden vacunarse de lunes a viernes de 8 a 14 hs.<\/li><li>En los Centros de Salud de lunes a viernes de 8 a 12:30hs.<\/li><li>En el Centro de Salud Intercultural \u00abDalagaic Piogonac\u00bb de 12 a 17hs.<\/li><li>En los hospitales de las localidades de 13 a 17hs.<\/li><li>En el Hospital Privado Sadiv (habilitado como vacunatorio p\u00fablico y sin cargo) de 14 a 17hs.<\/li><\/ul>\n\n\n\n<p>Adem\u00e1s, personal del equipo de vacunaci\u00f3n contin\u00faa las recorridas en escuelas, localidades, campos, empresas y, a trav\u00e9s de diferentes jornadas de salud, aplicando la vacuna Candid1 contra la Fiebre Hemorr\u00e1gica Argentina (FHA) y la vacuna antigripal junto a campa\u00f1as informativas en las escuelas secundarias brindando informaci\u00f3n de FHA, conocida como el \u00abmal de los rastrojos\u00bb y se contin\u00faa trabajando en la recuperaci\u00f3n de esquemas atrasados por el periodo de la Pandemia de Covid-19.<\/p>\n\n\n\n<figure class=\"wp-block-image size-full\"><img decoding=\"async\" width=\"630\" height=\"630\" data-attachment-id=\"108614\" data-permalink=\"https:\/\/eldiariodesanpedro.com.ar\/sitio\/continua-la-campana-contra-la-fiebre-hemorragica-argentina-3\/whatsapp-image-2022-07-04-at-10-23-27-am\/\" data-orig-file=\"https:\/\/eldiariodesanpedro.com.ar\/sitio\/wp-content\/uploads\/2022\/07\/WhatsApp-Image-2022-07-04-at-10.23.27-AM.jpeg\" data-orig-size=\"630,630\" data-comments-opened=\"0\" data-image-meta=\"{&quot;aperture&quot;:&quot;0&quot;,&quot;credit&quot;:&quot;&quot;,&quot;camera&quot;:&quot;&quot;,&quot;caption&quot;:&quot;&quot;,&quot;created_timestamp&quot;:&quot;0&quot;,&quot;copyright&quot;:&quot;&quot;,&quot;focal_length&quot;:&quot;0&quot;,&quot;iso&quot;:&quot;0&quot;,&quot;shutter_speed&quot;:&quot;0&quot;,&quot;title&quot;:&quot;&quot;,&quot;orientation&quot;:&quot;0&quot;}\" data-image-title=\"WhatsApp-Image-2022-07-04-at-10.23.27-AM\" data-image-description=\"\" data-image-caption=\"\" data-large-file=\"https:\/\/eldiariodesanpedro.com.ar\/sitio\/wp-content\/uploads\/2022\/07\/WhatsApp-Image-2022-07-04-at-10.23.27-AM.jpeg\" data-src=\"https:\/\/eldiariodesanpedro.com.ar\/sitio\/wp-content\/uploads\/2022\/07\/WhatsApp-Image-2022-07-04-at-10.23.27-AM.jpeg\" alt=\"\" class=\"wp-image-108614 lazyload\" data-srcset=\"https:\/\/eldiariodesanpedro.com.ar\/sitio\/wp-content\/uploads\/2022\/07\/WhatsApp-Image-2022-07-04-at-10.23.27-AM.jpeg 630w, https:\/\/eldiariodesanpedro.com.ar\/sitio\/wp-content\/uploads\/2022\/07\/WhatsApp-Image-2022-07-04-at-10.23.27-AM-300x300.jpeg 300w, https:\/\/eldiariodesanpedro.com.ar\/sitio\/wp-content\/uploads\/2022\/07\/WhatsApp-Image-2022-07-04-at-10.23.27-AM-150x150.jpeg 150w\" data-sizes=\"(max-width: 630px) 100vw, 630px\" src=\"data:image\/svg+xml;base64,PHN2ZyB3aWR0aD0iMSIgaGVpZ2h0PSIxIiB4bWxucz0iaHR0cDovL3d3dy53My5vcmcvMjAwMC9zdmciPjwvc3ZnPg==\" style=\"--smush-placeholder-width: 630px; --smush-placeholder-aspect-ratio: 630\/630;\" \/><\/figure>\n\n\n\n<figure class=\"wp-block-image size-full\"><img decoding=\"async\" width=\"630\" height=\"630\" data-attachment-id=\"108615\" data-permalink=\"https:\/\/eldiariodesanpedro.com.ar\/sitio\/continua-la-campana-contra-la-fiebre-hemorragica-argentina-3\/whatsapp-image-2022-07-04-at-10-23-26-am\/\" data-orig-file=\"https:\/\/eldiariodesanpedro.com.ar\/sitio\/wp-content\/uploads\/2022\/07\/WhatsApp-Image-2022-07-04-at-10.23.26-AM.jpeg\" data-orig-size=\"630,630\" data-comments-opened=\"0\" data-image-meta=\"{&quot;aperture&quot;:&quot;0&quot;,&quot;credit&quot;:&quot;&quot;,&quot;camera&quot;:&quot;&quot;,&quot;caption&quot;:&quot;&quot;,&quot;created_timestamp&quot;:&quot;0&quot;,&quot;copyright&quot;:&quot;&quot;,&quot;focal_length&quot;:&quot;0&quot;,&quot;iso&quot;:&quot;0&quot;,&quot;shutter_speed&quot;:&quot;0&quot;,&quot;title&quot;:&quot;&quot;,&quot;orientation&quot;:&quot;0&quot;}\" data-image-title=\"WhatsApp-Image-2022-07-04-at-10.23.26-AM\" data-image-description=\"\" data-image-caption=\"\" data-large-file=\"https:\/\/eldiariodesanpedro.com.ar\/sitio\/wp-content\/uploads\/2022\/07\/WhatsApp-Image-2022-07-04-at-10.23.26-AM.jpeg\" data-src=\"https:\/\/eldiariodesanpedro.com.ar\/sitio\/wp-content\/uploads\/2022\/07\/WhatsApp-Image-2022-07-04-at-10.23.26-AM.jpeg\" alt=\"\" class=\"wp-image-108615 lazyload\" data-srcset=\"https:\/\/eldiariodesanpedro.com.ar\/sitio\/wp-content\/uploads\/2022\/07\/WhatsApp-Image-2022-07-04-at-10.23.26-AM.jpeg 630w, https:\/\/eldiariodesanpedro.com.ar\/sitio\/wp-content\/uploads\/2022\/07\/WhatsApp-Image-2022-07-04-at-10.23.26-AM-300x300.jpeg 300w, https:\/\/eldiariodesanpedro.com.ar\/sitio\/wp-content\/uploads\/2022\/07\/WhatsApp-Image-2022-07-04-at-10.23.26-AM-150x150.jpeg 150w\" data-sizes=\"(max-width: 630px) 100vw, 630px\" src=\"data:image\/svg+xml;base64,PHN2ZyB3aWR0aD0iMSIgaGVpZ2h0PSIxIiB4bWxucz0iaHR0cDovL3d3dy53My5vcmcvMjAwMC9zdmciPjwvc3ZnPg==\" style=\"--smush-placeholder-width: 630px; --smush-placeholder-aspect-ratio: 630\/630;\" \/><\/figure>\n","protected":false},"excerpt":{"rendered":"<p>En el marco de la campa\u00f1a que lleva a delante la Secretar\u00eda de Salud de la Municipalidad de San Pedro contra la Fiebre Hemorr\u00e1gica Argentina (FHA), se informa a quienes hayan transitado la enfermedad que se pueden sumar a la campa\u00f1a solidaria de donaci\u00f3n de plasma para el tratamiento de la FHA. Quienes deseen colaborar [&hellip;]<\/p>\n","protected":false},"author":4,"featured_media":108613,"comment_status":"closed","ping_status":"closed","sticky":false,"template":"","format":"standard","meta":{"om_disable_all_campaigns":false,"_jetpack_memberships_contains_paid_content":false,"footnotes":""},"categories":[50,101,2],"tags":[],"class_list":["post-108612","post","type-post","status-publish","format-standard","has-post-thumbnail","hentry","category-destacadas","category-interes-general-locales","category-locales"],"aioseo_notices":[],"gutentor_comment":0,"jetpack_featured_media_url":"https:\/\/eldiariodesanpedro.com.ar\/sitio\/wp-content\/uploads\/2022\/07\/20170330185907_27947681_0_body.jpg","jetpack_shortlink":"https:\/\/wp.me\/p6RhLt-sfO","jetpack_sharing_enabled":true,"_links":{"self":[{"href":"https:\/\/eldiariodesanpedro.com.ar\/sitio\/wp-json\/wp\/v2\/posts\/108612","targetHints":{"allow":["GET"]}}],"collection":[{"href":"https:\/\/eldiariodesanpedro.com.ar\/sitio\/wp-json\/wp\/v2\/posts"}],"about":[{"href":"https:\/\/eldiariodesanpedro.com.ar\/sitio\/wp-json\/wp\/v2\/types\/post"}],"author":[{"embeddable":true,"href":"https:\/\/eldiariodesanpedro.com.ar\/sitio\/wp-json\/wp\/v2\/users\/4"}],"replies":[{"embeddable":true,"href":"https:\/\/eldiariodesanpedro.com.ar\/sitio\/wp-json\/wp\/v2\/comments?post=108612"}],"version-history":[{"count":1,"href":"https:\/\/eldiariodesanpedro.com.ar\/sitio\/wp-json\/wp\/v2\/posts\/108612\/revisions"}],"predecessor-version":[{"id":108616,"href":"https:\/\/eldiariodesanpedro.com.ar\/sitio\/wp-json\/wp\/v2\/posts\/108612\/revisions\/108616"}],"wp:featuredmedia":[{"embeddable":true,"href":"https:\/\/eldiariodesanpedro.com.ar\/sitio\/wp-json\/wp\/v2\/media\/108613"}],"wp:attachment":[{"href":"https:\/\/eldiariodesanpedro.com.ar\/sitio\/wp-json\/wp\/v2\/media?parent=108612"}],"wp:term":[{"taxonomy":"category","embeddable":true,"href":"https:\/\/eldiariodesanpedro.com.ar\/sitio\/wp-json\/wp\/v2\/categories?post=108612"},{"taxonomy":"post_tag","embeddable":true,"href":"https:\/\/eldiariodesanpedro.com.ar\/sitio\/wp-json\/wp\/v2\/tags?post=108612"}],"curies":[{"name":"wp","href":"https:\/\/api.w.org\/{rel}","templated":true}]}}