{"id":108607,"date":"2022-07-04T10:17:27","date_gmt":"2022-07-04T13:17:27","guid":{"rendered":"https:\/\/eldiariodesanpedro.com.ar\/sitio\/?p=108607"},"modified":"2022-07-04T10:17:27","modified_gmt":"2022-07-04T13:17:27","slug":"un-gendarme-herido-en-un-grave-accidente-de-transito-sobre-la-ruta-9","status":"publish","type":"post","link":"https:\/\/eldiariodesanpedro.com.ar\/sitio\/un-gendarme-herido-en-un-grave-accidente-de-transito-sobre-la-ruta-9\/","title":{"rendered":"Un gendarme herido en un grave accidente de tr\u00e1nsito sobre la ruta 9"},"content":{"rendered":"<!-- VideographyWP Plugin Message: Automatic video embedding prevented by plugin options. -->\n\n<p>Sucedi\u00f3 en las primeras horas del lunes cuando un auto impacto desde atr\u00e1s a un cami\u00f3n. El conductor result\u00f3 gravemente herido y fue trasladado a la guardia del hospital de San Pedro.<\/p>\n\n\n\n<p>Un violento accidente de tr\u00e1nsito se origin\u00f3 en la ma\u00f1ana del lunes cuando un veh\u00edculo impacto contra otro en el kil\u00f3metro 163 de la ruta nacional n\u00famero 9 a la altura de la ciudad de San Pedro en el carril Buenos Aires Rosario.<\/p>\n\n\n\n<p>Un auto Volkswagen gol color blanco que era guiado por Leonardo Britos Paz de 32 a\u00f1os impacto la parte trasera de un cami\u00f3n Mercedes Benz 1620 que era conducido por el chofer Ram\u00f3n Pardo oriundo de San Pedro.<\/p>\n\n\n\n<p>Como consecuencia de la fuerte colisi\u00f3n el conductor del auto debi\u00f3 ser rescatado por el personal de bomberos voluntarios de San Pedro y servicio de emergencia Sam&#8217;s de la localidad de R\u00edo Tala y fue trasladado al hospital Emilio Ruffa de San Pedro en grave estado.<\/p>\n\n\n\n<p>Mientras tanto el tr\u00e1nsito en el lugar es asistido pero no fue interrumpido.<\/p>\n\n\n\n<figure class=\"wp-block-image size-full\"><img decoding=\"async\" width=\"473\" height=\"630\" data-attachment-id=\"108610\" data-permalink=\"https:\/\/eldiariodesanpedro.com.ar\/sitio\/un-gendarme-herido-en-un-grave-accidente-de-transito-sobre-la-ruta-9\/whatsapp-image-2022-07-04-at-8-40-48-am\/\" data-orig-file=\"https:\/\/eldiariodesanpedro.com.ar\/sitio\/wp-content\/uploads\/2022\/07\/WhatsApp-Image-2022-07-04-at-8.40.48-AM.jpeg\" data-orig-size=\"473,630\" data-comments-opened=\"0\" data-image-meta=\"{&quot;aperture&quot;:&quot;0&quot;,&quot;credit&quot;:&quot;&quot;,&quot;camera&quot;:&quot;&quot;,&quot;caption&quot;:&quot;&quot;,&quot;created_timestamp&quot;:&quot;0&quot;,&quot;copyright&quot;:&quot;&quot;,&quot;focal_length&quot;:&quot;0&quot;,&quot;iso&quot;:&quot;0&quot;,&quot;shutter_speed&quot;:&quot;0&quot;,&quot;title&quot;:&quot;&quot;,&quot;orientation&quot;:&quot;0&quot;}\" data-image-title=\"WhatsApp Image 2022-07-04 at 8.40.48 AM\" data-image-description=\"\" data-image-caption=\"\" data-large-file=\"https:\/\/eldiariodesanpedro.com.ar\/sitio\/wp-content\/uploads\/2022\/07\/WhatsApp-Image-2022-07-04-at-8.40.48-AM.jpeg\" data-src=\"https:\/\/eldiariodesanpedro.com.ar\/sitio\/wp-content\/uploads\/2022\/07\/WhatsApp-Image-2022-07-04-at-8.40.48-AM.jpeg\" alt=\"\" class=\"wp-image-108610 lazyload\" data-srcset=\"https:\/\/eldiariodesanpedro.com.ar\/sitio\/wp-content\/uploads\/2022\/07\/WhatsApp-Image-2022-07-04-at-8.40.48-AM.jpeg 473w, https:\/\/eldiariodesanpedro.com.ar\/sitio\/wp-content\/uploads\/2022\/07\/WhatsApp-Image-2022-07-04-at-8.40.48-AM-225x300.jpeg 225w\" data-sizes=\"(max-width: 473px) 100vw, 473px\" src=\"data:image\/svg+xml;base64,PHN2ZyB3aWR0aD0iMSIgaGVpZ2h0PSIxIiB4bWxucz0iaHR0cDovL3d3dy53My5vcmcvMjAwMC9zdmciPjwvc3ZnPg==\" style=\"--smush-placeholder-width: 473px; --smush-placeholder-aspect-ratio: 473\/630;\" \/><\/figure>\n","protected":false},"excerpt":{"rendered":"<p>Sucedi\u00f3 en las primeras horas del lunes cuando un auto impacto desde atr\u00e1s a un cami\u00f3n. El conductor result\u00f3 gravemente herido y fue trasladado a la guardia del hospital de San Pedro. Un violento accidente de tr\u00e1nsito se origin\u00f3 en la ma\u00f1ana del lunes cuando un veh\u00edculo impacto contra otro en el kil\u00f3metro 163 de [&hellip;]<\/p>\n","protected":false},"author":4,"featured_media":108608,"comment_status":"closed","ping_status":"closed","sticky":false,"template":"","format":"standard","meta":{"om_disable_all_campaigns":false,"_jetpack_memberships_contains_paid_content":false,"footnotes":""},"categories":[50,2,103],"tags":[197,33,95,19],"class_list":["post-108607","post","type-post","status-publish","format-standard","has-post-thumbnail","hentry","category-destacadas","category-locales","category-policiales-locales","tag-buenos-aires","tag-locales","tag-policiales","tag-san-pedro"],"aioseo_notices":[],"gutentor_comment":0,"jetpack_featured_media_url":"https:\/\/eldiariodesanpedro.com.ar\/sitio\/wp-content\/uploads\/2022\/07\/medida-1.png","jetpack_shortlink":"https:\/\/wp.me\/p6RhLt-sfJ","jetpack_sharing_enabled":true,"_links":{"self":[{"href":"https:\/\/eldiariodesanpedro.com.ar\/sitio\/wp-json\/wp\/v2\/posts\/108607","targetHints":{"allow":["GET"]}}],"collection":[{"href":"https:\/\/eldiariodesanpedro.com.ar\/sitio\/wp-json\/wp\/v2\/posts"}],"about":[{"href":"https:\/\/eldiariodesanpedro.com.ar\/sitio\/wp-json\/wp\/v2\/types\/post"}],"author":[{"embeddable":true,"href":"https:\/\/eldiariodesanpedro.com.ar\/sitio\/wp-json\/wp\/v2\/users\/4"}],"replies":[{"embeddable":true,"href":"https:\/\/eldiariodesanpedro.com.ar\/sitio\/wp-json\/wp\/v2\/comments?post=108607"}],"version-history":[{"count":1,"href":"https:\/\/eldiariodesanpedro.com.ar\/sitio\/wp-json\/wp\/v2\/posts\/108607\/revisions"}],"predecessor-version":[{"id":108611,"href":"https:\/\/eldiariodesanpedro.com.ar\/sitio\/wp-json\/wp\/v2\/posts\/108607\/revisions\/108611"}],"wp:featuredmedia":[{"embeddable":true,"href":"https:\/\/eldiariodesanpedro.com.ar\/sitio\/wp-json\/wp\/v2\/media\/108608"}],"wp:attachment":[{"href":"https:\/\/eldiariodesanpedro.com.ar\/sitio\/wp-json\/wp\/v2\/media?parent=108607"}],"wp:term":[{"taxonomy":"category","embeddable":true,"href":"https:\/\/eldiariodesanpedro.com.ar\/sitio\/wp-json\/wp\/v2\/categories?post=108607"},{"taxonomy":"post_tag","embeddable":true,"href":"https:\/\/eldiariodesanpedro.com.ar\/sitio\/wp-json\/wp\/v2\/tags?post=108607"}],"curies":[{"name":"wp","href":"https:\/\/api.w.org\/{rel}","templated":true}]}}