{"id":108589,"date":"2022-07-04T09:46:57","date_gmt":"2022-07-04T12:46:57","guid":{"rendered":"https:\/\/eldiariodesanpedro.com.ar\/sitio\/?p=108589"},"modified":"2022-07-04T09:46:58","modified_gmt":"2022-07-04T12:46:58","slug":"el-grupo-conservacionista-recupero-una-patente-que-pertenecio-al-hcd-en-el-siglo-pasado","status":"publish","type":"post","link":"https:\/\/eldiariodesanpedro.com.ar\/sitio\/el-grupo-conservacionista-recupero-una-patente-que-pertenecio-al-hcd-en-el-siglo-pasado\/","title":{"rendered":"El Grupo Conservacionista recuper\u00f3 una patente que perteneci\u00f3 al HCD en el siglo pasado"},"content":{"rendered":"<!-- VideographyWP Plugin Message: Automatic video embedding prevented by plugin options. -->\n\n<p>La chapa, de forma ovalada, tiene un espesor de 6 mil\u00edmetros, una altura de 15,5 cent\u00edmetros y un ancho de 30,5 cent\u00edmetros. Est\u00e1 construida en bronce macizo y posee letras en relieve, bien marcadas.<\/p>\n\n\n\n<p>Una chapa patente de las utilizadas en los veh\u00edculos afectados al Honorable Concejo Deliberante de San Pedro, en las primeras d\u00e9cadas de 1900, fue recuperada por el Grupo Conservacionista.<\/p>\n\n\n\n<p>Jos\u00e9 Luis Aguilar, integrante del equipo del Museo Paleontol\u00f3gico de San Pedro fue quien observ\u00f3 la hist\u00f3rica pieza en la colecci\u00f3n de un anticuario de la zona y enseguida se realizaron gestiones para que el objeto pudiera quedar en el museo.<\/p>\n\n\n\n<p>La chapa, de forma ovalada, tiene un espesor de 6 mil\u00edmetros, una altura de 15,5 cent\u00edmetros y un ancho de 30,5 cent\u00edmetros.<\/p>\n\n\n\n<p>Est\u00e1 construida en bronce macizo y posee letras en relieve, bien marcadas.<\/p>\n\n\n\n<p>En la parte superior se lee la palabra \u00abOFICIAL\u00bb. En el centro se ve el n\u00famero \u00ab2\u00bb, que era el n\u00famero asignado al veh\u00edculo, y debajo dice \u00abSAN PEDRO\u00bb, identificando la ciudad a la que pertenec\u00eda.<\/p>\n\n\n\n<p>Se desconoce c\u00f3mo y en qu\u00e9 \u00e9poca esta patente sali\u00f3 del \u00e1mbito municipal y pas\u00f3 por diferentes manos hasta llegar a la colecci\u00f3n del anticuario que la ten\u00eda desde hac\u00eda varios a\u00f1os.<\/p>\n\n\n\n<p>Estas chapas de bronce eran de uso habitual en los autos oficiales de principios del siglo XX, en diferentes zonas y numerosos municipios de nuestro pa\u00eds.<\/p>\n\n\n\n<p>La placa recuperada ya est\u00e1 en exhibici\u00f3n en la Sala de Audiovisuales e Historia Reciente del Museo Paleontol\u00f3gico.<\/p>\n\n\n\n<figure class=\"wp-block-image size-full\"><img decoding=\"async\" width=\"563\" height=\"630\" data-attachment-id=\"108591\" data-permalink=\"https:\/\/eldiariodesanpedro.com.ar\/sitio\/el-grupo-conservacionista-recupero-una-patente-que-pertenecio-al-hcd-en-el-siglo-pasado\/img_20220702_145539519_3\/\" data-orig-file=\"https:\/\/eldiariodesanpedro.com.ar\/sitio\/wp-content\/uploads\/2022\/07\/IMG_20220702_145539519_3.jpg\" data-orig-size=\"563,630\" data-comments-opened=\"0\" data-image-meta=\"{&quot;aperture&quot;:&quot;1.7&quot;,&quot;credit&quot;:&quot;&quot;,&quot;camera&quot;:&quot;moto g(8)&quot;,&quot;caption&quot;:&quot;&quot;,&quot;created_timestamp&quot;:&quot;1656773739&quot;,&quot;copyright&quot;:&quot;&quot;,&quot;focal_length&quot;:&quot;4.05&quot;,&quot;iso&quot;:&quot;1476&quot;,&quot;shutter_speed&quot;:&quot;0.071428571428571&quot;,&quot;title&quot;:&quot;&quot;,&quot;orientation&quot;:&quot;1&quot;}\" data-image-title=\"IMG_20220702_145539519_3\" data-image-description=\"\" data-image-caption=\"\" data-large-file=\"https:\/\/eldiariodesanpedro.com.ar\/sitio\/wp-content\/uploads\/2022\/07\/IMG_20220702_145539519_3.jpg\" data-src=\"https:\/\/eldiariodesanpedro.com.ar\/sitio\/wp-content\/uploads\/2022\/07\/IMG_20220702_145539519_3.jpg\" alt=\"\" class=\"wp-image-108591 lazyload\" data-srcset=\"https:\/\/eldiariodesanpedro.com.ar\/sitio\/wp-content\/uploads\/2022\/07\/IMG_20220702_145539519_3.jpg 563w, https:\/\/eldiariodesanpedro.com.ar\/sitio\/wp-content\/uploads\/2022\/07\/IMG_20220702_145539519_3-268x300.jpg 268w\" data-sizes=\"(max-width: 563px) 100vw, 563px\" src=\"data:image\/svg+xml;base64,PHN2ZyB3aWR0aD0iMSIgaGVpZ2h0PSIxIiB4bWxucz0iaHR0cDovL3d3dy53My5vcmcvMjAwMC9zdmciPjwvc3ZnPg==\" style=\"--smush-placeholder-width: 563px; --smush-placeholder-aspect-ratio: 563\/630;\" \/><\/figure>\n","protected":false},"excerpt":{"rendered":"<p>La chapa, de forma ovalada, tiene un espesor de 6 mil\u00edmetros, una altura de 15,5 cent\u00edmetros y un ancho de 30,5 cent\u00edmetros. Est\u00e1 construida en bronce macizo y posee letras en relieve, bien marcadas. Una chapa patente de las utilizadas en los veh\u00edculos afectados al Honorable Concejo Deliberante de San Pedro, en las primeras d\u00e9cadas [&hellip;]<\/p>\n","protected":false},"author":4,"featured_media":108590,"comment_status":"closed","ping_status":"closed","sticky":false,"template":"","format":"standard","meta":{"om_disable_all_campaigns":false,"_jetpack_memberships_contains_paid_content":false,"footnotes":""},"categories":[101,2],"tags":[197,696,33,19],"class_list":["post-108589","post","type-post","status-publish","format-standard","has-post-thumbnail","hentry","category-interes-general-locales","category-locales","tag-buenos-aires","tag-interes-general","tag-locales","tag-san-pedro"],"aioseo_notices":[],"gutentor_comment":0,"jetpack_featured_media_url":"https:\/\/eldiariodesanpedro.com.ar\/sitio\/wp-content\/uploads\/2022\/07\/IMG_20211005_144052385.jpg","jetpack_shortlink":"https:\/\/wp.me\/p6RhLt-sfr","jetpack_sharing_enabled":true,"_links":{"self":[{"href":"https:\/\/eldiariodesanpedro.com.ar\/sitio\/wp-json\/wp\/v2\/posts\/108589","targetHints":{"allow":["GET"]}}],"collection":[{"href":"https:\/\/eldiariodesanpedro.com.ar\/sitio\/wp-json\/wp\/v2\/posts"}],"about":[{"href":"https:\/\/eldiariodesanpedro.com.ar\/sitio\/wp-json\/wp\/v2\/types\/post"}],"author":[{"embeddable":true,"href":"https:\/\/eldiariodesanpedro.com.ar\/sitio\/wp-json\/wp\/v2\/users\/4"}],"replies":[{"embeddable":true,"href":"https:\/\/eldiariodesanpedro.com.ar\/sitio\/wp-json\/wp\/v2\/comments?post=108589"}],"version-history":[{"count":1,"href":"https:\/\/eldiariodesanpedro.com.ar\/sitio\/wp-json\/wp\/v2\/posts\/108589\/revisions"}],"predecessor-version":[{"id":108592,"href":"https:\/\/eldiariodesanpedro.com.ar\/sitio\/wp-json\/wp\/v2\/posts\/108589\/revisions\/108592"}],"wp:featuredmedia":[{"embeddable":true,"href":"https:\/\/eldiariodesanpedro.com.ar\/sitio\/wp-json\/wp\/v2\/media\/108590"}],"wp:attachment":[{"href":"https:\/\/eldiariodesanpedro.com.ar\/sitio\/wp-json\/wp\/v2\/media?parent=108589"}],"wp:term":[{"taxonomy":"category","embeddable":true,"href":"https:\/\/eldiariodesanpedro.com.ar\/sitio\/wp-json\/wp\/v2\/categories?post=108589"},{"taxonomy":"post_tag","embeddable":true,"href":"https:\/\/eldiariodesanpedro.com.ar\/sitio\/wp-json\/wp\/v2\/tags?post=108589"}],"curies":[{"name":"wp","href":"https:\/\/api.w.org\/{rel}","templated":true}]}}