{"id":108583,"date":"2022-07-01T18:32:16","date_gmt":"2022-07-01T21:32:16","guid":{"rendered":"https:\/\/eldiariodesanpedro.com.ar\/sitio\/?p=108583"},"modified":"2022-07-01T21:02:41","modified_gmt":"2022-07-02T00:02:41","slug":"la-policia-en-rapido-accionar-aprehende-a-un-delincuente-que-robo-un-stereo","status":"publish","type":"post","link":"https:\/\/eldiariodesanpedro.com.ar\/sitio\/la-policia-en-rapido-accionar-aprehende-a-un-delincuente-que-robo-un-stereo\/","title":{"rendered":"La polic\u00eda en r\u00e1pido accionar aprehende a un delincuente que robo un est\u00e9reo"},"content":{"rendered":"<!-- VideographyWP Plugin Message: Automatic video embedding prevented by plugin options. -->\n\n<p>Este viernes en las primeras horas del d\u00eda la polic\u00eda en un r\u00e1pido accionar logr\u00f3 recuperar un est\u00e9reo de auto y aprehender a un delincuente mientras emprend\u00eda la huida tras realizar el robo.<\/p>\n\n\n\n<p>El hecho tuvo lugar en las inmediaciones de calle Ansaloni y Casella pasadas las 6:30 hs de hoy, la polic\u00eda de nuestra ciudad en r\u00e1pido accionar logr\u00f3 aprehender a un sujeto de 27 a\u00f1os de edad con frondosos antecedentes delictivos que momentos antes hab\u00eda robado un est\u00e9reo de un autom\u00f3vil renault 21 estacionado en calle Petrona Simonino al 300 propiedad de un ciudadano de 57 a\u00f1os de edad.<\/p>\n\n\n\n<p>El robo es caratulado como intento de hurto por lo que el delincuente recuper\u00f3 la libertad instant\u00e1neamente.<\/p>\n\n\n\n<figure class=\"wp-block-image size-full\"><img decoding=\"async\" width=\"674\" height=\"630\" data-attachment-id=\"108584\" data-permalink=\"https:\/\/eldiariodesanpedro.com.ar\/sitio\/la-policia-en-rapido-accionar-aprehende-a-un-delincuente-que-robo-un-stereo\/whatsapp-image-2022-07-01-at-10-14-39-am-1\/\" data-orig-file=\"https:\/\/eldiariodesanpedro.com.ar\/sitio\/wp-content\/uploads\/2022\/07\/WhatsApp-Image-2022-07-01-at-10.14.39-AM-1.jpeg\" data-orig-size=\"674,630\" data-comments-opened=\"0\" data-image-meta=\"{&quot;aperture&quot;:&quot;0&quot;,&quot;credit&quot;:&quot;&quot;,&quot;camera&quot;:&quot;&quot;,&quot;caption&quot;:&quot;&quot;,&quot;created_timestamp&quot;:&quot;0&quot;,&quot;copyright&quot;:&quot;&quot;,&quot;focal_length&quot;:&quot;0&quot;,&quot;iso&quot;:&quot;0&quot;,&quot;shutter_speed&quot;:&quot;0&quot;,&quot;title&quot;:&quot;&quot;,&quot;orientation&quot;:&quot;0&quot;}\" data-image-title=\"WhatsApp Image 2022-07-01 at 10.14.39 AM (1)\" data-image-description=\"\" data-image-caption=\"\" data-large-file=\"https:\/\/eldiariodesanpedro.com.ar\/sitio\/wp-content\/uploads\/2022\/07\/WhatsApp-Image-2022-07-01-at-10.14.39-AM-1.jpeg\" data-src=\"https:\/\/eldiariodesanpedro.com.ar\/sitio\/wp-content\/uploads\/2022\/07\/WhatsApp-Image-2022-07-01-at-10.14.39-AM-1.jpeg\" alt=\"\" class=\"wp-image-108584 lazyload\" data-srcset=\"https:\/\/eldiariodesanpedro.com.ar\/sitio\/wp-content\/uploads\/2022\/07\/WhatsApp-Image-2022-07-01-at-10.14.39-AM-1.jpeg 674w, https:\/\/eldiariodesanpedro.com.ar\/sitio\/wp-content\/uploads\/2022\/07\/WhatsApp-Image-2022-07-01-at-10.14.39-AM-1-300x280.jpeg 300w\" data-sizes=\"(max-width: 674px) 100vw, 674px\" src=\"data:image\/svg+xml;base64,PHN2ZyB3aWR0aD0iMSIgaGVpZ2h0PSIxIiB4bWxucz0iaHR0cDovL3d3dy53My5vcmcvMjAwMC9zdmciPjwvc3ZnPg==\" style=\"--smush-placeholder-width: 674px; --smush-placeholder-aspect-ratio: 674\/630;\" \/><\/figure>\n","protected":false},"excerpt":{"rendered":"<p>Este viernes en las primeras horas del d\u00eda la polic\u00eda en un r\u00e1pido accionar logr\u00f3 recuperar un est\u00e9reo de auto y aprehender a un delincuente mientras emprend\u00eda la huida tras realizar el robo. El hecho tuvo lugar en las inmediaciones de calle Ansaloni y Casella pasadas las 6:30 hs de hoy, la polic\u00eda de nuestra [&hellip;]<\/p>\n","protected":false},"author":4,"featured_media":108585,"comment_status":"closed","ping_status":"closed","sticky":false,"template":"","format":"standard","meta":{"om_disable_all_campaigns":false,"_jetpack_memberships_contains_paid_content":false,"footnotes":""},"categories":[2,103],"tags":[197,33,95,19],"class_list":["post-108583","post","type-post","status-publish","format-standard","has-post-thumbnail","hentry","category-locales","category-policiales-locales","tag-buenos-aires","tag-locales","tag-policiales","tag-san-pedro"],"aioseo_notices":[],"gutentor_comment":0,"jetpack_featured_media_url":"https:\/\/eldiariodesanpedro.com.ar\/sitio\/wp-content\/uploads\/2022\/07\/WhatsApp-Image-2022-07-01-at-10.14.39-AM.jpeg","jetpack_shortlink":"https:\/\/wp.me\/p6RhLt-sfl","jetpack_sharing_enabled":true,"_links":{"self":[{"href":"https:\/\/eldiariodesanpedro.com.ar\/sitio\/wp-json\/wp\/v2\/posts\/108583","targetHints":{"allow":["GET"]}}],"collection":[{"href":"https:\/\/eldiariodesanpedro.com.ar\/sitio\/wp-json\/wp\/v2\/posts"}],"about":[{"href":"https:\/\/eldiariodesanpedro.com.ar\/sitio\/wp-json\/wp\/v2\/types\/post"}],"author":[{"embeddable":true,"href":"https:\/\/eldiariodesanpedro.com.ar\/sitio\/wp-json\/wp\/v2\/users\/4"}],"replies":[{"embeddable":true,"href":"https:\/\/eldiariodesanpedro.com.ar\/sitio\/wp-json\/wp\/v2\/comments?post=108583"}],"version-history":[{"count":3,"href":"https:\/\/eldiariodesanpedro.com.ar\/sitio\/wp-json\/wp\/v2\/posts\/108583\/revisions"}],"predecessor-version":[{"id":108588,"href":"https:\/\/eldiariodesanpedro.com.ar\/sitio\/wp-json\/wp\/v2\/posts\/108583\/revisions\/108588"}],"wp:featuredmedia":[{"embeddable":true,"href":"https:\/\/eldiariodesanpedro.com.ar\/sitio\/wp-json\/wp\/v2\/media\/108585"}],"wp:attachment":[{"href":"https:\/\/eldiariodesanpedro.com.ar\/sitio\/wp-json\/wp\/v2\/media?parent=108583"}],"wp:term":[{"taxonomy":"category","embeddable":true,"href":"https:\/\/eldiariodesanpedro.com.ar\/sitio\/wp-json\/wp\/v2\/categories?post=108583"},{"taxonomy":"post_tag","embeddable":true,"href":"https:\/\/eldiariodesanpedro.com.ar\/sitio\/wp-json\/wp\/v2\/tags?post=108583"}],"curies":[{"name":"wp","href":"https:\/\/api.w.org\/{rel}","templated":true}]}}