{"id":108581,"date":"2022-07-01T18:07:31","date_gmt":"2022-07-01T21:07:31","guid":{"rendered":"https:\/\/eldiariodesanpedro.com.ar\/sitio\/?p=108581"},"modified":"2022-07-01T18:07:32","modified_gmt":"2022-07-01T21:07:32","slug":"un-ciudadano-intento-realizar-un-robo-en-un-supermercado-de-calle-sarmiento","status":"publish","type":"post","link":"https:\/\/eldiariodesanpedro.com.ar\/sitio\/un-ciudadano-intento-realizar-un-robo-en-un-supermercado-de-calle-sarmiento\/","title":{"rendered":"Un ciudadano intent\u00f3 realizar un robo en un supermercado de calle Sarmiento"},"content":{"rendered":"<!-- VideographyWP Plugin Message: Automatic video embedding prevented by plugin options. -->\n\n<p>En la jornada de ayer la polic\u00eda se tuvo que hacer presente en un supermercado tras que un joven realiz\u00f3 el robo de diferentes mercader\u00edas.<\/p>\n\n\n\n<p>El hecho tuvo lugar en el Supermercado Sarmiento ubicado en calle Sarmiento entre Honorio Puyerredon y Av. 3 de febrero en horas de la noche donde un ciudadano de 23 a\u00f1os de edad fue captado por c\u00e1maras de seguridad cuando intent\u00f3 sustraer mercader\u00eda desde el comercio, siendo interceptado por los efectivos policiales cuando se retiraba del lugar sin consumar el hecho.<\/p>\n\n\n\n<p>El propietario de origen oriental decidi\u00f3 no realizar la denuncia correspondiente, el joven fue informado del hecho y puesto en libertad.<\/p>\n","protected":false},"excerpt":{"rendered":"<p>En la jornada de ayer la polic\u00eda se tuvo que hacer presente en un supermercado tras que un joven realiz\u00f3 el robo de diferentes mercader\u00edas. El hecho tuvo lugar en el Supermercado Sarmiento ubicado en calle Sarmiento entre Honorio Puyerredon y Av. 3 de febrero en horas de la noche donde un ciudadano de 23 [&hellip;]<\/p>\n","protected":false},"author":4,"featured_media":77860,"comment_status":"closed","ping_status":"closed","sticky":false,"template":"","format":"standard","meta":{"om_disable_all_campaigns":false,"_jetpack_memberships_contains_paid_content":false,"footnotes":""},"categories":[2,103],"tags":[197,33,95,19],"class_list":["post-108581","post","type-post","status-publish","format-standard","has-post-thumbnail","hentry","category-locales","category-policiales-locales","tag-buenos-aires","tag-locales","tag-policiales","tag-san-pedro"],"aioseo_notices":[],"gutentor_comment":0,"jetpack_featured_media_url":"https:\/\/eldiariodesanpedro.com.ar\/sitio\/wp-content\/uploads\/2020\/07\/000085506.jpg","jetpack_shortlink":"https:\/\/wp.me\/p6RhLt-sfj","jetpack_sharing_enabled":true,"_links":{"self":[{"href":"https:\/\/eldiariodesanpedro.com.ar\/sitio\/wp-json\/wp\/v2\/posts\/108581","targetHints":{"allow":["GET"]}}],"collection":[{"href":"https:\/\/eldiariodesanpedro.com.ar\/sitio\/wp-json\/wp\/v2\/posts"}],"about":[{"href":"https:\/\/eldiariodesanpedro.com.ar\/sitio\/wp-json\/wp\/v2\/types\/post"}],"author":[{"embeddable":true,"href":"https:\/\/eldiariodesanpedro.com.ar\/sitio\/wp-json\/wp\/v2\/users\/4"}],"replies":[{"embeddable":true,"href":"https:\/\/eldiariodesanpedro.com.ar\/sitio\/wp-json\/wp\/v2\/comments?post=108581"}],"version-history":[{"count":1,"href":"https:\/\/eldiariodesanpedro.com.ar\/sitio\/wp-json\/wp\/v2\/posts\/108581\/revisions"}],"predecessor-version":[{"id":108582,"href":"https:\/\/eldiariodesanpedro.com.ar\/sitio\/wp-json\/wp\/v2\/posts\/108581\/revisions\/108582"}],"wp:featuredmedia":[{"embeddable":true,"href":"https:\/\/eldiariodesanpedro.com.ar\/sitio\/wp-json\/wp\/v2\/media\/77860"}],"wp:attachment":[{"href":"https:\/\/eldiariodesanpedro.com.ar\/sitio\/wp-json\/wp\/v2\/media?parent=108581"}],"wp:term":[{"taxonomy":"category","embeddable":true,"href":"https:\/\/eldiariodesanpedro.com.ar\/sitio\/wp-json\/wp\/v2\/categories?post=108581"},{"taxonomy":"post_tag","embeddable":true,"href":"https:\/\/eldiariodesanpedro.com.ar\/sitio\/wp-json\/wp\/v2\/tags?post=108581"}],"curies":[{"name":"wp","href":"https:\/\/api.w.org\/{rel}","templated":true}]}}