{"id":108576,"date":"2022-07-01T17:33:38","date_gmt":"2022-07-01T20:33:38","guid":{"rendered":"https:\/\/eldiariodesanpedro.com.ar\/sitio\/?p=108576"},"modified":"2022-07-01T17:33:38","modified_gmt":"2022-07-01T20:33:38","slug":"una-persona-aprehendida-por-el-personal-de-la-ddi-con-una-pistola-9-mm-y-un-handy","status":"publish","type":"post","link":"https:\/\/eldiariodesanpedro.com.ar\/sitio\/una-persona-aprehendida-por-el-personal-de-la-ddi-con-una-pistola-9-mm-y-un-handy\/","title":{"rendered":"Una persona aprehendida por el personal de la DDI con una pistola 9 mm y un handy"},"content":{"rendered":"<!-- VideographyWP Plugin Message: Automatic video embedding prevented by plugin options. -->\n\n<p>Ayer en horas de la tarde el personal de la Direcci\u00f3n de Drogas Il\u00edcitas de nuestra ciudad llev\u00f3 a cabo la aprehensi\u00f3n de un ciudadano que circulaba en un autom\u00f3vil que carec\u00eda de documentaci\u00f3n, adem\u00e1s de secuestrar un arma de fuego y un handy con la frecuencia policial.<\/p>\n\n\n\n<p>El procedimiento tuvo lugar este jueves en la esquina de Av. 3 de febrero y Humanes alrededor de las 15:30 hs donde los efectivos interceptaron un autom\u00f3vil conducido por un ciudadano de 53 a\u00f1os de edad.&nbsp;<\/p>\n\n\n\n<p>Tras la aprehensi\u00f3n de esta persona se requis\u00f3 el veh\u00edculo logrando secuestrar un arma de fuego 9 mm similar a las que usan las fuerzas de seguridad con ochos cartuchos intactos, adem\u00e1s de un handy con la frecuencia policial..<\/p>\n\n\n\n<p>Tambi\u00e9n tom\u00f3 intervenci\u00f3n la Direcci\u00f3n de Tr\u00e1nsito para el secuestro del rodado ya que el mismo carec\u00eda de documentaci\u00f3n habilitante para circular.<\/p>\n\n\n\n<p>El sujeto fue trasladado a la comisar\u00eda local y el veh\u00edculo fue secuestrado por orden del Juzgado de Faltas local siendo trasladado al dep\u00f3sito municipal.<\/p>\n\n\n\n<figure class=\"wp-block-image size-full\"><img decoding=\"async\" width=\"674\" height=\"630\" data-attachment-id=\"108578\" data-permalink=\"https:\/\/eldiariodesanpedro.com.ar\/sitio\/una-persona-aprehendida-por-el-personal-de-la-ddi-con-una-pistola-9-mm-y-un-handy\/whatsapp-image-2022-07-01-at-10-50-07-am-1\/\" data-orig-file=\"https:\/\/eldiariodesanpedro.com.ar\/sitio\/wp-content\/uploads\/2022\/07\/WhatsApp-Image-2022-07-01-at-10.50.07-AM-1.jpeg\" data-orig-size=\"674,630\" data-comments-opened=\"0\" data-image-meta=\"{&quot;aperture&quot;:&quot;0&quot;,&quot;credit&quot;:&quot;&quot;,&quot;camera&quot;:&quot;&quot;,&quot;caption&quot;:&quot;&quot;,&quot;created_timestamp&quot;:&quot;0&quot;,&quot;copyright&quot;:&quot;&quot;,&quot;focal_length&quot;:&quot;0&quot;,&quot;iso&quot;:&quot;0&quot;,&quot;shutter_speed&quot;:&quot;0&quot;,&quot;title&quot;:&quot;&quot;,&quot;orientation&quot;:&quot;0&quot;}\" data-image-title=\"WhatsApp Image 2022-07-01 at 10.50.07 AM (1)\" data-image-description=\"\" data-image-caption=\"\" data-large-file=\"https:\/\/eldiariodesanpedro.com.ar\/sitio\/wp-content\/uploads\/2022\/07\/WhatsApp-Image-2022-07-01-at-10.50.07-AM-1.jpeg\" data-src=\"https:\/\/eldiariodesanpedro.com.ar\/sitio\/wp-content\/uploads\/2022\/07\/WhatsApp-Image-2022-07-01-at-10.50.07-AM-1.jpeg\" alt=\"\" class=\"wp-image-108578 lazyload\" data-srcset=\"https:\/\/eldiariodesanpedro.com.ar\/sitio\/wp-content\/uploads\/2022\/07\/WhatsApp-Image-2022-07-01-at-10.50.07-AM-1.jpeg 674w, https:\/\/eldiariodesanpedro.com.ar\/sitio\/wp-content\/uploads\/2022\/07\/WhatsApp-Image-2022-07-01-at-10.50.07-AM-1-300x280.jpeg 300w\" data-sizes=\"(max-width: 674px) 100vw, 674px\" src=\"data:image\/svg+xml;base64,PHN2ZyB3aWR0aD0iMSIgaGVpZ2h0PSIxIiB4bWxucz0iaHR0cDovL3d3dy53My5vcmcvMjAwMC9zdmciPjwvc3ZnPg==\" style=\"--smush-placeholder-width: 674px; --smush-placeholder-aspect-ratio: 674\/630;\" \/><\/figure>\n\n\n\n<figure class=\"wp-block-image size-full\"><img decoding=\"async\" width=\"820\" height=\"630\" data-attachment-id=\"108579\" data-permalink=\"https:\/\/eldiariodesanpedro.com.ar\/sitio\/una-persona-aprehendida-por-el-personal-de-la-ddi-con-una-pistola-9-mm-y-un-handy\/whatsapp-image-2022-07-01-at-10-50-07-am-2\/\" data-orig-file=\"https:\/\/eldiariodesanpedro.com.ar\/sitio\/wp-content\/uploads\/2022\/07\/WhatsApp-Image-2022-07-01-at-10.50.07-AM-2.jpeg\" data-orig-size=\"820,630\" data-comments-opened=\"0\" data-image-meta=\"{&quot;aperture&quot;:&quot;0&quot;,&quot;credit&quot;:&quot;&quot;,&quot;camera&quot;:&quot;&quot;,&quot;caption&quot;:&quot;&quot;,&quot;created_timestamp&quot;:&quot;0&quot;,&quot;copyright&quot;:&quot;&quot;,&quot;focal_length&quot;:&quot;0&quot;,&quot;iso&quot;:&quot;0&quot;,&quot;shutter_speed&quot;:&quot;0&quot;,&quot;title&quot;:&quot;&quot;,&quot;orientation&quot;:&quot;0&quot;}\" data-image-title=\"WhatsApp Image 2022-07-01 at 10.50.07 AM (2)\" data-image-description=\"\" data-image-caption=\"\" data-large-file=\"https:\/\/eldiariodesanpedro.com.ar\/sitio\/wp-content\/uploads\/2022\/07\/WhatsApp-Image-2022-07-01-at-10.50.07-AM-2.jpeg\" data-src=\"https:\/\/eldiariodesanpedro.com.ar\/sitio\/wp-content\/uploads\/2022\/07\/WhatsApp-Image-2022-07-01-at-10.50.07-AM-2.jpeg\" alt=\"\" class=\"wp-image-108579 lazyload\" data-srcset=\"https:\/\/eldiariodesanpedro.com.ar\/sitio\/wp-content\/uploads\/2022\/07\/WhatsApp-Image-2022-07-01-at-10.50.07-AM-2.jpeg 820w, https:\/\/eldiariodesanpedro.com.ar\/sitio\/wp-content\/uploads\/2022\/07\/WhatsApp-Image-2022-07-01-at-10.50.07-AM-2-300x230.jpeg 300w, https:\/\/eldiariodesanpedro.com.ar\/sitio\/wp-content\/uploads\/2022\/07\/WhatsApp-Image-2022-07-01-at-10.50.07-AM-2-768x590.jpeg 768w\" data-sizes=\"(max-width: 820px) 100vw, 820px\" src=\"data:image\/svg+xml;base64,PHN2ZyB3aWR0aD0iMSIgaGVpZ2h0PSIxIiB4bWxucz0iaHR0cDovL3d3dy53My5vcmcvMjAwMC9zdmciPjwvc3ZnPg==\" style=\"--smush-placeholder-width: 820px; --smush-placeholder-aspect-ratio: 820\/630;\" \/><\/figure>\n","protected":false},"excerpt":{"rendered":"<p>Ayer en horas de la tarde el personal de la Direcci\u00f3n de Drogas Il\u00edcitas de nuestra ciudad llev\u00f3 a cabo la aprehensi\u00f3n de un ciudadano que circulaba en un autom\u00f3vil que carec\u00eda de documentaci\u00f3n, adem\u00e1s de secuestrar un arma de fuego y un handy con la frecuencia policial. El procedimiento tuvo lugar este jueves en [&hellip;]<\/p>\n","protected":false},"author":4,"featured_media":108577,"comment_status":"closed","ping_status":"closed","sticky":false,"template":"","format":"standard","meta":{"om_disable_all_campaigns":false,"_jetpack_memberships_contains_paid_content":false,"footnotes":""},"categories":[50,2,103],"tags":[197,33,95,19,2911],"class_list":["post-108576","post","type-post","status-publish","format-standard","has-post-thumbnail","hentry","category-destacadas","category-locales","category-policiales-locales","tag-buenos-aires","tag-locales","tag-policiales","tag-san-pedro","tag-una-persona-aprehendida-por-el-personal-de-la-ddi-con-una-pistola-9-mm-y-un-handy"],"aioseo_notices":[],"gutentor_comment":0,"jetpack_featured_media_url":"https:\/\/eldiariodesanpedro.com.ar\/sitio\/wp-content\/uploads\/2022\/07\/WhatsApp-Image-2022-07-01-at-10.50.07-AM.jpeg","jetpack_shortlink":"https:\/\/wp.me\/p6RhLt-sfe","jetpack_sharing_enabled":true,"_links":{"self":[{"href":"https:\/\/eldiariodesanpedro.com.ar\/sitio\/wp-json\/wp\/v2\/posts\/108576","targetHints":{"allow":["GET"]}}],"collection":[{"href":"https:\/\/eldiariodesanpedro.com.ar\/sitio\/wp-json\/wp\/v2\/posts"}],"about":[{"href":"https:\/\/eldiariodesanpedro.com.ar\/sitio\/wp-json\/wp\/v2\/types\/post"}],"author":[{"embeddable":true,"href":"https:\/\/eldiariodesanpedro.com.ar\/sitio\/wp-json\/wp\/v2\/users\/4"}],"replies":[{"embeddable":true,"href":"https:\/\/eldiariodesanpedro.com.ar\/sitio\/wp-json\/wp\/v2\/comments?post=108576"}],"version-history":[{"count":1,"href":"https:\/\/eldiariodesanpedro.com.ar\/sitio\/wp-json\/wp\/v2\/posts\/108576\/revisions"}],"predecessor-version":[{"id":108580,"href":"https:\/\/eldiariodesanpedro.com.ar\/sitio\/wp-json\/wp\/v2\/posts\/108576\/revisions\/108580"}],"wp:featuredmedia":[{"embeddable":true,"href":"https:\/\/eldiariodesanpedro.com.ar\/sitio\/wp-json\/wp\/v2\/media\/108577"}],"wp:attachment":[{"href":"https:\/\/eldiariodesanpedro.com.ar\/sitio\/wp-json\/wp\/v2\/media?parent=108576"}],"wp:term":[{"taxonomy":"category","embeddable":true,"href":"https:\/\/eldiariodesanpedro.com.ar\/sitio\/wp-json\/wp\/v2\/categories?post=108576"},{"taxonomy":"post_tag","embeddable":true,"href":"https:\/\/eldiariodesanpedro.com.ar\/sitio\/wp-json\/wp\/v2\/tags?post=108576"}],"curies":[{"name":"wp","href":"https:\/\/api.w.org\/{rel}","templated":true}]}}