{"id":108573,"date":"2022-07-01T17:06:20","date_gmt":"2022-07-01T20:06:20","guid":{"rendered":"https:\/\/eldiariodesanpedro.com.ar\/sitio\/?p=108573"},"modified":"2022-07-01T17:06:21","modified_gmt":"2022-07-01T20:06:21","slug":"solana-y-aguero-junto-a-los-funcionarios-de-seguridad-en-la-jura-a-la-bandera-de-los-cadetes-de-policia","status":"publish","type":"post","link":"https:\/\/eldiariodesanpedro.com.ar\/sitio\/solana-y-aguero-junto-a-los-funcionarios-de-seguridad-en-la-jura-a-la-bandera-de-los-cadetes-de-policia\/","title":{"rendered":"Solana y Ag\u00fcero junto a los funcionarios de seguridad en la jura a la bandera de los cadetes de polic\u00eda"},"content":{"rendered":"<!-- VideographyWP Plugin Message: Automatic video embedding prevented by plugin options. -->\n\n<p>El Secretario de Seguridad de la Municipalidad de San Pedro, Diego Solana y el Coordinador Policial Juan Carlos Ag\u00fcero participaron del acto de Jura de Fidelidad a la Bandera Nacional que realizaron los 4200 cadetes de institutos de formaci\u00f3n de la Polic\u00eda de la Provincia de Buenos Aires en Vicente L\u00f3pez.<\/p>\n\n\n\n<p>La visita a este acto posibilit\u00f3 el di\u00e1logo directo de los funcionarios locales con las m\u00e1ximas autoridades del \u00e1rea y con el propio ministro Sergio Berni que derivaron en pr\u00f3ximas reuniones para continuar planteando temas muy importantes relacionados con las gestiones que se efect\u00faan desde nuestro distrito.<\/p>\n\n\n\n<p>Solana y Ag\u00fcero tambi\u00e9n compartieron el encuentro con el Comisario Mayor Cristian Su\u00e1rez Jefe de la Regional Pergamino (dentro de la que est\u00e1 comprendida San Pedro) y el Comisario Mayor Sandro Maldonado, Superintendente de Seguridad Rural de la Provincia de Buenos Aires.<\/p>\n","protected":false},"excerpt":{"rendered":"<p>El Secretario de Seguridad de la Municipalidad de San Pedro, Diego Solana y el Coordinador Policial Juan Carlos Ag\u00fcero participaron del acto de Jura de Fidelidad a la Bandera Nacional que realizaron los 4200 cadetes de institutos de formaci\u00f3n de la Polic\u00eda de la Provincia de Buenos Aires en Vicente L\u00f3pez. La visita a este [&hellip;]<\/p>\n","protected":false},"author":4,"featured_media":108574,"comment_status":"closed","ping_status":"closed","sticky":false,"template":"","format":"standard","meta":{"om_disable_all_campaigns":false,"_jetpack_memberships_contains_paid_content":false,"footnotes":""},"categories":[50,101,2],"tags":[197,696,33,19,2910],"class_list":["post-108573","post","type-post","status-publish","format-standard","has-post-thumbnail","hentry","category-destacadas","category-interes-general-locales","category-locales","tag-buenos-aires","tag-interes-general","tag-locales","tag-san-pedro","tag-solana-y-aguero-junto-a-los-funcionarios-de-seguridad-en-la-jura-a-la-bandera-de-los-cadetes-de-policia"],"aioseo_notices":[],"gutentor_comment":0,"jetpack_featured_media_url":"https:\/\/eldiariodesanpedro.com.ar\/sitio\/wp-content\/uploads\/2022\/07\/medida.png","jetpack_shortlink":"https:\/\/wp.me\/p6RhLt-sfb","jetpack_sharing_enabled":true,"_links":{"self":[{"href":"https:\/\/eldiariodesanpedro.com.ar\/sitio\/wp-json\/wp\/v2\/posts\/108573","targetHints":{"allow":["GET"]}}],"collection":[{"href":"https:\/\/eldiariodesanpedro.com.ar\/sitio\/wp-json\/wp\/v2\/posts"}],"about":[{"href":"https:\/\/eldiariodesanpedro.com.ar\/sitio\/wp-json\/wp\/v2\/types\/post"}],"author":[{"embeddable":true,"href":"https:\/\/eldiariodesanpedro.com.ar\/sitio\/wp-json\/wp\/v2\/users\/4"}],"replies":[{"embeddable":true,"href":"https:\/\/eldiariodesanpedro.com.ar\/sitio\/wp-json\/wp\/v2\/comments?post=108573"}],"version-history":[{"count":1,"href":"https:\/\/eldiariodesanpedro.com.ar\/sitio\/wp-json\/wp\/v2\/posts\/108573\/revisions"}],"predecessor-version":[{"id":108575,"href":"https:\/\/eldiariodesanpedro.com.ar\/sitio\/wp-json\/wp\/v2\/posts\/108573\/revisions\/108575"}],"wp:featuredmedia":[{"embeddable":true,"href":"https:\/\/eldiariodesanpedro.com.ar\/sitio\/wp-json\/wp\/v2\/media\/108574"}],"wp:attachment":[{"href":"https:\/\/eldiariodesanpedro.com.ar\/sitio\/wp-json\/wp\/v2\/media?parent=108573"}],"wp:term":[{"taxonomy":"category","embeddable":true,"href":"https:\/\/eldiariodesanpedro.com.ar\/sitio\/wp-json\/wp\/v2\/categories?post=108573"},{"taxonomy":"post_tag","embeddable":true,"href":"https:\/\/eldiariodesanpedro.com.ar\/sitio\/wp-json\/wp\/v2\/tags?post=108573"}],"curies":[{"name":"wp","href":"https:\/\/api.w.org\/{rel}","templated":true}]}}