{"id":108569,"date":"2022-07-01T16:59:37","date_gmt":"2022-07-01T19:59:37","guid":{"rendered":"https:\/\/eldiariodesanpedro.com.ar\/sitio\/?p=108569"},"modified":"2022-07-01T16:59:38","modified_gmt":"2022-07-01T19:59:38","slug":"delincuente-con-frondosos-antecedentes-fue-aprehendido-en-via-publica-armado-con-un-revolver","status":"publish","type":"post","link":"https:\/\/eldiariodesanpedro.com.ar\/sitio\/delincuente-con-frondosos-antecedentes-fue-aprehendido-en-via-publica-armado-con-un-revolver\/","title":{"rendered":"Delincuente con frondosos antecedentes fue aprehendido en v\u00eda p\u00fablica armado con un rev\u00f3lver"},"content":{"rendered":"<!-- VideographyWP Plugin Message: Automatic video embedding prevented by plugin options. -->\n\n<p>La polic\u00eda de la comisar\u00eda local en la jornada de ayer realiz\u00f3 la aprehensi\u00f3n de un joven y el secuestro de un rev\u00f3lver hallado en la v\u00eda p\u00fablica por vecinos.<\/p>\n\n\n\n<p>El hecho tuvo lugar en las inmediaciones de calle Javier Rivero y Bozzano alrededor de las 14 hs donde los uniformados lograron reducir a un sujeto de 26 a\u00f1os de edad con frondosos antecedentes policiales.<\/p>\n\n\n\n<p>Seg\u00fan se pudo constatar los efectivos habr\u00edan identificado a este delincuente en la v\u00eda p\u00fablica armado por lo que rapidamente se dio a la fuga a la carrera y tras una persecuci\u00f3n fue reducido.<\/p>\n\n\n\n<p>Anteriormente el sujeto hab\u00eda descartado el rev\u00f3lver calibre 22 que fue hallado por vecinos y dieron alerta a la polic\u00eda, se constat\u00f3 que el mismo tendr\u00eda cuatro cartuchos percutados.<\/p>\n\n\n\n<p>\u00a0El aprehendido que cuenta con antecedentes, permanece alojado en sede policial, interviniendo la fiscal\u00eda local en turno.<\/p>\n\n\n\n<figure class=\"wp-block-image size-full\"><img decoding=\"async\" width=\"666\" height=\"630\" data-attachment-id=\"108570\" data-permalink=\"https:\/\/eldiariodesanpedro.com.ar\/sitio\/delincuente-con-frondosos-antecedentes-fue-aprehendido-en-via-publica-armado-con-un-revolver\/whatsapp-image-2022-07-01-at-10-23-51-am-1\/\" data-orig-file=\"https:\/\/eldiariodesanpedro.com.ar\/sitio\/wp-content\/uploads\/2022\/07\/WhatsApp-Image-2022-07-01-at-10.23.51-AM-1.jpeg\" data-orig-size=\"666,630\" data-comments-opened=\"0\" data-image-meta=\"{&quot;aperture&quot;:&quot;0&quot;,&quot;credit&quot;:&quot;&quot;,&quot;camera&quot;:&quot;&quot;,&quot;caption&quot;:&quot;&quot;,&quot;created_timestamp&quot;:&quot;0&quot;,&quot;copyright&quot;:&quot;&quot;,&quot;focal_length&quot;:&quot;0&quot;,&quot;iso&quot;:&quot;0&quot;,&quot;shutter_speed&quot;:&quot;0&quot;,&quot;title&quot;:&quot;&quot;,&quot;orientation&quot;:&quot;0&quot;}\" data-image-title=\"WhatsApp Image 2022-07-01 at 10.23.51 AM (1)\" data-image-description=\"\" data-image-caption=\"\" data-large-file=\"https:\/\/eldiariodesanpedro.com.ar\/sitio\/wp-content\/uploads\/2022\/07\/WhatsApp-Image-2022-07-01-at-10.23.51-AM-1.jpeg\" data-src=\"https:\/\/eldiariodesanpedro.com.ar\/sitio\/wp-content\/uploads\/2022\/07\/WhatsApp-Image-2022-07-01-at-10.23.51-AM-1.jpeg\" alt=\"\" class=\"wp-image-108570 lazyload\" data-srcset=\"https:\/\/eldiariodesanpedro.com.ar\/sitio\/wp-content\/uploads\/2022\/07\/WhatsApp-Image-2022-07-01-at-10.23.51-AM-1.jpeg 666w, https:\/\/eldiariodesanpedro.com.ar\/sitio\/wp-content\/uploads\/2022\/07\/WhatsApp-Image-2022-07-01-at-10.23.51-AM-1-300x284.jpeg 300w\" data-sizes=\"(max-width: 666px) 100vw, 666px\" src=\"data:image\/svg+xml;base64,PHN2ZyB3aWR0aD0iMSIgaGVpZ2h0PSIxIiB4bWxucz0iaHR0cDovL3d3dy53My5vcmcvMjAwMC9zdmciPjwvc3ZnPg==\" style=\"--smush-placeholder-width: 666px; --smush-placeholder-aspect-ratio: 666\/630;\" \/><\/figure>\n","protected":false},"excerpt":{"rendered":"<p>La polic\u00eda de la comisar\u00eda local en la jornada de ayer realiz\u00f3 la aprehensi\u00f3n de un joven y el secuestro de un rev\u00f3lver hallado en la v\u00eda p\u00fablica por vecinos. El hecho tuvo lugar en las inmediaciones de calle Javier Rivero y Bozzano alrededor de las 14 hs donde los uniformados lograron reducir a un [&hellip;]<\/p>\n","protected":false},"author":4,"featured_media":108571,"comment_status":"closed","ping_status":"closed","sticky":false,"template":"","format":"standard","meta":{"om_disable_all_campaigns":false,"_jetpack_memberships_contains_paid_content":false,"footnotes":""},"categories":[50,2,103],"tags":[197,2909,33,95,19],"class_list":["post-108569","post","type-post","status-publish","format-standard","has-post-thumbnail","hentry","category-destacadas","category-locales","category-policiales-locales","tag-buenos-aires","tag-delincuente-con-frondosos-antecedentes-fue-aprehendido-en-via-publica-armado-con-un-revolver","tag-locales","tag-policiales","tag-san-pedro"],"aioseo_notices":[],"gutentor_comment":0,"jetpack_featured_media_url":"https:\/\/eldiariodesanpedro.com.ar\/sitio\/wp-content\/uploads\/2022\/07\/WhatsApp-Image-2022-07-01-at-10.23.51-AM.jpeg","jetpack_shortlink":"https:\/\/wp.me\/p6RhLt-sf7","jetpack_sharing_enabled":true,"_links":{"self":[{"href":"https:\/\/eldiariodesanpedro.com.ar\/sitio\/wp-json\/wp\/v2\/posts\/108569","targetHints":{"allow":["GET"]}}],"collection":[{"href":"https:\/\/eldiariodesanpedro.com.ar\/sitio\/wp-json\/wp\/v2\/posts"}],"about":[{"href":"https:\/\/eldiariodesanpedro.com.ar\/sitio\/wp-json\/wp\/v2\/types\/post"}],"author":[{"embeddable":true,"href":"https:\/\/eldiariodesanpedro.com.ar\/sitio\/wp-json\/wp\/v2\/users\/4"}],"replies":[{"embeddable":true,"href":"https:\/\/eldiariodesanpedro.com.ar\/sitio\/wp-json\/wp\/v2\/comments?post=108569"}],"version-history":[{"count":1,"href":"https:\/\/eldiariodesanpedro.com.ar\/sitio\/wp-json\/wp\/v2\/posts\/108569\/revisions"}],"predecessor-version":[{"id":108572,"href":"https:\/\/eldiariodesanpedro.com.ar\/sitio\/wp-json\/wp\/v2\/posts\/108569\/revisions\/108572"}],"wp:featuredmedia":[{"embeddable":true,"href":"https:\/\/eldiariodesanpedro.com.ar\/sitio\/wp-json\/wp\/v2\/media\/108571"}],"wp:attachment":[{"href":"https:\/\/eldiariodesanpedro.com.ar\/sitio\/wp-json\/wp\/v2\/media?parent=108569"}],"wp:term":[{"taxonomy":"category","embeddable":true,"href":"https:\/\/eldiariodesanpedro.com.ar\/sitio\/wp-json\/wp\/v2\/categories?post=108569"},{"taxonomy":"post_tag","embeddable":true,"href":"https:\/\/eldiariodesanpedro.com.ar\/sitio\/wp-json\/wp\/v2\/tags?post=108569"}],"curies":[{"name":"wp","href":"https:\/\/api.w.org\/{rel}","templated":true}]}}