{"id":108564,"date":"2022-07-01T16:46:31","date_gmt":"2022-07-01T19:46:31","guid":{"rendered":"https:\/\/eldiariodesanpedro.com.ar\/sitio\/?p=108564"},"modified":"2022-07-01T16:46:32","modified_gmt":"2022-07-01T19:46:32","slug":"se-secuestro-un-gol-country-por-pedido-de-secuestro-que-se-encontraba-en-el-deposito-municipal","status":"publish","type":"post","link":"https:\/\/eldiariodesanpedro.com.ar\/sitio\/se-secuestro-un-gol-country-por-pedido-de-secuestro-que-se-encontraba-en-el-deposito-municipal\/","title":{"rendered":"Se secuestr\u00f3 un Gol Country por pedido de secuestro que se encontraba en el dep\u00f3sito municipal"},"content":{"rendered":"<!-- VideographyWP Plugin Message: Automatic video embedding prevented by plugin options. -->\n\n<p>Se realiz\u00f3 un operativo de control de los autom\u00f3viles y motocicletas que se encuentran en el dep\u00f3sito municipal, donde se encontr\u00f3 un veh\u00edculo con pedido de secuestro.<br>En el d\u00eda de ayer, la polic\u00eda de nuestra ciudad inspeccion\u00f3 distintas motocicletas y autom\u00f3viles secuestrados en distintos operativos realizados por personal de la Direcci\u00f3n de Tr\u00e1nsito de la Municipalidad y en los cuales oportunamente no se pudo certificar si registraban pedido de secuestro.<br>El operativo se realiz\u00f3 coordinado con personal municipal y tuvo lugar en el Dep\u00f3sito Municipal sito calle Crucero Gral. Belgrano e Independencia donde un autom\u00f3vil fue secuestrado por infracci\u00f3n a la Ley 24449 a disp. Juez Faltas local, siendo VW Gol Country registra pedido secuestro activo por el \u201crobo de automotor\u201d registrado el mes de mayo de 2021 a requerimiento de la Justicia del partido de San Mart\u00edn en la Provincia de Buenos Aires.<br>Adem\u00e1s el rodado presenta chapas identificadoras ap\u00f3crifas y adulteraci\u00f3n de grabado cristales.<br>El infractor oportuno fue identificado, interviniendo la Fiscal\u00eda local<\/p>\n\n\n\n<figure class=\"wp-block-image size-full\"><img decoding=\"async\" width=\"693\" height=\"630\" data-attachment-id=\"108566\" data-permalink=\"https:\/\/eldiariodesanpedro.com.ar\/sitio\/se-secuestro-un-gol-country-por-pedido-de-secuestro-que-se-encontraba-en-el-deposito-municipal\/whatsapp-image-2022-07-01-at-10-22-03-am-2\/\" data-orig-file=\"https:\/\/eldiariodesanpedro.com.ar\/sitio\/wp-content\/uploads\/2022\/07\/WhatsApp-Image-2022-07-01-at-10.22.03-AM-2.jpeg\" data-orig-size=\"693,630\" data-comments-opened=\"0\" data-image-meta=\"{&quot;aperture&quot;:&quot;0&quot;,&quot;credit&quot;:&quot;&quot;,&quot;camera&quot;:&quot;&quot;,&quot;caption&quot;:&quot;&quot;,&quot;created_timestamp&quot;:&quot;0&quot;,&quot;copyright&quot;:&quot;&quot;,&quot;focal_length&quot;:&quot;0&quot;,&quot;iso&quot;:&quot;0&quot;,&quot;shutter_speed&quot;:&quot;0&quot;,&quot;title&quot;:&quot;&quot;,&quot;orientation&quot;:&quot;0&quot;}\" data-image-title=\"WhatsApp Image 2022-07-01 at 10.22.03 AM (2)\" data-image-description=\"\" data-image-caption=\"\" data-large-file=\"https:\/\/eldiariodesanpedro.com.ar\/sitio\/wp-content\/uploads\/2022\/07\/WhatsApp-Image-2022-07-01-at-10.22.03-AM-2.jpeg\" data-src=\"https:\/\/eldiariodesanpedro.com.ar\/sitio\/wp-content\/uploads\/2022\/07\/WhatsApp-Image-2022-07-01-at-10.22.03-AM-2.jpeg\" alt=\"\" class=\"wp-image-108566 lazyload\" data-srcset=\"https:\/\/eldiariodesanpedro.com.ar\/sitio\/wp-content\/uploads\/2022\/07\/WhatsApp-Image-2022-07-01-at-10.22.03-AM-2.jpeg 693w, https:\/\/eldiariodesanpedro.com.ar\/sitio\/wp-content\/uploads\/2022\/07\/WhatsApp-Image-2022-07-01-at-10.22.03-AM-2-300x273.jpeg 300w\" data-sizes=\"(max-width: 693px) 100vw, 693px\" src=\"data:image\/svg+xml;base64,PHN2ZyB3aWR0aD0iMSIgaGVpZ2h0PSIxIiB4bWxucz0iaHR0cDovL3d3dy53My5vcmcvMjAwMC9zdmciPjwvc3ZnPg==\" style=\"--smush-placeholder-width: 693px; --smush-placeholder-aspect-ratio: 693\/630;\" \/><\/figure>\n\n\n\n<figure class=\"wp-block-image size-full\"><img decoding=\"async\" width=\"1024\" height=\"577\" data-attachment-id=\"108567\" data-permalink=\"https:\/\/eldiariodesanpedro.com.ar\/sitio\/se-secuestro-un-gol-country-por-pedido-de-secuestro-que-se-encontraba-en-el-deposito-municipal\/whatsapp-image-2022-07-01-at-10-22-03-am\/\" data-orig-file=\"https:\/\/eldiariodesanpedro.com.ar\/sitio\/wp-content\/uploads\/2022\/07\/WhatsApp-Image-2022-07-01-at-10.22.03-AM.jpeg\" data-orig-size=\"1024,577\" data-comments-opened=\"0\" data-image-meta=\"{&quot;aperture&quot;:&quot;0&quot;,&quot;credit&quot;:&quot;&quot;,&quot;camera&quot;:&quot;&quot;,&quot;caption&quot;:&quot;&quot;,&quot;created_timestamp&quot;:&quot;0&quot;,&quot;copyright&quot;:&quot;&quot;,&quot;focal_length&quot;:&quot;0&quot;,&quot;iso&quot;:&quot;0&quot;,&quot;shutter_speed&quot;:&quot;0&quot;,&quot;title&quot;:&quot;&quot;,&quot;orientation&quot;:&quot;0&quot;}\" data-image-title=\"WhatsApp Image 2022-07-01 at 10.22.03 AM\" data-image-description=\"\" data-image-caption=\"\" data-large-file=\"https:\/\/eldiariodesanpedro.com.ar\/sitio\/wp-content\/uploads\/2022\/07\/WhatsApp-Image-2022-07-01-at-10.22.03-AM.jpeg\" data-src=\"https:\/\/eldiariodesanpedro.com.ar\/sitio\/wp-content\/uploads\/2022\/07\/WhatsApp-Image-2022-07-01-at-10.22.03-AM.jpeg\" alt=\"\" class=\"wp-image-108567 lazyload\" data-srcset=\"https:\/\/eldiariodesanpedro.com.ar\/sitio\/wp-content\/uploads\/2022\/07\/WhatsApp-Image-2022-07-01-at-10.22.03-AM.jpeg 1024w, https:\/\/eldiariodesanpedro.com.ar\/sitio\/wp-content\/uploads\/2022\/07\/WhatsApp-Image-2022-07-01-at-10.22.03-AM-300x169.jpeg 300w, https:\/\/eldiariodesanpedro.com.ar\/sitio\/wp-content\/uploads\/2022\/07\/WhatsApp-Image-2022-07-01-at-10.22.03-AM-768x433.jpeg 768w\" data-sizes=\"(max-width: 1024px) 100vw, 1024px\" src=\"data:image\/svg+xml;base64,PHN2ZyB3aWR0aD0iMSIgaGVpZ2h0PSIxIiB4bWxucz0iaHR0cDovL3d3dy53My5vcmcvMjAwMC9zdmciPjwvc3ZnPg==\" style=\"--smush-placeholder-width: 1024px; --smush-placeholder-aspect-ratio: 1024\/577;\" \/><\/figure>\n","protected":false},"excerpt":{"rendered":"<p>Se realiz\u00f3 un operativo de control de los autom\u00f3viles y motocicletas que se encuentran en el dep\u00f3sito municipal, donde se encontr\u00f3 un veh\u00edculo con pedido de secuestro.En el d\u00eda de ayer, la polic\u00eda de nuestra ciudad inspeccion\u00f3 distintas motocicletas y autom\u00f3viles secuestrados en distintos operativos realizados por personal de la Direcci\u00f3n de Tr\u00e1nsito de la [&hellip;]<\/p>\n","protected":false},"author":4,"featured_media":108565,"comment_status":"closed","ping_status":"closed","sticky":false,"template":"","format":"standard","meta":{"om_disable_all_campaigns":false,"_jetpack_memberships_contains_paid_content":false,"footnotes":""},"categories":[2,103],"tags":[197,33,95,19],"class_list":["post-108564","post","type-post","status-publish","format-standard","has-post-thumbnail","hentry","category-locales","category-policiales-locales","tag-buenos-aires","tag-locales","tag-policiales","tag-san-pedro"],"aioseo_notices":[],"gutentor_comment":0,"jetpack_featured_media_url":"https:\/\/eldiariodesanpedro.com.ar\/sitio\/wp-content\/uploads\/2022\/07\/WhatsApp-Image-2022-07-01-at-10.22.03-AM-1.jpeg","jetpack_shortlink":"https:\/\/wp.me\/p6RhLt-sf2","jetpack_sharing_enabled":true,"_links":{"self":[{"href":"https:\/\/eldiariodesanpedro.com.ar\/sitio\/wp-json\/wp\/v2\/posts\/108564","targetHints":{"allow":["GET"]}}],"collection":[{"href":"https:\/\/eldiariodesanpedro.com.ar\/sitio\/wp-json\/wp\/v2\/posts"}],"about":[{"href":"https:\/\/eldiariodesanpedro.com.ar\/sitio\/wp-json\/wp\/v2\/types\/post"}],"author":[{"embeddable":true,"href":"https:\/\/eldiariodesanpedro.com.ar\/sitio\/wp-json\/wp\/v2\/users\/4"}],"replies":[{"embeddable":true,"href":"https:\/\/eldiariodesanpedro.com.ar\/sitio\/wp-json\/wp\/v2\/comments?post=108564"}],"version-history":[{"count":1,"href":"https:\/\/eldiariodesanpedro.com.ar\/sitio\/wp-json\/wp\/v2\/posts\/108564\/revisions"}],"predecessor-version":[{"id":108568,"href":"https:\/\/eldiariodesanpedro.com.ar\/sitio\/wp-json\/wp\/v2\/posts\/108564\/revisions\/108568"}],"wp:featuredmedia":[{"embeddable":true,"href":"https:\/\/eldiariodesanpedro.com.ar\/sitio\/wp-json\/wp\/v2\/media\/108565"}],"wp:attachment":[{"href":"https:\/\/eldiariodesanpedro.com.ar\/sitio\/wp-json\/wp\/v2\/media?parent=108564"}],"wp:term":[{"taxonomy":"category","embeddable":true,"href":"https:\/\/eldiariodesanpedro.com.ar\/sitio\/wp-json\/wp\/v2\/categories?post=108564"},{"taxonomy":"post_tag","embeddable":true,"href":"https:\/\/eldiariodesanpedro.com.ar\/sitio\/wp-json\/wp\/v2\/tags?post=108564"}],"curies":[{"name":"wp","href":"https:\/\/api.w.org\/{rel}","templated":true}]}}