{"id":108558,"date":"2022-07-01T16:30:20","date_gmt":"2022-07-01T19:30:20","guid":{"rendered":"https:\/\/eldiariodesanpedro.com.ar\/sitio\/?p=108558"},"modified":"2022-07-01T16:34:15","modified_gmt":"2022-07-01T19:34:15","slug":"juegos-bonaerenses-2022-comenzo-la-etapa-regional","status":"publish","type":"post","link":"https:\/\/eldiariodesanpedro.com.ar\/sitio\/juegos-bonaerenses-2022-comenzo-la-etapa-regional\/","title":{"rendered":"Juegos Bonaerenses 2022: Comenz\u00f3 la etapa regional"},"content":{"rendered":"<!-- VideographyWP Plugin Message: Automatic video embedding prevented by plugin options. -->\n\n<p>Este viernes comenz\u00f3 la etapa regional de los Juegos Bonaerenses 2022 luego de finalizar las disciplinas de la etapa local en la que fueron clasificando los equipos y deportistas individuales que participar\u00e1n de esta nueva fase.<\/p>\n\n\n\n<p>El programa que promueve el acceso a la actividad f\u00edsica y la expresi\u00f3n cultural por el que pasaron m\u00e1s de 20 millones de personas, y que este a\u00f1o cumple las 31 ediciones, comienza la etapa regional en Arrecifes con las disciplinas Ajedrez Juveniles y Universitarios, la Copa Sub 15 Femenina de V\u00f3ley y en Pergamino F\u00fatbol 11 Femenino.<\/p>\n\n\n\n<p>Los horarios y lugares de las actividades que comprenden la etapa regional de los Juegos Bonaerenses 2022, que se extender\u00e1n hasta el 14 de septiembre, ser\u00e1n publicados todos los d\u00edas a trav\u00e9s de las redes oficiales. Para m\u00e1s informaci\u00f3n o consultas comunicarse con la Direcci\u00f3n de Deportes al (03329) 428848.<\/p>\n\n\n\n<p>Cronograma de disciplinas y categor\u00edas:<\/p>\n\n\n\n<p>Julio:<\/p>\n\n\n\n<ul class=\"wp-block-list\"><li>4 de julio: Hockey Femenino Sub 14.<\/li><li>5 de julio: F\u00fatbol 11 Copa Sub 14 Femenino; Hockey sub 16 Femenino.<\/li><li>6 de julio: F\u00fatbol 11 Copa Sub 14 Masculino; Handball Escolar abierta Sub 14 y sub 16 Masculino; Hockey Sub 18 femenino.<\/li><li>7 de Julio: Cestoball; Cestoball Copa Sub 14; Cestoball 3&#215;3; Andball Escolar Abierta Sub 14, Sub 16 y Sub 18 Femenino y Handball Escolar Abierta Sub 18 Masculino.<\/li><li>8 de julio: F\u00fatbol Copa Sub 16 Masculino; Handball Masculino (todas las categor\u00edas)<\/li><li>10 de julio: Golf<\/li><li>11 de julio: F\u00fatbol 11 Copa Sub 16 Masculino; V\u00f3ley Copa Sub 17 Femenino; Gimnasia Art\u00edstica; Futsal Copa Sub 14 y Sub 16 Masculino y femenino.<br>12 de julio: Nataci\u00f3n (todas las categor\u00edas); Futsal Copa Sub 14 y Sub 16 Masculino y Femenino.<br>13 de julio: B\u00e1squet 3&#215;3 Copa Sub 14 y Sub 16 Masculino y Femenino; Basquetbol Copa y Bonaerense Sub 14, Sub 15, Sub 16, Sub 17 y Sub 18.<\/li><li>14 de julio: Basquet 3&#215;3 Copa Sub 14 y Sub 16 Masculino y Femenino; Basquetbol Copa y Bonaerense Femenino.<\/li><li>15 de julio: Hockey Copa Masculino; Basquetbol Copa Sub 15 Masculino.<\/li><li>30 de Julio: Tiro<\/li><\/ul>\n\n\n\n<p>Agosto:<\/p>\n\n\n\n<ul class=\"wp-block-list\"><li>1 de agosto: Tenis; Basquetbol 3&#215;3 Bonaerense Sub 14, Sub 16 y Sub 18 Masculino, Femenino y Universitario.<\/li><li>2 de agosto: Rugby Copa Sub 16 Masculino y Femenino; Rugby; Futbol 5 Femenino.<\/li><li>3 de agosto: Beach V\u00f3ley Copa Sub 14 Masculino y Femenino; F\u00fatbol 11 Femenino; F\u00fatbol 11 Sub 16 Masculino; F\u00fatbol 5 Femenino.<\/li><li>4 de agosto: V\u00f3ley Copa Sub 15 y Sub 17 Masculino; F\u00fatbol 11 Sub 14 Masculino.<\/li><li>5 de agosto: F\u00fatbol Sub 18 Masculino.<\/li><li>7 de agosto: Taekwondo<\/li><li>8 de agosto: F\u00fatbol 11 Femenino; Tenis de mesa (Todas las categor\u00edas); Tenis de mesa PCD.<\/li><li>9 de agosto: Patin; F\u00fatbol 11 Masculino<\/li><li>12 de agosto: P\u00e1del.<\/li><li>16 de agosto: Futsal Bonaerense Sub 14, Sub 16 y Sub 18 Masculino.<\/li><li>17 de agosto: Futsal Bonaerense Sub 14, Sub 16 y Sub 18 Masculino.<\/li><li>18 de agosto: Burako, Chinch\u00f3n, Escoba de 15, Truco, Loter\u00eda, Ajedrez, Damas, Sapo, Taba, Pentatl\u00f3n, Tejo y Pelota. Categor\u00eda Abuelos.<\/li><li>20 de agosto: Judo.<\/li><li>24 de agosto: Beach V\u00f3ley Sub 16, Sub 18 y Universitarios. Femenino<\/li><li>25 de agosto: Beach V\u00f3ley Sub 16, Sub 18 y Universitarios. Masculino; F\u00fatbol Tenis Sub 15; Pelota.<\/li><li>26 de agosto: Coreograf\u00eda Pop, bochas, caminata, f\u00fatbol tenis, p\u00e1del, pesca y tenis. Abuelos; B\u00e1dminton; F\u00fatbol Tenis Sub 18 y Universitarios; Skate.<\/li><li>30 de agosto: Atletismo.<\/li><li>31 de agosto: Atletismo.<\/li><\/ul>\n\n\n\n<p>Septiembre:<\/p>\n\n\n\n<ul class=\"wp-block-list\"><li>1 de septiembre: F\u00fatbol playa<\/li><li>2 de septiembre: F\u00fatbol playa; Handball Playa Copa Sub 16 Masculino y Femenino.<\/li><li>4 de septiembre: Canotaje.<\/li><li>5 de septiembre: Atletismo PCD; Boccia PCD; Softbol Femenino.<\/li><li>6 de septiembre: Softbol Masculino.<\/li><li>7 de septiembre: V\u00f3ley Sub 13 Masculino<\/li><li>8 de septiembre: V\u00f3ley Sub 15 y Sub 18 Masculino; F\u00fatbol PCD.<\/li><li>9 de septiembre: Acuatl\u00f3n.<\/li><li>12 de septiembre: V\u00f3ley Sub 13 Femenino.<\/li><li>13 de septiembre: V\u00f3ley Sub 15 Femenino.<\/li><li>14 de septiembre: V\u00f3ley Sub 18 Femenino<\/li><\/ul>\n\n\n\n<figure class=\"wp-block-image size-full\"><img decoding=\"async\" width=\"630\" height=\"630\" data-attachment-id=\"108562\" data-permalink=\"https:\/\/eldiariodesanpedro.com.ar\/sitio\/juegos-bonaerenses-2022-comenzo-la-etapa-regional\/whatsapp-image-2022-07-01-at-12-44-07-pm\/\" data-orig-file=\"https:\/\/eldiariodesanpedro.com.ar\/sitio\/wp-content\/uploads\/2022\/07\/WhatsApp-Image-2022-07-01-at-12.44.07-PM.jpeg\" data-orig-size=\"630,630\" data-comments-opened=\"0\" data-image-meta=\"{&quot;aperture&quot;:&quot;0&quot;,&quot;credit&quot;:&quot;&quot;,&quot;camera&quot;:&quot;&quot;,&quot;caption&quot;:&quot;&quot;,&quot;created_timestamp&quot;:&quot;0&quot;,&quot;copyright&quot;:&quot;&quot;,&quot;focal_length&quot;:&quot;0&quot;,&quot;iso&quot;:&quot;0&quot;,&quot;shutter_speed&quot;:&quot;0&quot;,&quot;title&quot;:&quot;&quot;,&quot;orientation&quot;:&quot;0&quot;}\" data-image-title=\"WhatsApp Image 2022-07-01 at 12.44.07 PM\" data-image-description=\"\" data-image-caption=\"\" data-large-file=\"https:\/\/eldiariodesanpedro.com.ar\/sitio\/wp-content\/uploads\/2022\/07\/WhatsApp-Image-2022-07-01-at-12.44.07-PM.jpeg\" data-src=\"https:\/\/eldiariodesanpedro.com.ar\/sitio\/wp-content\/uploads\/2022\/07\/WhatsApp-Image-2022-07-01-at-12.44.07-PM.jpeg\" alt=\"\" class=\"wp-image-108562 lazyload\" data-srcset=\"https:\/\/eldiariodesanpedro.com.ar\/sitio\/wp-content\/uploads\/2022\/07\/WhatsApp-Image-2022-07-01-at-12.44.07-PM.jpeg 630w, https:\/\/eldiariodesanpedro.com.ar\/sitio\/wp-content\/uploads\/2022\/07\/WhatsApp-Image-2022-07-01-at-12.44.07-PM-300x300.jpeg 300w, https:\/\/eldiariodesanpedro.com.ar\/sitio\/wp-content\/uploads\/2022\/07\/WhatsApp-Image-2022-07-01-at-12.44.07-PM-150x150.jpeg 150w\" data-sizes=\"(max-width: 630px) 100vw, 630px\" src=\"data:image\/svg+xml;base64,PHN2ZyB3aWR0aD0iMSIgaGVpZ2h0PSIxIiB4bWxucz0iaHR0cDovL3d3dy53My5vcmcvMjAwMC9zdmciPjwvc3ZnPg==\" style=\"--smush-placeholder-width: 630px; --smush-placeholder-aspect-ratio: 630\/630;\" \/><\/figure>\n","protected":false},"excerpt":{"rendered":"<p>Este viernes comenz\u00f3 la etapa regional de los Juegos Bonaerenses 2022 luego de finalizar las disciplinas de la etapa local en la que fueron clasificando los equipos y deportistas individuales que participar\u00e1n de esta nueva fase. El programa que promueve el acceso a la actividad f\u00edsica y la expresi\u00f3n cultural por el que pasaron m\u00e1s [&hellip;]<\/p>\n","protected":false},"author":4,"featured_media":108559,"comment_status":"closed","ping_status":"closed","sticky":false,"template":"","format":"standard","meta":{"om_disable_all_campaigns":false,"_jetpack_memberships_contains_paid_content":false,"footnotes":""},"categories":[50,101,2],"tags":[197,696,33,19],"class_list":["post-108558","post","type-post","status-publish","format-standard","has-post-thumbnail","hentry","category-destacadas","category-interes-general-locales","category-locales","tag-buenos-aires","tag-interes-general","tag-locales","tag-san-pedro"],"aioseo_notices":[],"gutentor_comment":0,"jetpack_featured_media_url":"https:\/\/eldiariodesanpedro.com.ar\/sitio\/wp-content\/uploads\/2022\/07\/6171d3d890dbc_900.jpg","jetpack_shortlink":"https:\/\/wp.me\/p6RhLt-seW","jetpack_sharing_enabled":true,"_links":{"self":[{"href":"https:\/\/eldiariodesanpedro.com.ar\/sitio\/wp-json\/wp\/v2\/posts\/108558","targetHints":{"allow":["GET"]}}],"collection":[{"href":"https:\/\/eldiariodesanpedro.com.ar\/sitio\/wp-json\/wp\/v2\/posts"}],"about":[{"href":"https:\/\/eldiariodesanpedro.com.ar\/sitio\/wp-json\/wp\/v2\/types\/post"}],"author":[{"embeddable":true,"href":"https:\/\/eldiariodesanpedro.com.ar\/sitio\/wp-json\/wp\/v2\/users\/4"}],"replies":[{"embeddable":true,"href":"https:\/\/eldiariodesanpedro.com.ar\/sitio\/wp-json\/wp\/v2\/comments?post=108558"}],"version-history":[{"count":2,"href":"https:\/\/eldiariodesanpedro.com.ar\/sitio\/wp-json\/wp\/v2\/posts\/108558\/revisions"}],"predecessor-version":[{"id":108563,"href":"https:\/\/eldiariodesanpedro.com.ar\/sitio\/wp-json\/wp\/v2\/posts\/108558\/revisions\/108563"}],"wp:featuredmedia":[{"embeddable":true,"href":"https:\/\/eldiariodesanpedro.com.ar\/sitio\/wp-json\/wp\/v2\/media\/108559"}],"wp:attachment":[{"href":"https:\/\/eldiariodesanpedro.com.ar\/sitio\/wp-json\/wp\/v2\/media?parent=108558"}],"wp:term":[{"taxonomy":"category","embeddable":true,"href":"https:\/\/eldiariodesanpedro.com.ar\/sitio\/wp-json\/wp\/v2\/categories?post=108558"},{"taxonomy":"post_tag","embeddable":true,"href":"https:\/\/eldiariodesanpedro.com.ar\/sitio\/wp-json\/wp\/v2\/tags?post=108558"}],"curies":[{"name":"wp","href":"https:\/\/api.w.org\/{rel}","templated":true}]}}