{"id":108549,"date":"2022-06-30T21:58:22","date_gmt":"2022-07-01T00:58:22","guid":{"rendered":"https:\/\/eldiariodesanpedro.com.ar\/sitio\/?p=108549"},"modified":"2022-06-30T22:05:12","modified_gmt":"2022-07-01T01:05:12","slug":"impresionante-accidente-en-la-ruta-9-entre-una-camioneta-y-un-camion-que-transportaba-un-retroescadora","status":"publish","type":"post","link":"https:\/\/eldiariodesanpedro.com.ar\/sitio\/impresionante-accidente-en-la-ruta-9-entre-una-camioneta-y-un-camion-que-transportaba-un-retroescadora\/","title":{"rendered":"Impresionante accidente en la ruta 9 entre una camioneta y un cami\u00f3n que transportaba un retroescadora"},"content":{"rendered":"<!-- VideographyWP Plugin Message: Automatic video embedding prevented by plugin options. -->\n\n<p>El accidente se produjo pasadas las 16.00 de este jueves, en inmediaciones del puente del arroyo El Espinillo. Una dotaci\u00f3n de Gobernador Castro y otra del cuartel central de San Pedro fueron convocadas para intervenir en el lugar. Una mujer y dos ni\u00f1as que circulaban en la camioneta fueron trasladadas al Hospital, al igual que el chofer del cami\u00f3n.<\/p>\n\n\n\n<p>Pasadas las 16.00 de este jueves, un accidente se produjo en el km 176,2 de la ruta 9, sobre el carril Buenos Aires Rosario, que oblig\u00f3 a la intervenci\u00f3n de dos dotaciones de Bomberos, una de Gobernador Castro y otra del cuartel central San Pedro.<\/p>\n\n\n\n<p>Por circunstancias que las pericias procurar\u00e1n establecer, chocaron en esa zona, en inmediaciones del puente del arroyo El Espinillo, un cami\u00f3n que transportaba una gr\u00faa, conducido por un hombre de 54 a\u00f1os, con una camioneta Dodge Journey que guiaba una mujer de 40 con la que viajaban dos menores de edad, que se cruz\u00f3 de carril, se\u00f1alaron desde la zona de la accidente.<\/p>\n\n\n\n<p>\u201cEl veh\u00edculo menor se cruz\u00f3 de carril\u201d, confirm\u00f3 el bombero H\u00e9ctor Keudell, a cargo de las dotaciones que intervinieron en el lugar. En la camioneta circulaban dos ni\u00f1as junto a su madre.about:blank<\/p>\n\n\n\n<p>Las tres resultaron con politraumatismos y fueron trasladadas al Hospital, al igual que el chofer del cami\u00f3n, que tambi\u00e9n sufri\u00f3 diversas lesiones, agreg\u00f3 el bombero.<\/p>\n\n\n\n<p>Ambulancias del Servicio de Emergencias Same 107 concurrieron al lugar, adem\u00e1s de Bomberos, y trabajaba en la zona personal policial, que manten\u00eda el tr\u00e1nsito interrumpido en la autopista, con desv\u00edo por la colectora, lo que provocaba importantes demoras.<\/p>\n\n\n\n<p>Fuente: la opini\u00f3n<\/p>\n\n\n\n<iframe data-src=\"https:\/\/www.facebook.com\/plugins\/video.php?height=314&#038;href=https%3A%2F%2Fwww.facebook.com%2Fdiariosp2%2Fvideos%2F271916108471391%2F&#038;show_text=false&#038;width=560&#038;t=0\" width=\"560\" height=\"314\" style=\"border:none;overflow:hidden\" scrolling=\"no\" frameborder=\"0\" allowfullscreen=\"true\" allow=\"autoplay; clipboard-write; encrypted-media; picture-in-picture; web-share\" allowFullScreen=\"true\" src=\"data:image\/svg+xml;base64,PHN2ZyB3aWR0aD0iMSIgaGVpZ2h0PSIxIiB4bWxucz0iaHR0cDovL3d3dy53My5vcmcvMjAwMC9zdmciPjwvc3ZnPg==\" class=\"lazyload\" data-load-mode=\"1\"><\/iframe>\n\n\n\n<p><\/p>\n\n\n\n<iframe data-src=\"https:\/\/www.facebook.com\/plugins\/video.php?height=314&amp;href=https%3A%2F%2Fwww.facebook.com%2Fdiariosp2%2Fvideos%2F722589232405583%2F&amp;show_text=false&amp;width=560&amp;t=0\" width=\"560\" height=\"314\" style=\"border:none;overflow:hidden\" scrolling=\"no\" frameborder=\"0\" allowfullscreen=\"true\" allow=\"autoplay; clipboard-write; encrypted-media; picture-in-picture; web-share\" src=\"data:image\/svg+xml;base64,PHN2ZyB3aWR0aD0iMSIgaGVpZ2h0PSIxIiB4bWxucz0iaHR0cDovL3d3dy53My5vcmcvMjAwMC9zdmciPjwvc3ZnPg==\" class=\"lazyload\" data-load-mode=\"1\"><\/iframe>\n\n\n\n<figure class=\"wp-block-image size-large\"><img decoding=\"async\" width=\"1024\" height=\"497\" data-attachment-id=\"108555\" data-permalink=\"https:\/\/eldiariodesanpedro.com.ar\/sitio\/impresionante-accidente-en-la-ruta-9-entre-una-camioneta-y-un-camion-que-transportaba-un-retroescadora\/whatsapp-image-2022-06-30-at-5-31-49-pm\/\" data-orig-file=\"https:\/\/eldiariodesanpedro.com.ar\/sitio\/wp-content\/uploads\/2022\/06\/WhatsApp-Image-2022-06-30-at-5.31.49-PM.jpeg\" data-orig-size=\"1200,583\" data-comments-opened=\"0\" data-image-meta=\"{&quot;aperture&quot;:&quot;0&quot;,&quot;credit&quot;:&quot;&quot;,&quot;camera&quot;:&quot;&quot;,&quot;caption&quot;:&quot;&quot;,&quot;created_timestamp&quot;:&quot;0&quot;,&quot;copyright&quot;:&quot;&quot;,&quot;focal_length&quot;:&quot;0&quot;,&quot;iso&quot;:&quot;0&quot;,&quot;shutter_speed&quot;:&quot;0&quot;,&quot;title&quot;:&quot;&quot;,&quot;orientation&quot;:&quot;0&quot;}\" data-image-title=\"WhatsApp Image 2022-06-30 at 5.31.49 PM\" data-image-description=\"\" data-image-caption=\"\" data-large-file=\"https:\/\/eldiariodesanpedro.com.ar\/sitio\/wp-content\/uploads\/2022\/06\/WhatsApp-Image-2022-06-30-at-5.31.49-PM-1024x497.jpeg\" data-src=\"https:\/\/eldiariodesanpedro.com.ar\/sitio\/wp-content\/uploads\/2022\/06\/WhatsApp-Image-2022-06-30-at-5.31.49-PM-1024x497.jpeg\" alt=\"\" class=\"wp-image-108555 lazyload\" data-srcset=\"https:\/\/eldiariodesanpedro.com.ar\/sitio\/wp-content\/uploads\/2022\/06\/WhatsApp-Image-2022-06-30-at-5.31.49-PM-1024x497.jpeg 1024w, https:\/\/eldiariodesanpedro.com.ar\/sitio\/wp-content\/uploads\/2022\/06\/WhatsApp-Image-2022-06-30-at-5.31.49-PM-300x146.jpeg 300w, https:\/\/eldiariodesanpedro.com.ar\/sitio\/wp-content\/uploads\/2022\/06\/WhatsApp-Image-2022-06-30-at-5.31.49-PM-768x373.jpeg 768w, https:\/\/eldiariodesanpedro.com.ar\/sitio\/wp-content\/uploads\/2022\/06\/WhatsApp-Image-2022-06-30-at-5.31.49-PM.jpeg 1200w\" data-sizes=\"(max-width: 1024px) 100vw, 1024px\" src=\"data:image\/svg+xml;base64,PHN2ZyB3aWR0aD0iMSIgaGVpZ2h0PSIxIiB4bWxucz0iaHR0cDovL3d3dy53My5vcmcvMjAwMC9zdmciPjwvc3ZnPg==\" style=\"--smush-placeholder-width: 1024px; --smush-placeholder-aspect-ratio: 1024\/497;\" \/><\/figure>\n\n\n\n<figure class=\"wp-block-image size-large\"><img decoding=\"async\" width=\"1024\" height=\"576\" data-attachment-id=\"108551\" data-permalink=\"https:\/\/eldiariodesanpedro.com.ar\/sitio\/impresionante-accidente-en-la-ruta-9-entre-una-camioneta-y-un-camion-que-transportaba-un-retroescadora\/whatsapp-image-2022-06-30-at-5-25-30-pm-1\/\" data-orig-file=\"https:\/\/eldiariodesanpedro.com.ar\/sitio\/wp-content\/uploads\/2022\/06\/WhatsApp-Image-2022-06-30-at-5.25.30-PM-1.jpeg\" data-orig-size=\"1120,630\" data-comments-opened=\"0\" data-image-meta=\"{&quot;aperture&quot;:&quot;0&quot;,&quot;credit&quot;:&quot;&quot;,&quot;camera&quot;:&quot;&quot;,&quot;caption&quot;:&quot;&quot;,&quot;created_timestamp&quot;:&quot;0&quot;,&quot;copyright&quot;:&quot;&quot;,&quot;focal_length&quot;:&quot;0&quot;,&quot;iso&quot;:&quot;0&quot;,&quot;shutter_speed&quot;:&quot;0&quot;,&quot;title&quot;:&quot;&quot;,&quot;orientation&quot;:&quot;0&quot;}\" data-image-title=\"WhatsApp Image 2022-06-30 at 5.25.30 PM (1)\" data-image-description=\"\" data-image-caption=\"\" data-large-file=\"https:\/\/eldiariodesanpedro.com.ar\/sitio\/wp-content\/uploads\/2022\/06\/WhatsApp-Image-2022-06-30-at-5.25.30-PM-1-1024x576.jpeg\" data-src=\"https:\/\/eldiariodesanpedro.com.ar\/sitio\/wp-content\/uploads\/2022\/06\/WhatsApp-Image-2022-06-30-at-5.25.30-PM-1-1024x576.jpeg\" alt=\"\" class=\"wp-image-108551 lazyload\" data-srcset=\"https:\/\/eldiariodesanpedro.com.ar\/sitio\/wp-content\/uploads\/2022\/06\/WhatsApp-Image-2022-06-30-at-5.25.30-PM-1-1024x576.jpeg 1024w, https:\/\/eldiariodesanpedro.com.ar\/sitio\/wp-content\/uploads\/2022\/06\/WhatsApp-Image-2022-06-30-at-5.25.30-PM-1-300x169.jpeg 300w, https:\/\/eldiariodesanpedro.com.ar\/sitio\/wp-content\/uploads\/2022\/06\/WhatsApp-Image-2022-06-30-at-5.25.30-PM-1-768x432.jpeg 768w, https:\/\/eldiariodesanpedro.com.ar\/sitio\/wp-content\/uploads\/2022\/06\/WhatsApp-Image-2022-06-30-at-5.25.30-PM-1.jpeg 1120w\" data-sizes=\"(max-width: 1024px) 100vw, 1024px\" src=\"data:image\/svg+xml;base64,PHN2ZyB3aWR0aD0iMSIgaGVpZ2h0PSIxIiB4bWxucz0iaHR0cDovL3d3dy53My5vcmcvMjAwMC9zdmciPjwvc3ZnPg==\" style=\"--smush-placeholder-width: 1024px; --smush-placeholder-aspect-ratio: 1024\/576;\" \/><\/figure>\n\n\n\n<p><a href=\"https:\/\/www.laopinionsemanario.com.ar\/secciones\/alertas\/\"><\/a><\/p>\n","protected":false},"excerpt":{"rendered":"<p>El accidente se produjo pasadas las 16.00 de este jueves, en inmediaciones del puente del arroyo El Espinillo. Una dotaci\u00f3n de Gobernador Castro y otra del cuartel central de San Pedro fueron convocadas para intervenir en el lugar. Una mujer y dos ni\u00f1as que circulaban en la camioneta fueron trasladadas al Hospital, al igual que [&hellip;]<\/p>\n","protected":false},"author":4,"featured_media":108552,"comment_status":"closed","ping_status":"closed","sticky":false,"template":"","format":"standard","meta":{"om_disable_all_campaigns":false,"_jetpack_memberships_contains_paid_content":false,"footnotes":""},"categories":[50,2,103],"tags":[197,33,95,19],"class_list":["post-108549","post","type-post","status-publish","format-standard","has-post-thumbnail","hentry","category-destacadas","category-locales","category-policiales-locales","tag-buenos-aires","tag-locales","tag-policiales","tag-san-pedro"],"aioseo_notices":[],"gutentor_comment":0,"jetpack_featured_media_url":"https:\/\/eldiariodesanpedro.com.ar\/sitio\/wp-content\/uploads\/2022\/06\/WhatsApp-Image-2022-06-30-at-5.25.30-PM.jpeg","jetpack_shortlink":"https:\/\/wp.me\/p6RhLt-seN","jetpack_sharing_enabled":true,"_links":{"self":[{"href":"https:\/\/eldiariodesanpedro.com.ar\/sitio\/wp-json\/wp\/v2\/posts\/108549","targetHints":{"allow":["GET"]}}],"collection":[{"href":"https:\/\/eldiariodesanpedro.com.ar\/sitio\/wp-json\/wp\/v2\/posts"}],"about":[{"href":"https:\/\/eldiariodesanpedro.com.ar\/sitio\/wp-json\/wp\/v2\/types\/post"}],"author":[{"embeddable":true,"href":"https:\/\/eldiariodesanpedro.com.ar\/sitio\/wp-json\/wp\/v2\/users\/4"}],"replies":[{"embeddable":true,"href":"https:\/\/eldiariodesanpedro.com.ar\/sitio\/wp-json\/wp\/v2\/comments?post=108549"}],"version-history":[{"count":2,"href":"https:\/\/eldiariodesanpedro.com.ar\/sitio\/wp-json\/wp\/v2\/posts\/108549\/revisions"}],"predecessor-version":[{"id":108557,"href":"https:\/\/eldiariodesanpedro.com.ar\/sitio\/wp-json\/wp\/v2\/posts\/108549\/revisions\/108557"}],"wp:featuredmedia":[{"embeddable":true,"href":"https:\/\/eldiariodesanpedro.com.ar\/sitio\/wp-json\/wp\/v2\/media\/108552"}],"wp:attachment":[{"href":"https:\/\/eldiariodesanpedro.com.ar\/sitio\/wp-json\/wp\/v2\/media?parent=108549"}],"wp:term":[{"taxonomy":"category","embeddable":true,"href":"https:\/\/eldiariodesanpedro.com.ar\/sitio\/wp-json\/wp\/v2\/categories?post=108549"},{"taxonomy":"post_tag","embeddable":true,"href":"https:\/\/eldiariodesanpedro.com.ar\/sitio\/wp-json\/wp\/v2\/tags?post=108549"}],"curies":[{"name":"wp","href":"https:\/\/api.w.org\/{rel}","templated":true}]}}