{"id":108546,"date":"2022-06-30T21:04:24","date_gmt":"2022-07-01T00:04:24","guid":{"rendered":"https:\/\/eldiariodesanpedro.com.ar\/sitio\/?p=108546"},"modified":"2022-06-30T21:04:25","modified_gmt":"2022-07-01T00:04:25","slug":"el-manejo-del-fuego-dispuso-un-operativo-ante-los-ultimos-graves-incendios-registrados-en-la-zona-de-islas%ef%bf%bc%ef%bf%bc","status":"publish","type":"post","link":"https:\/\/eldiariodesanpedro.com.ar\/sitio\/el-manejo-del-fuego-dispuso-un-operativo-ante-los-ultimos-graves-incendios-registrados-en-la-zona-de-islas%ef%bf%bc%ef%bf%bc\/","title":{"rendered":"El Manejo del Fuego dispuso un operativo ante los \u00faltimos graves incendios registrados en la zona de islas\ufffc\ufffc"},"content":{"rendered":"<!-- VideographyWP Plugin Message: Automatic video embedding prevented by plugin options. -->\n\n<p>El Servicio Nacional de Manejo del Fuego y Defensa Civil de Entre R\u00edos dispusieron un operativo conjunto, del que participa tambi\u00e9n Defensa Civil local. Tras analizar la situaci\u00f3n y evaluar las condiciones clim\u00e1ticas, har\u00e1n base en San Nicol\u00e1s para intervenir con aeronaves hidrantes, inform\u00f3 Giovanettoni.<\/p>\n\n\n\n<p>M\u00e1s de 2 mil hect\u00e1reas ardieron en los \u00faltimos d\u00edas en la zona de islas frente a las costas de San Pedro, seg\u00fan las estimaciones a partir de los registros de la Nasa, lo que provoc\u00f3 la intervencion de autoridades.<\/p>\n\n\n\n<p>El mi\u00e9rcoles, el Gobierno municipal inform\u00f3 que se hab\u00eda contactado con la Direcci\u00f3n provincial de Defensa Civil de Entre R\u00edos y elevado las denuncias para qeu se analicen y dispongan las medidas pertinentes.<\/p>\n\n\n\n<p>El Servicio Nacional de Manejo del Fuego dispuso un operativo para este jueves, similar al que tuvo lugar a fines de mayo pasado ante los focos registrados en la zona, con aeronaves hidrantes.<\/p>\n\n\n\n<p>El director de Defensa Civil municipal, Fabio Giovanettoni, inform\u00f3 que el operativo fue ordenado por las autoridades nacionales \u201cluego de analizar la situaci\u00f3n de los focos \u00edgneos y considerar condiciones clim\u00e1ticas\u201d como la direccion y velocidad del viento.<\/p>\n\n\n\n<p>Esta vez, agreg\u00f3, el personal de Defensa Civil de la provincia de Entre R\u00edos y del Servicio Nacional de Manejo del Fuego har\u00e1n base en la vecina ciudad de San Nicol\u00e1s para la intervenci\u00f3n en la zona de islas.<\/p>\n\n\n\n<p>La situaci\u00f3n meteorol\u00f3gica para la zona del Delta, informaron las autoridades, prev\u00e9 vientos leves del sudoeste por la ma\u00f1ana de este jueves, rotando al este entre la tarde y la noche. Para el viernes, agregaron, est\u00e1n prevista lluvias y chaparrones.<\/p>\n\n\n\n<p>Fuente: la Opini\u00f3n<\/p>\n\n\n\n<p><a href=\"https:\/\/www.laopinionsemanario.com.ar\/secciones\/informacion-general\/\"><\/a><\/p>\n","protected":false},"excerpt":{"rendered":"<p>El Servicio Nacional de Manejo del Fuego y Defensa Civil de Entre R\u00edos dispusieron un operativo conjunto, del que participa tambi\u00e9n Defensa Civil local. Tras analizar la situaci\u00f3n y evaluar las condiciones clim\u00e1ticas, har\u00e1n base en San Nicol\u00e1s para intervenir con aeronaves hidrantes, inform\u00f3 Giovanettoni. M\u00e1s de 2 mil hect\u00e1reas ardieron en los \u00faltimos d\u00edas [&hellip;]<\/p>\n","protected":false},"author":4,"featured_media":108547,"comment_status":"closed","ping_status":"closed","sticky":false,"template":"","format":"standard","meta":{"om_disable_all_campaigns":false,"_jetpack_memberships_contains_paid_content":false,"footnotes":""},"categories":[50,101,2],"tags":[],"class_list":["post-108546","post","type-post","status-publish","format-standard","has-post-thumbnail","hentry","category-destacadas","category-interes-general-locales","category-locales"],"aioseo_notices":[],"gutentor_comment":0,"jetpack_featured_media_url":"https:\/\/eldiariodesanpedro.com.ar\/sitio\/wp-content\/uploads\/2022\/06\/WhatsApp-Image-2022-06-30-at-2.09.00-PM.jpeg","jetpack_shortlink":"https:\/\/wp.me\/p6RhLt-seK","jetpack_sharing_enabled":true,"_links":{"self":[{"href":"https:\/\/eldiariodesanpedro.com.ar\/sitio\/wp-json\/wp\/v2\/posts\/108546","targetHints":{"allow":["GET"]}}],"collection":[{"href":"https:\/\/eldiariodesanpedro.com.ar\/sitio\/wp-json\/wp\/v2\/posts"}],"about":[{"href":"https:\/\/eldiariodesanpedro.com.ar\/sitio\/wp-json\/wp\/v2\/types\/post"}],"author":[{"embeddable":true,"href":"https:\/\/eldiariodesanpedro.com.ar\/sitio\/wp-json\/wp\/v2\/users\/4"}],"replies":[{"embeddable":true,"href":"https:\/\/eldiariodesanpedro.com.ar\/sitio\/wp-json\/wp\/v2\/comments?post=108546"}],"version-history":[{"count":1,"href":"https:\/\/eldiariodesanpedro.com.ar\/sitio\/wp-json\/wp\/v2\/posts\/108546\/revisions"}],"predecessor-version":[{"id":108548,"href":"https:\/\/eldiariodesanpedro.com.ar\/sitio\/wp-json\/wp\/v2\/posts\/108546\/revisions\/108548"}],"wp:featuredmedia":[{"embeddable":true,"href":"https:\/\/eldiariodesanpedro.com.ar\/sitio\/wp-json\/wp\/v2\/media\/108547"}],"wp:attachment":[{"href":"https:\/\/eldiariodesanpedro.com.ar\/sitio\/wp-json\/wp\/v2\/media?parent=108546"}],"wp:term":[{"taxonomy":"category","embeddable":true,"href":"https:\/\/eldiariodesanpedro.com.ar\/sitio\/wp-json\/wp\/v2\/categories?post=108546"},{"taxonomy":"post_tag","embeddable":true,"href":"https:\/\/eldiariodesanpedro.com.ar\/sitio\/wp-json\/wp\/v2\/tags?post=108546"}],"curies":[{"name":"wp","href":"https:\/\/api.w.org\/{rel}","templated":true}]}}