{"id":108544,"date":"2022-06-30T20:54:34","date_gmt":"2022-06-30T23:54:34","guid":{"rendered":"https:\/\/eldiariodesanpedro.com.ar\/sitio\/?p=108544"},"modified":"2022-06-30T20:54:35","modified_gmt":"2022-06-30T23:54:35","slug":"la-inauguracion-del-jardin-de-banfield-sera-el-proximo-miercoles-%ef%bf%bc%ef%bf%bc","status":"publish","type":"post","link":"https:\/\/eldiariodesanpedro.com.ar\/sitio\/la-inauguracion-del-jardin-de-banfield-sera-el-proximo-miercoles-%ef%bf%bc%ef%bf%bc\/","title":{"rendered":"La inauguraci\u00f3n del Jard\u00edn de Banfield ser\u00e1 el pr\u00f3ximo mi\u00e9rcoles \ufffc\ufffc"},"content":{"rendered":"<!-- VideographyWP Plugin Message: Automatic video embedding prevented by plugin options. -->\n\n<p>El Gobierno municipal puso fecha para el acto formal de corte de cintas del jard\u00edn 919, construido en los terrenos de la excancha de Banfield. Ser\u00e1 el mi\u00e9rcoles 6 a las 10.00 de la ma\u00f1ana. La construcci\u00f3n comenz\u00f3 en mayo de 2017 y ten\u00eda un plazo de obra de seis meses. Sin embargo, hubo rescisi\u00f3n de contrato y diversas demoras. Estimaciones extraoficiales hablan de alrededor de 150 alumnos.<\/p>\n\n\n\n<p>El mi\u00e9rcoles pr\u00f3ximo, a las 10.00 de la ma\u00f1ana, autoridades del Gobierno municipal y del Ministerio de Educaci\u00f3n provincial inaugurar\u00e1n formalmente el nuevo jard\u00edn 919, construido en los terrenos de la excancha de Banfield.<\/p>\n\n\n\n<p>Ubicado en 11 de Septiembre 1855, el edificio est\u00e1 terminado luego de cuatro a\u00f1os y medio de demoras en una obra que ten\u00eda como plazo de finalizaci\u00f3n diciembre de 2017.<\/p>\n\n\n\n<p>\u201cY ese sue\u00f1o que comenz\u00f3 siendo de alguno, hoy se convierte en una realidad de toda la comunidad\u201d, dice la tarjeta de invitaci\u00f3n que el intendente interino Ram\u00f3n Salazar curs\u00f3 a autoridades para el acto oficial del mi\u00e9rcoles.<\/p>\n\n\n\n<p>El jard\u00edn est\u00e1 ubicado detr\u00e1s de la escuela secundaria 13, inaugurada en 2019, y se espera para ese predio una primaria que complete la Unidad Acad\u00e9mica que so\u00f1aron para el barrio cuando se impuls\u00f3 la construcci\u00f3n de las 104 Viviendas.<\/p>\n\n\n\n<p>Estimaciones extraoficiales \u2014<strong>La Opini\u00f3n<\/strong>\u00a0no recibi\u00f3 respuestas de Jefatura Distrital y la Direcci\u00f3n del jard\u00edn remiti\u00f3 a ese organismo\u2014 indican que hay alrededor de 150 inscriptos para el establecimiento educativo, que tiene una capacidad de alrededor de 300 bancos en seis secciones por turno.<\/p>\n\n\n\n<p>En mayo pasado designaron a Karina Rossi como directora y comenzaron a formalizar los nombramientos de docentes, tras asignar el n\u00famero 919 a la nueva instituci\u00f3n educativa del nivel inicial que llega para cubrir una demanda importante de la comunidad. El mi\u00e9rcoles fueron designados tres auxiliares en acto p\u00fablico.<\/p>\n\n\n\n<p>La construcci\u00f3n del jard\u00edn de Banfield comenz\u00f3 en mayo de 2017, en el marco del anuncio de 1000 jardines de infantes que hizo el entonces presidente Mauricio Macri. La uni\u00f3n transitoria de empresas conformada por las firmas Escarbajal Ingenier\u00eda SRL y Bah\u00eda Blanca Viviendas SRL result\u00f3 adjudicataria de esta y otras obras similares en diversos puntos del pa\u00eds.<\/p>\n\n\n\n<p>En diciembre de 2017 ten\u00eda que estar listo, pero las demoras comenzaron a poco de que iniciaran la construcci\u00f3n, y el retraso deriv\u00f3 en paralizaci\u00f3n total. En el medio, la construcci\u00f3n, bajo el sistema steel framing, sufri\u00f3 las consecuencias de un temporal que provoc\u00f3 severos da\u00f1os en la estructura.<\/p>\n\n\n\n<p>Paraliazada en alrededor del 65 por ciento de la obra, en 2019 el Gobierno nacional se comprometi\u00f3 a girar los recursos al Municipio para terminar el jard\u00edn. Sin embargo, reci\u00e9n en 2020, tras las elecciones y el cambio de autoridades gubernamentales, las gestiones locales permitieron retomar las tareas hasta la inauguraci\u00f3n formal, que tendr\u00e1 lugar este viernes.<\/p>\n\n\n\n<p>Fuente: La Opinion<\/p>\n\n\n\n<p><a href=\"https:\/\/www.laopinionsemanario.com.ar\/secciones\/informacion-general\/\"><\/a><\/p>\n","protected":false},"excerpt":{"rendered":"<p>El Gobierno municipal puso fecha para el acto formal de corte de cintas del jard\u00edn 919, construido en los terrenos de la excancha de Banfield. Ser\u00e1 el mi\u00e9rcoles 6 a las 10.00 de la ma\u00f1ana. La construcci\u00f3n comenz\u00f3 en mayo de 2017 y ten\u00eda un plazo de obra de seis meses. Sin embargo, hubo rescisi\u00f3n [&hellip;]<\/p>\n","protected":false},"author":4,"featured_media":107257,"comment_status":"closed","ping_status":"closed","sticky":false,"template":"","format":"standard","meta":{"om_disable_all_campaigns":false,"_jetpack_memberships_contains_paid_content":false,"footnotes":""},"categories":[50,101,2],"tags":[],"class_list":["post-108544","post","type-post","status-publish","format-standard","has-post-thumbnail","hentry","category-destacadas","category-interes-general-locales","category-locales"],"aioseo_notices":[],"gutentor_comment":0,"jetpack_featured_media_url":"https:\/\/eldiariodesanpedro.com.ar\/sitio\/wp-content\/uploads\/2022\/05\/WhatsApp-Image-2022-05-17-at-11.36.33-AM.jpeg","jetpack_shortlink":"https:\/\/wp.me\/p6RhLt-seI","jetpack_sharing_enabled":true,"_links":{"self":[{"href":"https:\/\/eldiariodesanpedro.com.ar\/sitio\/wp-json\/wp\/v2\/posts\/108544","targetHints":{"allow":["GET"]}}],"collection":[{"href":"https:\/\/eldiariodesanpedro.com.ar\/sitio\/wp-json\/wp\/v2\/posts"}],"about":[{"href":"https:\/\/eldiariodesanpedro.com.ar\/sitio\/wp-json\/wp\/v2\/types\/post"}],"author":[{"embeddable":true,"href":"https:\/\/eldiariodesanpedro.com.ar\/sitio\/wp-json\/wp\/v2\/users\/4"}],"replies":[{"embeddable":true,"href":"https:\/\/eldiariodesanpedro.com.ar\/sitio\/wp-json\/wp\/v2\/comments?post=108544"}],"version-history":[{"count":1,"href":"https:\/\/eldiariodesanpedro.com.ar\/sitio\/wp-json\/wp\/v2\/posts\/108544\/revisions"}],"predecessor-version":[{"id":108545,"href":"https:\/\/eldiariodesanpedro.com.ar\/sitio\/wp-json\/wp\/v2\/posts\/108544\/revisions\/108545"}],"wp:featuredmedia":[{"embeddable":true,"href":"https:\/\/eldiariodesanpedro.com.ar\/sitio\/wp-json\/wp\/v2\/media\/107257"}],"wp:attachment":[{"href":"https:\/\/eldiariodesanpedro.com.ar\/sitio\/wp-json\/wp\/v2\/media?parent=108544"}],"wp:term":[{"taxonomy":"category","embeddable":true,"href":"https:\/\/eldiariodesanpedro.com.ar\/sitio\/wp-json\/wp\/v2\/categories?post=108544"},{"taxonomy":"post_tag","embeddable":true,"href":"https:\/\/eldiariodesanpedro.com.ar\/sitio\/wp-json\/wp\/v2\/tags?post=108544"}],"curies":[{"name":"wp","href":"https:\/\/api.w.org\/{rel}","templated":true}]}}