{"id":108542,"date":"2022-06-30T20:06:35","date_gmt":"2022-06-30T23:06:35","guid":{"rendered":"https:\/\/eldiariodesanpedro.com.ar\/sitio\/?p=108542"},"modified":"2022-06-30T20:06:36","modified_gmt":"2022-06-30T23:06:36","slug":"transportistas-tras-acuerdo-por-las-tarifas-habra-un-impasse-hasta-el-lunes-por-el-conflicto-con-el-gasoil%ef%bf%bc%ef%bf%bc","status":"publish","type":"post","link":"https:\/\/eldiariodesanpedro.com.ar\/sitio\/transportistas-tras-acuerdo-por-las-tarifas-habra-un-impasse-hasta-el-lunes-por-el-conflicto-con-el-gasoil%ef%bf%bc%ef%bf%bc\/","title":{"rendered":"Transportistas: tras acuerdo por las tarifas, habr\u00e1 un impasse hasta el lunes por el conflicto con el gasoil\ufffc\ufffc"},"content":{"rendered":"<!-- VideographyWP Plugin Message: Automatic video embedding prevented by plugin options. -->\n\n<p>Una reuni\u00f3n en el Ministerio de Transporte permiti\u00f3 acordar actualizaci\u00f3n de tarifas en un 16 por ciento. Los transportistas que estaban en los piquetes en las rutas quedaron \u00aben alerta\u00bb hasta el lunes, a la espera de respuestas respecto de la problem\u00e1tica con el combustible. La Mesa de Enlace convoc\u00f3 a un cese de comercializaci\u00f3n para el 13 de julio por el mismo tema y el Gobierno dijo que \u00aben los pr\u00f3ximos d\u00edas\u00bb se \u00abreordenar\u00e1\u00bb el abastecimiento.<\/p>\n\n\n\n<p>La \u201cMesa de Negociaci\u00f3n Participativa\u201d arroj\u00f3 como resultado un incremento en la tarifa de referencia del orden del 25 por ciento, aunque se fij\u00f3 un descuento de 9 puntos, por lo que el aumento real ser\u00e1 del 16 por ciento, acuerdo firmado por tres de las cuatro c\u00e1maras representantes de los transportistas, cuyas bases en los piquetes no estaban del todo conformes.<\/p>\n\n\n\n<p>Ese incremento de las tarifas permiti\u00f3 el retiro de los camiones de las rutas donde estaban las protestas, por lo que el tr\u00e1nsito volvi\u00f3 a la normalidad. En San Pedro, si bien no hab\u00eda interrupci\u00f3n vehicular, se mantuvieron hasta anoche a la vera del camino a la espera de las novedades.about:blank<\/p>\n\n\n\n<p>Juan Manuel Acevedo, vocero del grupo de transportistas locales, inform\u00f3 a&nbsp;<strong>La Opini\u00f3n&nbsp;<\/strong>que quedaron \u201cen alerta\u201d por el reclamo por la escasez de gasoil, que forma parte de los planteos al Gobierno nacional en el marco de las protestas.<\/p>\n\n\n\n<p>Esperan una normalizaci\u00f3n del abastecimiento para el fin de semana y advirtieron que el lunes podr\u00edan volver al paro si no hay respuestas satisfactorias en relaci\u00f3n al combustible y la dificultades que tienen para cargar en todo el pa\u00eds.<\/p>\n\n\n\n<p>Desde el Gobierno nacional, la portavoz presidencial, Gabriela Cerrutti, dijo que la problem\u00e1tica con el gasoil se replic\u00f3 en todos los pa\u00edses del mundo como consecuencia de la guerra entre Rusia y Ucrania, y anuncio que el abastecimiento se ir\u00e1 \u201cordenando en los pr\u00f3ximos d\u00edas\u201d con el ingreso al pa\u00eds de \u201cbarcos con gasoil\u201d mientras las refiner\u00edas \u201cest\u00e1n trabajando a su mayor nivel y produciendo a picos hist\u00f3ricos\u201d.<\/p>\n\n\n\n<p>Cerrutti asegur\u00f3 que el paro de transportistas \u201cno tiene que ver con el gasoil\u201d sino que se trata de \u201ccamioneros auoconvocados qeu est\u00e1n discutiendo otras cosas, desde su situaci\u00f3n sindical hasta su participaci\u00f3n en otros tipos de negocios\u201d.<\/p>\n\n\n\n<p>Desde la Mesa de Enlace de Entidades Agropecuarias, que nuclea a las principales organizaciones empresarias de la actividad rural, anunciaron un cese de comercializaci\u00f3n a partir del mi\u00e9rcoles 13 de julio, en el marco del reclamo por el abastecimiento del gasoil y las dificultades para la importaci\u00f3n de fertilizantes.<\/p>\n\n\n\n<p>Organizaciones de base como la Sociedad Rural de San Pedro expresaron su descontento por la fecha en la que se dispuso la medida de fuerza por parte de quienes conducen la Mesa de Enlace, a la que el referente local Ra\u00fal Victores calific\u00f3 de \u201cMesa del Desenlace\u201d y acus\u00f3 de faltar el \u201crespeto a los productores que dicen representer\u201d.<\/p>\n\n\n\n<p>Fuente: La Opini\u00f3n<\/p>\n\n\n\n<p><a href=\"https:\/\/www.laopinionsemanario.com.ar\/secciones\/informacion-general\/\"><\/a><\/p>\n","protected":false},"excerpt":{"rendered":"<p>Una reuni\u00f3n en el Ministerio de Transporte permiti\u00f3 acordar actualizaci\u00f3n de tarifas en un 16 por ciento. Los transportistas que estaban en los piquetes en las rutas quedaron \u00aben alerta\u00bb hasta el lunes, a la espera de respuestas respecto de la problem\u00e1tica con el combustible. La Mesa de Enlace convoc\u00f3 a un cese de comercializaci\u00f3n [&hellip;]<\/p>\n","protected":false},"author":4,"featured_media":108293,"comment_status":"closed","ping_status":"closed","sticky":false,"template":"","format":"standard","meta":{"om_disable_all_campaigns":false,"_jetpack_memberships_contains_paid_content":false,"footnotes":""},"categories":[50,101,2],"tags":[],"class_list":["post-108542","post","type-post","status-publish","format-standard","has-post-thumbnail","hentry","category-destacadas","category-interes-general-locales","category-locales"],"aioseo_notices":[],"gutentor_comment":0,"jetpack_featured_media_url":"https:\/\/eldiariodesanpedro.com.ar\/sitio\/wp-content\/uploads\/2022\/06\/WhatsApp-Image-2022-06-23-at-2.09.27-PM.jpeg","jetpack_shortlink":"https:\/\/wp.me\/p6RhLt-seG","jetpack_sharing_enabled":true,"_links":{"self":[{"href":"https:\/\/eldiariodesanpedro.com.ar\/sitio\/wp-json\/wp\/v2\/posts\/108542","targetHints":{"allow":["GET"]}}],"collection":[{"href":"https:\/\/eldiariodesanpedro.com.ar\/sitio\/wp-json\/wp\/v2\/posts"}],"about":[{"href":"https:\/\/eldiariodesanpedro.com.ar\/sitio\/wp-json\/wp\/v2\/types\/post"}],"author":[{"embeddable":true,"href":"https:\/\/eldiariodesanpedro.com.ar\/sitio\/wp-json\/wp\/v2\/users\/4"}],"replies":[{"embeddable":true,"href":"https:\/\/eldiariodesanpedro.com.ar\/sitio\/wp-json\/wp\/v2\/comments?post=108542"}],"version-history":[{"count":1,"href":"https:\/\/eldiariodesanpedro.com.ar\/sitio\/wp-json\/wp\/v2\/posts\/108542\/revisions"}],"predecessor-version":[{"id":108543,"href":"https:\/\/eldiariodesanpedro.com.ar\/sitio\/wp-json\/wp\/v2\/posts\/108542\/revisions\/108543"}],"wp:featuredmedia":[{"embeddable":true,"href":"https:\/\/eldiariodesanpedro.com.ar\/sitio\/wp-json\/wp\/v2\/media\/108293"}],"wp:attachment":[{"href":"https:\/\/eldiariodesanpedro.com.ar\/sitio\/wp-json\/wp\/v2\/media?parent=108542"}],"wp:term":[{"taxonomy":"category","embeddable":true,"href":"https:\/\/eldiariodesanpedro.com.ar\/sitio\/wp-json\/wp\/v2\/categories?post=108542"},{"taxonomy":"post_tag","embeddable":true,"href":"https:\/\/eldiariodesanpedro.com.ar\/sitio\/wp-json\/wp\/v2\/tags?post=108542"}],"curies":[{"name":"wp","href":"https:\/\/api.w.org\/{rel}","templated":true}]}}