{"id":108539,"date":"2022-06-30T19:58:15","date_gmt":"2022-06-30T22:58:15","guid":{"rendered":"https:\/\/eldiariodesanpedro.com.ar\/sitio\/?p=108539"},"modified":"2022-06-30T19:58:16","modified_gmt":"2022-06-30T22:58:16","slug":"vecinos-denunciaron-camioneta-en-estado-de-abandono-e-inspeccion-se-la-llevo-anda-y-tiene-todos-los-papeles%ef%bf%bc%ef%bf%bc","status":"publish","type":"post","link":"https:\/\/eldiariodesanpedro.com.ar\/sitio\/vecinos-denunciaron-camioneta-en-estado-de-abandono-e-inspeccion-se-la-llevo-anda-y-tiene-todos-los-papeles%ef%bf%bc%ef%bf%bc\/","title":{"rendered":"Vecinos denunciaron camioneta en estado de abandono e Inspecci\u00f3n se la llev\u00f3: \u201cAnda y tiene todos los papeles\u201d\ufffc\ufffc"},"content":{"rendered":"<!-- VideographyWP Plugin Message: Automatic video embedding prevented by plugin options. -->\n\n<p>Ocurri\u00f3 en la zona de 9 de Julio y Uruguay. El veh\u00edculo, una Ford F-100 modelo 80, estaba estacionado en la v\u00eda p\u00fablica. Con la documentaci\u00f3n y tras pagar el acarreo y la estad\u00eda, la recuperaron, pero ahora deben pagar una multa de alrededor de 30 mil pesos, que recurrieron con abogados. Enojo con los vecinos que denunciaron la situaci\u00f3n.<\/p>\n\n\n\n<p>El lunes, en horas del mediod\u00eda, \u00c1ngeles llegaba con su nene de la escuela y en la cuadra de su casa se encontr\u00f3 con personal de Tr\u00e1nsito que se llevaba la camioneta de su marido, que est\u00e1 a nombre de su suegro, porque hab\u00eda \u201cdenuncias de vecinos que dec\u00edan que estaba abandonada\u201d.<\/p>\n\n\n\n<p>La mujer asegur\u00f3 en&nbsp;<strong>Radio Cuarentena&nbsp;<\/strong>que el veh\u00edculo \u201cno estaba cometiendo ninguna infracci\u00f3n\u201d y que \u201cno estaba abandonada\u201d, puesto que su marido la utiliza para trabajar y \u201ctiene todos los papeles\u201d.<\/p>\n\n\n\n<p>\u201cLa \u00fanica justificaci\u00f3n que encuentro es que hay vecinos a los que les molesta que uno estacione en uno u otro lugar\u201d, se\u00f1al\u00f3 \u00c1ngeles y agreg\u00f3: \u201cCreo que hay falta de di\u00e1logo y mala intenci\u00f3n por parte de alg\u00fan vecino\u201d.about:blank<\/p>\n\n\n\n<p>La mujer asegur\u00f3 que nunca fueron notificados respecto de la presunci\u00f3n de veh\u00edculo abandonado, por lo que tuvieron que pagar el acarreo y la estad\u00eda, alrededor de 2.500 pesos, para, con la documentaci\u00f3n correspondiente, recuperar la camioneta. Ahora, con una abogada que los representa, procurar\u00e1n evitar el pago de la contravenci\u00f3n en el Tribunal de Faltas.<\/p>\n\n\n\n<p>\u201cNosotros en el barrio vivimos hace tres a\u00f1os\u201d, dijo y agreg\u00f3 que la camioneta la tienen desde hace unos meses, cuando tras la muerte de su suegro su marido se hizo cargo del veh\u00edculo y de parte del trabajo que su padre llevaba adelante.<\/p>\n\n\n\n<p>\u201cNo fueron capaces de tocar el timbre y venir a decir sacame la camioneta de ah\u00ed o no quiero que dejes la camioneta ah\u00ed, igual la calle es p\u00fablica\u201d, se quej\u00f3 \u00c1ngeles respecto de la denuncia de vecinos que deriv\u00f3 en el secuestro del veh\u00edculo por parte del personal de Inspecci\u00f3n.<\/p>\n\n\n\n<p>La multa asciende a alrededor de 30 mil pesos y tiene un pago voluntario de unos 4500, por \u201cveh\u00edculo en estado de abandono\u201d. Los inspectores le informaron a la mujer que \u201cun auto no puede estar m\u00e1s de cinco d\u00edas\u201d estacionado en la v\u00eda p\u00fablica porque es pasible de ser considerado abandonado.<\/p>\n\n\n\n<p>\u201cEstamos asesorados por una abogada para lograr no pagar esa multa, porque no est\u00e1 dentro de lo que corresponde, y para que esto no vuelva a suceder. Que los vecinos aprendan y as\u00ed como nos vemos todos los d\u00edas las caras vengan y toquen el timbre ante cualquier situaci\u00f3n, que no act\u00faen de esta manera\u201d, finaliz\u00f3.<\/p>\n\n\n\n<p>Fuente: La Opini\u00f3n <\/p>\n\n\n\n<p><a href=\"https:\/\/www.laopinionsemanario.com.ar\/secciones\/informacion-general\/\"><\/a><\/p>\n","protected":false},"excerpt":{"rendered":"<p>Ocurri\u00f3 en la zona de 9 de Julio y Uruguay. El veh\u00edculo, una Ford F-100 modelo 80, estaba estacionado en la v\u00eda p\u00fablica. Con la documentaci\u00f3n y tras pagar el acarreo y la estad\u00eda, la recuperaron, pero ahora deben pagar una multa de alrededor de 30 mil pesos, que recurrieron con abogados. Enojo con los [&hellip;]<\/p>\n","protected":false},"author":4,"featured_media":108540,"comment_status":"closed","ping_status":"closed","sticky":false,"template":"","format":"standard","meta":{"om_disable_all_campaigns":false,"_jetpack_memberships_contains_paid_content":false,"footnotes":""},"categories":[50,101,2],"tags":[197,696,33,19],"class_list":["post-108539","post","type-post","status-publish","format-standard","has-post-thumbnail","hentry","category-destacadas","category-interes-general-locales","category-locales","tag-buenos-aires","tag-interes-general","tag-locales","tag-san-pedro"],"aioseo_notices":[],"gutentor_comment":0,"jetpack_featured_media_url":"https:\/\/eldiariodesanpedro.com.ar\/sitio\/wp-content\/uploads\/2022\/06\/medida-9.jpg","jetpack_shortlink":"https:\/\/wp.me\/p6RhLt-seD","jetpack_sharing_enabled":true,"_links":{"self":[{"href":"https:\/\/eldiariodesanpedro.com.ar\/sitio\/wp-json\/wp\/v2\/posts\/108539","targetHints":{"allow":["GET"]}}],"collection":[{"href":"https:\/\/eldiariodesanpedro.com.ar\/sitio\/wp-json\/wp\/v2\/posts"}],"about":[{"href":"https:\/\/eldiariodesanpedro.com.ar\/sitio\/wp-json\/wp\/v2\/types\/post"}],"author":[{"embeddable":true,"href":"https:\/\/eldiariodesanpedro.com.ar\/sitio\/wp-json\/wp\/v2\/users\/4"}],"replies":[{"embeddable":true,"href":"https:\/\/eldiariodesanpedro.com.ar\/sitio\/wp-json\/wp\/v2\/comments?post=108539"}],"version-history":[{"count":1,"href":"https:\/\/eldiariodesanpedro.com.ar\/sitio\/wp-json\/wp\/v2\/posts\/108539\/revisions"}],"predecessor-version":[{"id":108541,"href":"https:\/\/eldiariodesanpedro.com.ar\/sitio\/wp-json\/wp\/v2\/posts\/108539\/revisions\/108541"}],"wp:featuredmedia":[{"embeddable":true,"href":"https:\/\/eldiariodesanpedro.com.ar\/sitio\/wp-json\/wp\/v2\/media\/108540"}],"wp:attachment":[{"href":"https:\/\/eldiariodesanpedro.com.ar\/sitio\/wp-json\/wp\/v2\/media?parent=108539"}],"wp:term":[{"taxonomy":"category","embeddable":true,"href":"https:\/\/eldiariodesanpedro.com.ar\/sitio\/wp-json\/wp\/v2\/categories?post=108539"},{"taxonomy":"post_tag","embeddable":true,"href":"https:\/\/eldiariodesanpedro.com.ar\/sitio\/wp-json\/wp\/v2\/tags?post=108539"}],"curies":[{"name":"wp","href":"https:\/\/api.w.org\/{rel}","templated":true}]}}