{"id":108527,"date":"2022-06-30T19:37:30","date_gmt":"2022-06-30T22:37:30","guid":{"rendered":"https:\/\/eldiariodesanpedro.com.ar\/sitio\/?p=108527"},"modified":"2022-06-30T19:37:31","modified_gmt":"2022-06-30T22:37:31","slug":"encuentro-de-escrituracion-social-del-partido-de-san-pedro","status":"publish","type":"post","link":"https:\/\/eldiariodesanpedro.com.ar\/sitio\/encuentro-de-escrituracion-social-del-partido-de-san-pedro\/","title":{"rendered":"Encuentro de escrituraci\u00f3n social del partido de san pedro"},"content":{"rendered":"<!-- VideographyWP Plugin Message: Automatic video embedding prevented by plugin options. -->\n\n<p>La Oficina de Escrituraciones de la Municipalidad de San Pedro, informa que el pr\u00f3ximo martes 5 de julio a las 11.00 hs. se concretar\u00e1 un nuevo acto de firma de escrituras gestionadas a trav\u00e9s del \u00e1rea y continuando con el constante plan de regularizaci\u00f3n dominial \u201cMi Escritura Mi Casa\u201d que se lleva adelante junto a la Escriban\u00eda General de Gobierno dependiente del Ministerio de Justicia y Derechos Humanos de la Provincia de Buenos Aires. En esta oportunidad se firmar\u00e1n 88 escrituras pertenecientes a diferentes vecinos del Partido en un acto que se desarrollar\u00e1 en el Sal\u00f3n dorado del Honorable Concejo Deliberante (Pellegrini 150).<\/p>\n\n\n\n<figure class=\"wp-block-image size-full\"><img decoding=\"async\" width=\"630\" height=\"630\" data-attachment-id=\"108528\" data-permalink=\"https:\/\/eldiariodesanpedro.com.ar\/sitio\/encuentro-de-escrituracion-social-del-partido-de-san-pedro\/whatsapp-image-2022-06-30-at-1-52-36-pm\/\" data-orig-file=\"https:\/\/eldiariodesanpedro.com.ar\/sitio\/wp-content\/uploads\/2022\/06\/WhatsApp-Image-2022-06-30-at-1.52.36-PM.jpeg\" data-orig-size=\"630,630\" data-comments-opened=\"0\" data-image-meta=\"{&quot;aperture&quot;:&quot;0&quot;,&quot;credit&quot;:&quot;&quot;,&quot;camera&quot;:&quot;&quot;,&quot;caption&quot;:&quot;&quot;,&quot;created_timestamp&quot;:&quot;0&quot;,&quot;copyright&quot;:&quot;&quot;,&quot;focal_length&quot;:&quot;0&quot;,&quot;iso&quot;:&quot;0&quot;,&quot;shutter_speed&quot;:&quot;0&quot;,&quot;title&quot;:&quot;&quot;,&quot;orientation&quot;:&quot;0&quot;}\" data-image-title=\"WhatsApp Image 2022-06-30 at 1.52.36 PM\" data-image-description=\"\" data-image-caption=\"\" data-large-file=\"https:\/\/eldiariodesanpedro.com.ar\/sitio\/wp-content\/uploads\/2022\/06\/WhatsApp-Image-2022-06-30-at-1.52.36-PM.jpeg\" data-src=\"https:\/\/eldiariodesanpedro.com.ar\/sitio\/wp-content\/uploads\/2022\/06\/WhatsApp-Image-2022-06-30-at-1.52.36-PM.jpeg\" alt=\"\" class=\"wp-image-108528 lazyload\" data-srcset=\"https:\/\/eldiariodesanpedro.com.ar\/sitio\/wp-content\/uploads\/2022\/06\/WhatsApp-Image-2022-06-30-at-1.52.36-PM.jpeg 630w, https:\/\/eldiariodesanpedro.com.ar\/sitio\/wp-content\/uploads\/2022\/06\/WhatsApp-Image-2022-06-30-at-1.52.36-PM-300x300.jpeg 300w, https:\/\/eldiariodesanpedro.com.ar\/sitio\/wp-content\/uploads\/2022\/06\/WhatsApp-Image-2022-06-30-at-1.52.36-PM-150x150.jpeg 150w\" data-sizes=\"(max-width: 630px) 100vw, 630px\" src=\"data:image\/svg+xml;base64,PHN2ZyB3aWR0aD0iMSIgaGVpZ2h0PSIxIiB4bWxucz0iaHR0cDovL3d3dy53My5vcmcvMjAwMC9zdmciPjwvc3ZnPg==\" style=\"--smush-placeholder-width: 630px; --smush-placeholder-aspect-ratio: 630\/630;\" \/><\/figure>\n\n\n<a href=\"https:\/\/eldiariodesanpedro.com.ar\/sitio\/wp-content\/uploads\/2022\/06\/SAN-PEDROOrden-1-a-67.pdf\" class=\"pdfemb-viewer\" style=\"\" data-width=\"max\" data-height=\"max\" data-toolbar=\"bottom\" data-toolbar-fixed=\"off\">SAN-PEDROOrden-1-a-67<\/a>\n<p class=\"wp-block-pdfemb-pdf-embedder-viewer\"><\/p>\n\n\n<a href=\"https:\/\/eldiariodesanpedro.com.ar\/sitio\/wp-content\/uploads\/2022\/06\/0130-2022-21-06-2022-SAN-PEDRO-SAN-PEDRO-COMPLEMENTARIO-Orden-68-a-88.pdf\" class=\"pdfemb-viewer\" style=\"\" data-width=\"max\" data-height=\"max\" data-toolbar=\"bottom\" data-toolbar-fixed=\"off\">0130-2022-21-06-2022-SAN-PEDRO-SAN-PEDRO-COMPLEMENTARIO-Orden-68-a-88<\/a>\n<p class=\"wp-block-pdfemb-pdf-embedder-viewer\"><\/p>\n","protected":false},"excerpt":{"rendered":"<p>La Oficina de Escrituraciones de la Municipalidad de San Pedro, informa que el pr\u00f3ximo martes 5 de julio a las 11.00 hs. se concretar\u00e1 un nuevo acto de firma de escrituras gestionadas a trav\u00e9s del \u00e1rea y continuando con el constante plan de regularizaci\u00f3n dominial \u201cMi Escritura Mi Casa\u201d que se lleva adelante junto a [&hellip;]<\/p>\n","protected":false},"author":4,"featured_media":108531,"comment_status":"closed","ping_status":"closed","sticky":false,"template":"","format":"standard","meta":{"om_disable_all_campaigns":false,"_jetpack_memberships_contains_paid_content":false,"footnotes":""},"categories":[50,101,2],"tags":[197,696,33,19],"class_list":["post-108527","post","type-post","status-publish","format-standard","has-post-thumbnail","hentry","category-destacadas","category-interes-general-locales","category-locales","tag-buenos-aires","tag-interes-general","tag-locales","tag-san-pedro"],"aioseo_notices":[],"gutentor_comment":0,"jetpack_featured_media_url":"https:\/\/eldiariodesanpedro.com.ar\/sitio\/wp-content\/uploads\/2022\/06\/medida-8.jpg","jetpack_shortlink":"https:\/\/wp.me\/p6RhLt-ser","jetpack_sharing_enabled":true,"_links":{"self":[{"href":"https:\/\/eldiariodesanpedro.com.ar\/sitio\/wp-json\/wp\/v2\/posts\/108527","targetHints":{"allow":["GET"]}}],"collection":[{"href":"https:\/\/eldiariodesanpedro.com.ar\/sitio\/wp-json\/wp\/v2\/posts"}],"about":[{"href":"https:\/\/eldiariodesanpedro.com.ar\/sitio\/wp-json\/wp\/v2\/types\/post"}],"author":[{"embeddable":true,"href":"https:\/\/eldiariodesanpedro.com.ar\/sitio\/wp-json\/wp\/v2\/users\/4"}],"replies":[{"embeddable":true,"href":"https:\/\/eldiariodesanpedro.com.ar\/sitio\/wp-json\/wp\/v2\/comments?post=108527"}],"version-history":[{"count":1,"href":"https:\/\/eldiariodesanpedro.com.ar\/sitio\/wp-json\/wp\/v2\/posts\/108527\/revisions"}],"predecessor-version":[{"id":108532,"href":"https:\/\/eldiariodesanpedro.com.ar\/sitio\/wp-json\/wp\/v2\/posts\/108527\/revisions\/108532"}],"wp:featuredmedia":[{"embeddable":true,"href":"https:\/\/eldiariodesanpedro.com.ar\/sitio\/wp-json\/wp\/v2\/media\/108531"}],"wp:attachment":[{"href":"https:\/\/eldiariodesanpedro.com.ar\/sitio\/wp-json\/wp\/v2\/media?parent=108527"}],"wp:term":[{"taxonomy":"category","embeddable":true,"href":"https:\/\/eldiariodesanpedro.com.ar\/sitio\/wp-json\/wp\/v2\/categories?post=108527"},{"taxonomy":"post_tag","embeddable":true,"href":"https:\/\/eldiariodesanpedro.com.ar\/sitio\/wp-json\/wp\/v2\/tags?post=108527"}],"curies":[{"name":"wp","href":"https:\/\/api.w.org\/{rel}","templated":true}]}}