{"id":108522,"date":"2022-06-30T19:29:18","date_gmt":"2022-06-30T22:29:18","guid":{"rendered":"https:\/\/eldiariodesanpedro.com.ar\/sitio\/?p=108522"},"modified":"2022-06-30T19:29:19","modified_gmt":"2022-06-30T22:29:19","slug":"reunion-y-recorrida-de-la-subsecretaria-de-residuos-solidos-urbanos-y-economia-circular-del-ministerio-de-ambiente-de-la-provincia-de-buenos-aires","status":"publish","type":"post","link":"https:\/\/eldiariodesanpedro.com.ar\/sitio\/reunion-y-recorrida-de-la-subsecretaria-de-residuos-solidos-urbanos-y-economia-circular-del-ministerio-de-ambiente-de-la-provincia-de-buenos-aires\/","title":{"rendered":"Reuni\u00f3n y recorrida de la Subsecretaria de Residuos S\u00f3lidos Urbanos y Econom\u00eda Circular del Ministerio de Ambiente de la Provincia de Buenos Aires"},"content":{"rendered":"<!-- VideographyWP Plugin Message: Automatic video embedding prevented by plugin options. -->\n\n<p>Este jueves, en el marco de las tareas que el municipio de San Pedro viene implementando con el objetivo de construir una pol\u00edtica p\u00fablica en Gesti\u00f3n de Residuos S\u00f3lidos Urbanos, el Intendente Ram\u00f3n Salazar recibi\u00f3 a la Subsecretaria de Residuos S\u00f3lidos Urbanos y Econom\u00eda Circular del Ministerio de Ambiente de la Provincia de Buenos Aires Jacquelina Flores.<\/p>\n\n\n\n<p>Participaron adem\u00e1s, el Secretario de Gobierno Alfredo Carrasco, el Secretario de Desarrollo Econ\u00f3mico Mart\u00edn Baraybar, el Director de Ambiente Gustavo Sol\u00e1 y Dami\u00e1n Barbarito Jefe de Gabinete de la Subsecretaria de Residuos S\u00f3lidos Urbanos y Econom\u00eda Circular.<\/p>\n\n\n\n<p>En el encuentro plantearon la necesidad de trabajar en un abordaje ambiental de la problem\u00e1tica, incorporando el componente social y el Basural a Cielo Abierto que adem\u00e1s constituye una problem\u00e1tica socio ambiental.<\/p>\n\n\n\n<p>Luego del encuentro en el municipio, el grupo hizo un relevamiento en la zona del Vertedero Municipal, junto a Julia Mancini Directora de Planificaci\u00f3n y Martin Fontan, t\u00e9cnico en Basurales a Cielo Abierto del Ministerio de Ambiente de Naci\u00f3n, que acompa\u00f1aron a la Subsecretaria Jacquelina Flores.<\/p>\n\n\n\n<p>Acompa\u00f1ados por los funcionarios locales charlaron con los trabajadores cartoneros y recuperadores all\u00ed presentes.<\/p>\n\n\n\n<p>Las acciones continuar\u00e1n con el prop\u00f3sito de activar un nuevo y actualizado plan, partiendo de los diagn\u00f3sticos que estos profesionales elaborar\u00e1n luego de esta actividad y las entrevistas realizadas en el lugar, respondiendo al compromiso que asumi\u00f3 el Intendente Ram\u00f3n Salazar para mantener el tema dentro de la agenda prioritaria de la gesti\u00f3n.<\/p>\n\n\n\n<figure class=\"wp-block-image size-large\"><img decoding=\"async\" width=\"1024\" height=\"546\" data-attachment-id=\"108523\" data-permalink=\"https:\/\/eldiariodesanpedro.com.ar\/sitio\/reunion-y-recorrida-de-la-subsecretaria-de-residuos-solidos-urbanos-y-economia-circular-del-ministerio-de-ambiente-de-la-provincia-de-buenos-aires\/whatsapp-image-2022-06-30-at-1-47-54-pm\/\" data-orig-file=\"https:\/\/eldiariodesanpedro.com.ar\/sitio\/wp-content\/uploads\/2022\/06\/WhatsApp-Image-2022-06-30-at-1.47.54-PM.jpeg\" data-orig-size=\"1181,630\" data-comments-opened=\"0\" data-image-meta=\"{&quot;aperture&quot;:&quot;0&quot;,&quot;credit&quot;:&quot;&quot;,&quot;camera&quot;:&quot;&quot;,&quot;caption&quot;:&quot;&quot;,&quot;created_timestamp&quot;:&quot;0&quot;,&quot;copyright&quot;:&quot;&quot;,&quot;focal_length&quot;:&quot;0&quot;,&quot;iso&quot;:&quot;0&quot;,&quot;shutter_speed&quot;:&quot;0&quot;,&quot;title&quot;:&quot;&quot;,&quot;orientation&quot;:&quot;0&quot;}\" data-image-title=\"WhatsApp Image 2022-06-30 at 1.47.54 PM\" data-image-description=\"\" data-image-caption=\"\" data-large-file=\"https:\/\/eldiariodesanpedro.com.ar\/sitio\/wp-content\/uploads\/2022\/06\/WhatsApp-Image-2022-06-30-at-1.47.54-PM-1024x546.jpeg\" data-src=\"https:\/\/eldiariodesanpedro.com.ar\/sitio\/wp-content\/uploads\/2022\/06\/WhatsApp-Image-2022-06-30-at-1.47.54-PM-1024x546.jpeg\" alt=\"\" class=\"wp-image-108523 lazyload\" data-srcset=\"https:\/\/eldiariodesanpedro.com.ar\/sitio\/wp-content\/uploads\/2022\/06\/WhatsApp-Image-2022-06-30-at-1.47.54-PM-1024x546.jpeg 1024w, https:\/\/eldiariodesanpedro.com.ar\/sitio\/wp-content\/uploads\/2022\/06\/WhatsApp-Image-2022-06-30-at-1.47.54-PM-300x160.jpeg 300w, https:\/\/eldiariodesanpedro.com.ar\/sitio\/wp-content\/uploads\/2022\/06\/WhatsApp-Image-2022-06-30-at-1.47.54-PM-768x410.jpeg 768w, https:\/\/eldiariodesanpedro.com.ar\/sitio\/wp-content\/uploads\/2022\/06\/WhatsApp-Image-2022-06-30-at-1.47.54-PM.jpeg 1181w\" data-sizes=\"(max-width: 1024px) 100vw, 1024px\" src=\"data:image\/svg+xml;base64,PHN2ZyB3aWR0aD0iMSIgaGVpZ2h0PSIxIiB4bWxucz0iaHR0cDovL3d3dy53My5vcmcvMjAwMC9zdmciPjwvc3ZnPg==\" style=\"--smush-placeholder-width: 1024px; --smush-placeholder-aspect-ratio: 1024\/546;\" \/><\/figure>\n\n\n\n<figure class=\"wp-block-image size-full\"><img decoding=\"async\" width=\"969\" height=\"630\" data-attachment-id=\"108525\" data-permalink=\"https:\/\/eldiariodesanpedro.com.ar\/sitio\/reunion-y-recorrida-de-la-subsecretaria-de-residuos-solidos-urbanos-y-economia-circular-del-ministerio-de-ambiente-de-la-provincia-de-buenos-aires\/whatsapp-image-2022-06-30-at-1-47-57-pm\/\" data-orig-file=\"https:\/\/eldiariodesanpedro.com.ar\/sitio\/wp-content\/uploads\/2022\/06\/WhatsApp-Image-2022-06-30-at-1.47.57-PM.jpeg\" data-orig-size=\"969,630\" data-comments-opened=\"0\" data-image-meta=\"{&quot;aperture&quot;:&quot;0&quot;,&quot;credit&quot;:&quot;&quot;,&quot;camera&quot;:&quot;&quot;,&quot;caption&quot;:&quot;&quot;,&quot;created_timestamp&quot;:&quot;0&quot;,&quot;copyright&quot;:&quot;&quot;,&quot;focal_length&quot;:&quot;0&quot;,&quot;iso&quot;:&quot;0&quot;,&quot;shutter_speed&quot;:&quot;0&quot;,&quot;title&quot;:&quot;&quot;,&quot;orientation&quot;:&quot;0&quot;}\" data-image-title=\"WhatsApp Image 2022-06-30 at 1.47.57 PM\" data-image-description=\"\" data-image-caption=\"\" data-large-file=\"https:\/\/eldiariodesanpedro.com.ar\/sitio\/wp-content\/uploads\/2022\/06\/WhatsApp-Image-2022-06-30-at-1.47.57-PM.jpeg\" data-src=\"https:\/\/eldiariodesanpedro.com.ar\/sitio\/wp-content\/uploads\/2022\/06\/WhatsApp-Image-2022-06-30-at-1.47.57-PM.jpeg\" alt=\"\" class=\"wp-image-108525 lazyload\" data-srcset=\"https:\/\/eldiariodesanpedro.com.ar\/sitio\/wp-content\/uploads\/2022\/06\/WhatsApp-Image-2022-06-30-at-1.47.57-PM.jpeg 969w, https:\/\/eldiariodesanpedro.com.ar\/sitio\/wp-content\/uploads\/2022\/06\/WhatsApp-Image-2022-06-30-at-1.47.57-PM-300x195.jpeg 300w, https:\/\/eldiariodesanpedro.com.ar\/sitio\/wp-content\/uploads\/2022\/06\/WhatsApp-Image-2022-06-30-at-1.47.57-PM-768x499.jpeg 768w\" data-sizes=\"(max-width: 969px) 100vw, 969px\" src=\"data:image\/svg+xml;base64,PHN2ZyB3aWR0aD0iMSIgaGVpZ2h0PSIxIiB4bWxucz0iaHR0cDovL3d3dy53My5vcmcvMjAwMC9zdmciPjwvc3ZnPg==\" style=\"--smush-placeholder-width: 969px; --smush-placeholder-aspect-ratio: 969\/630;\" \/><\/figure>\n","protected":false},"excerpt":{"rendered":"<p>Este jueves, en el marco de las tareas que el municipio de San Pedro viene implementando con el objetivo de construir una pol\u00edtica p\u00fablica en Gesti\u00f3n de Residuos S\u00f3lidos Urbanos, el Intendente Ram\u00f3n Salazar recibi\u00f3 a la Subsecretaria de Residuos S\u00f3lidos Urbanos y Econom\u00eda Circular del Ministerio de Ambiente de la Provincia de Buenos Aires [&hellip;]<\/p>\n","protected":false},"author":4,"featured_media":108524,"comment_status":"closed","ping_status":"closed","sticky":false,"template":"","format":"standard","meta":{"om_disable_all_campaigns":false,"_jetpack_memberships_contains_paid_content":false,"footnotes":""},"categories":[50,101,2],"tags":[197,696,33,19],"class_list":["post-108522","post","type-post","status-publish","format-standard","has-post-thumbnail","hentry","category-destacadas","category-interes-general-locales","category-locales","tag-buenos-aires","tag-interes-general","tag-locales","tag-san-pedro"],"aioseo_notices":[],"gutentor_comment":0,"jetpack_featured_media_url":"https:\/\/eldiariodesanpedro.com.ar\/sitio\/wp-content\/uploads\/2022\/06\/WhatsApp-Image-2022-06-30-at-1.47.56-PM.jpeg","jetpack_shortlink":"https:\/\/wp.me\/p6RhLt-sem","jetpack_sharing_enabled":true,"_links":{"self":[{"href":"https:\/\/eldiariodesanpedro.com.ar\/sitio\/wp-json\/wp\/v2\/posts\/108522","targetHints":{"allow":["GET"]}}],"collection":[{"href":"https:\/\/eldiariodesanpedro.com.ar\/sitio\/wp-json\/wp\/v2\/posts"}],"about":[{"href":"https:\/\/eldiariodesanpedro.com.ar\/sitio\/wp-json\/wp\/v2\/types\/post"}],"author":[{"embeddable":true,"href":"https:\/\/eldiariodesanpedro.com.ar\/sitio\/wp-json\/wp\/v2\/users\/4"}],"replies":[{"embeddable":true,"href":"https:\/\/eldiariodesanpedro.com.ar\/sitio\/wp-json\/wp\/v2\/comments?post=108522"}],"version-history":[{"count":1,"href":"https:\/\/eldiariodesanpedro.com.ar\/sitio\/wp-json\/wp\/v2\/posts\/108522\/revisions"}],"predecessor-version":[{"id":108526,"href":"https:\/\/eldiariodesanpedro.com.ar\/sitio\/wp-json\/wp\/v2\/posts\/108522\/revisions\/108526"}],"wp:featuredmedia":[{"embeddable":true,"href":"https:\/\/eldiariodesanpedro.com.ar\/sitio\/wp-json\/wp\/v2\/media\/108524"}],"wp:attachment":[{"href":"https:\/\/eldiariodesanpedro.com.ar\/sitio\/wp-json\/wp\/v2\/media?parent=108522"}],"wp:term":[{"taxonomy":"category","embeddable":true,"href":"https:\/\/eldiariodesanpedro.com.ar\/sitio\/wp-json\/wp\/v2\/categories?post=108522"},{"taxonomy":"post_tag","embeddable":true,"href":"https:\/\/eldiariodesanpedro.com.ar\/sitio\/wp-json\/wp\/v2\/tags?post=108522"}],"curies":[{"name":"wp","href":"https:\/\/api.w.org\/{rel}","templated":true}]}}