{"id":108514,"date":"2022-06-29T23:31:02","date_gmt":"2022-06-30T02:31:02","guid":{"rendered":"https:\/\/eldiariodesanpedro.com.ar\/sitio\/?p=108514"},"modified":"2022-06-29T23:31:03","modified_gmt":"2022-06-30T02:31:03","slug":"pliego-para-la-reparacion-de-banos-en-ep-no-24","status":"publish","type":"post","link":"https:\/\/eldiariodesanpedro.com.ar\/sitio\/pliego-para-la-reparacion-de-banos-en-ep-no-24\/","title":{"rendered":"Pliego para la reparaci\u00f3n de ba\u00f1os en EP N\u00ba 24"},"content":{"rendered":"<!-- VideographyWP Plugin Message: Automatic video embedding prevented by plugin options. -->\n\n<p>Consejo Escolar informa que hasta el 7 de julio de 2022 estar\u00e1 a disposici\u00f3n el pliego para la reparaci\u00f3n de ba\u00f1os en EP N\u00ba 24.<\/p>\n\n\n\n<p>Apertura de ofertas\u00a0el 8 de julio de 2022 a las 10,00 hs. <\/p>\n\n\n\n<p>Las consultas se har\u00e1n en la Sede del Consejo Escolar (Ayacucho e Ituzaing\u00f3) de 8 a 12 hs.<\/p>\n","protected":false},"excerpt":{"rendered":"<p>Consejo Escolar informa que hasta el 7 de julio de 2022 estar\u00e1 a disposici\u00f3n el pliego para la reparaci\u00f3n de ba\u00f1os en EP N\u00ba 24. Apertura de ofertas\u00a0el 8 de julio de 2022 a las 10,00 hs. Las consultas se har\u00e1n en la Sede del Consejo Escolar (Ayacucho e Ituzaing\u00f3) de 8 a 12 hs.<\/p>\n","protected":false},"author":4,"featured_media":108515,"comment_status":"closed","ping_status":"closed","sticky":false,"template":"","format":"standard","meta":{"om_disable_all_campaigns":false,"_jetpack_memberships_contains_paid_content":false,"footnotes":""},"categories":[815,676],"tags":[197,696,2908,19],"class_list":["post-108514","post","type-post","status-publish","format-standard","has-post-thumbnail","hentry","category-consejo-escolar","category-edictos","tag-buenos-aires","tag-interes-general","tag-pliego-para-la-reparacion-de-banos-en-ep-no-24","tag-san-pedro"],"aioseo_notices":[],"gutentor_comment":0,"jetpack_featured_media_url":"https:\/\/eldiariodesanpedro.com.ar\/sitio\/wp-content\/uploads\/2022\/06\/Consejo-Escolar-29-06-2022-2.jpg","jetpack_shortlink":"https:\/\/wp.me\/p6RhLt-see","jetpack_sharing_enabled":true,"_links":{"self":[{"href":"https:\/\/eldiariodesanpedro.com.ar\/sitio\/wp-json\/wp\/v2\/posts\/108514","targetHints":{"allow":["GET"]}}],"collection":[{"href":"https:\/\/eldiariodesanpedro.com.ar\/sitio\/wp-json\/wp\/v2\/posts"}],"about":[{"href":"https:\/\/eldiariodesanpedro.com.ar\/sitio\/wp-json\/wp\/v2\/types\/post"}],"author":[{"embeddable":true,"href":"https:\/\/eldiariodesanpedro.com.ar\/sitio\/wp-json\/wp\/v2\/users\/4"}],"replies":[{"embeddable":true,"href":"https:\/\/eldiariodesanpedro.com.ar\/sitio\/wp-json\/wp\/v2\/comments?post=108514"}],"version-history":[{"count":1,"href":"https:\/\/eldiariodesanpedro.com.ar\/sitio\/wp-json\/wp\/v2\/posts\/108514\/revisions"}],"predecessor-version":[{"id":108516,"href":"https:\/\/eldiariodesanpedro.com.ar\/sitio\/wp-json\/wp\/v2\/posts\/108514\/revisions\/108516"}],"wp:featuredmedia":[{"embeddable":true,"href":"https:\/\/eldiariodesanpedro.com.ar\/sitio\/wp-json\/wp\/v2\/media\/108515"}],"wp:attachment":[{"href":"https:\/\/eldiariodesanpedro.com.ar\/sitio\/wp-json\/wp\/v2\/media?parent=108514"}],"wp:term":[{"taxonomy":"category","embeddable":true,"href":"https:\/\/eldiariodesanpedro.com.ar\/sitio\/wp-json\/wp\/v2\/categories?post=108514"},{"taxonomy":"post_tag","embeddable":true,"href":"https:\/\/eldiariodesanpedro.com.ar\/sitio\/wp-json\/wp\/v2\/tags?post=108514"}],"curies":[{"name":"wp","href":"https:\/\/api.w.org\/{rel}","templated":true}]}}