{"id":108357,"date":"2022-06-24T20:12:39","date_gmt":"2022-06-24T23:12:39","guid":{"rendered":"https:\/\/eldiariodesanpedro.com.ar\/sitio\/?p=108357"},"modified":"2022-06-24T20:12:40","modified_gmt":"2022-06-24T23:12:40","slug":"se-firmo-el-contrato-para-la-construccion-de-25-viviendas-en-rio-tala","status":"publish","type":"post","link":"https:\/\/eldiariodesanpedro.com.ar\/sitio\/se-firmo-el-contrato-para-la-construccion-de-25-viviendas-en-rio-tala\/","title":{"rendered":"Se firm\u00f3 el contrato para la construcci\u00f3n de 25 viviendas en R\u00edo Tala"},"content":{"rendered":"<!-- VideographyWP Plugin Message: Automatic video embedding prevented by plugin options. -->\n\n<p>Esta ma\u00f1ana se cumpli\u00f3 con la firma del contrato para la construcci\u00f3n de 25 viviendas en R\u00edo Tala, que se emplazar\u00e1n en los terrenos comprendidos por las calles Camellino, El Cielito, Juan Levalle y una calle que se demarcar\u00e1 oportunamente.<\/p>\n\n\n\n<p>El Intendente Dr. Ram\u00f3n Salazar suscribi\u00f3 la documentaci\u00f3n con la empresa adjudicataria \u201cAPCO S.A\u201d quienes comenzar\u00e1n en las pr\u00f3ximas semanas las tareas de movimiento de suelos para iniciar la construcci\u00f3n de un nuevo plan habitacional que se suma a las 84 viviendas que ya se est\u00e1n construyendo en Villa Depietri y las 89 viviendas en el barrio Cooperativa Nuestros Sue\u00f1os.<\/p>\n\n\n\n<p>En el acto participaron junto al Dr. Salazar, el secretario de Obras Planeamiento y Catastro, Dr. Javier Silva; el secretario de Econom\u00eda y Hacienda, Dr. Fabi\u00e1n Rodr\u00edguez; y en representaci\u00f3n de la empresa el Lic. Agust\u00edn Yolli, el Lic. Fernando Pepe y el Dr. Patricio Winograd.<\/p>\n\n\n\n<p>La obra tendr\u00e1 un plazo de ejecuci\u00f3n de 1 a\u00f1o y un monto de $ 142.468.906, 25 concretando la implementaci\u00f3n de un plan habitacional programado, que no registra antecedentes en la localidad, luego de las gestiones realizadas por el equipo de Gobierno Municipal ante el Ministerio de H\u00e1bitat.<\/p>\n\n\n\n<figure class=\"wp-block-image size-full\"><img decoding=\"async\" width=\"921\" height=\"630\" data-attachment-id=\"108359\" data-permalink=\"https:\/\/eldiariodesanpedro.com.ar\/sitio\/se-firmo-el-contrato-para-la-construccion-de-25-viviendas-en-rio-tala\/whatsapp-image-2022-06-24-at-3-16-35-pm-1\/\" data-orig-file=\"https:\/\/eldiariodesanpedro.com.ar\/sitio\/wp-content\/uploads\/2022\/06\/WhatsApp-Image-2022-06-24-at-3.16.35-PM-1.jpeg\" data-orig-size=\"921,630\" data-comments-opened=\"0\" data-image-meta=\"{&quot;aperture&quot;:&quot;0&quot;,&quot;credit&quot;:&quot;&quot;,&quot;camera&quot;:&quot;&quot;,&quot;caption&quot;:&quot;&quot;,&quot;created_timestamp&quot;:&quot;0&quot;,&quot;copyright&quot;:&quot;&quot;,&quot;focal_length&quot;:&quot;0&quot;,&quot;iso&quot;:&quot;0&quot;,&quot;shutter_speed&quot;:&quot;0&quot;,&quot;title&quot;:&quot;&quot;,&quot;orientation&quot;:&quot;0&quot;}\" data-image-title=\"WhatsApp Image 2022-06-24 at 3.16.35 PM (1)\" data-image-description=\"\" data-image-caption=\"\" data-large-file=\"https:\/\/eldiariodesanpedro.com.ar\/sitio\/wp-content\/uploads\/2022\/06\/WhatsApp-Image-2022-06-24-at-3.16.35-PM-1.jpeg\" data-src=\"https:\/\/eldiariodesanpedro.com.ar\/sitio\/wp-content\/uploads\/2022\/06\/WhatsApp-Image-2022-06-24-at-3.16.35-PM-1.jpeg\" alt=\"\" class=\"wp-image-108359 lazyload\" data-srcset=\"https:\/\/eldiariodesanpedro.com.ar\/sitio\/wp-content\/uploads\/2022\/06\/WhatsApp-Image-2022-06-24-at-3.16.35-PM-1.jpeg 921w, https:\/\/eldiariodesanpedro.com.ar\/sitio\/wp-content\/uploads\/2022\/06\/WhatsApp-Image-2022-06-24-at-3.16.35-PM-1-300x205.jpeg 300w, https:\/\/eldiariodesanpedro.com.ar\/sitio\/wp-content\/uploads\/2022\/06\/WhatsApp-Image-2022-06-24-at-3.16.35-PM-1-768x525.jpeg 768w\" data-sizes=\"(max-width: 921px) 100vw, 921px\" src=\"data:image\/svg+xml;base64,PHN2ZyB3aWR0aD0iMSIgaGVpZ2h0PSIxIiB4bWxucz0iaHR0cDovL3d3dy53My5vcmcvMjAwMC9zdmciPjwvc3ZnPg==\" style=\"--smush-placeholder-width: 921px; --smush-placeholder-aspect-ratio: 921\/630;\" \/><\/figure>\n\n\n\n<figure class=\"wp-block-image size-large\"><img decoding=\"async\" width=\"1024\" height=\"609\" data-attachment-id=\"108358\" data-permalink=\"https:\/\/eldiariodesanpedro.com.ar\/sitio\/se-firmo-el-contrato-para-la-construccion-de-25-viviendas-en-rio-tala\/whatsapp-image-2022-06-24-at-3-16-32-pm\/\" data-orig-file=\"https:\/\/eldiariodesanpedro.com.ar\/sitio\/wp-content\/uploads\/2022\/06\/WhatsApp-Image-2022-06-24-at-3.16.32-PM.jpeg\" data-orig-size=\"1060,630\" data-comments-opened=\"0\" data-image-meta=\"{&quot;aperture&quot;:&quot;0&quot;,&quot;credit&quot;:&quot;&quot;,&quot;camera&quot;:&quot;&quot;,&quot;caption&quot;:&quot;&quot;,&quot;created_timestamp&quot;:&quot;0&quot;,&quot;copyright&quot;:&quot;&quot;,&quot;focal_length&quot;:&quot;0&quot;,&quot;iso&quot;:&quot;0&quot;,&quot;shutter_speed&quot;:&quot;0&quot;,&quot;title&quot;:&quot;&quot;,&quot;orientation&quot;:&quot;0&quot;}\" data-image-title=\"WhatsApp Image 2022-06-24 at 3.16.32 PM\" data-image-description=\"\" data-image-caption=\"\" data-large-file=\"https:\/\/eldiariodesanpedro.com.ar\/sitio\/wp-content\/uploads\/2022\/06\/WhatsApp-Image-2022-06-24-at-3.16.32-PM-1024x609.jpeg\" data-src=\"https:\/\/eldiariodesanpedro.com.ar\/sitio\/wp-content\/uploads\/2022\/06\/WhatsApp-Image-2022-06-24-at-3.16.32-PM-1024x609.jpeg\" alt=\"\" class=\"wp-image-108358 lazyload\" data-srcset=\"https:\/\/eldiariodesanpedro.com.ar\/sitio\/wp-content\/uploads\/2022\/06\/WhatsApp-Image-2022-06-24-at-3.16.32-PM-1024x609.jpeg 1024w, https:\/\/eldiariodesanpedro.com.ar\/sitio\/wp-content\/uploads\/2022\/06\/WhatsApp-Image-2022-06-24-at-3.16.32-PM-300x178.jpeg 300w, https:\/\/eldiariodesanpedro.com.ar\/sitio\/wp-content\/uploads\/2022\/06\/WhatsApp-Image-2022-06-24-at-3.16.32-PM-768x456.jpeg 768w, https:\/\/eldiariodesanpedro.com.ar\/sitio\/wp-content\/uploads\/2022\/06\/WhatsApp-Image-2022-06-24-at-3.16.32-PM.jpeg 1060w\" data-sizes=\"(max-width: 1024px) 100vw, 1024px\" src=\"data:image\/svg+xml;base64,PHN2ZyB3aWR0aD0iMSIgaGVpZ2h0PSIxIiB4bWxucz0iaHR0cDovL3d3dy53My5vcmcvMjAwMC9zdmciPjwvc3ZnPg==\" style=\"--smush-placeholder-width: 1024px; --smush-placeholder-aspect-ratio: 1024\/609;\" \/><\/figure>\n","protected":false},"excerpt":{"rendered":"<p>Esta ma\u00f1ana se cumpli\u00f3 con la firma del contrato para la construcci\u00f3n de 25 viviendas en R\u00edo Tala, que se emplazar\u00e1n en los terrenos comprendidos por las calles Camellino, El Cielito, Juan Levalle y una calle que se demarcar\u00e1 oportunamente. El Intendente Dr. Ram\u00f3n Salazar suscribi\u00f3 la documentaci\u00f3n con la empresa adjudicataria \u201cAPCO S.A\u201d quienes [&hellip;]<\/p>\n","protected":false},"author":4,"featured_media":108360,"comment_status":"closed","ping_status":"closed","sticky":false,"template":"","format":"standard","meta":{"om_disable_all_campaigns":false,"_jetpack_memberships_contains_paid_content":false,"footnotes":""},"categories":[50,101,2],"tags":[197,696,33,19],"class_list":["post-108357","post","type-post","status-publish","format-standard","has-post-thumbnail","hentry","category-destacadas","category-interes-general-locales","category-locales","tag-buenos-aires","tag-interes-general","tag-locales","tag-san-pedro"],"aioseo_notices":[],"gutentor_comment":0,"jetpack_featured_media_url":"https:\/\/eldiariodesanpedro.com.ar\/sitio\/wp-content\/uploads\/2022\/06\/WhatsApp-Image-2022-06-24-at-3.16.35-PM.jpeg","jetpack_shortlink":"https:\/\/wp.me\/p6RhLt-sbH","jetpack_sharing_enabled":true,"_links":{"self":[{"href":"https:\/\/eldiariodesanpedro.com.ar\/sitio\/wp-json\/wp\/v2\/posts\/108357","targetHints":{"allow":["GET"]}}],"collection":[{"href":"https:\/\/eldiariodesanpedro.com.ar\/sitio\/wp-json\/wp\/v2\/posts"}],"about":[{"href":"https:\/\/eldiariodesanpedro.com.ar\/sitio\/wp-json\/wp\/v2\/types\/post"}],"author":[{"embeddable":true,"href":"https:\/\/eldiariodesanpedro.com.ar\/sitio\/wp-json\/wp\/v2\/users\/4"}],"replies":[{"embeddable":true,"href":"https:\/\/eldiariodesanpedro.com.ar\/sitio\/wp-json\/wp\/v2\/comments?post=108357"}],"version-history":[{"count":1,"href":"https:\/\/eldiariodesanpedro.com.ar\/sitio\/wp-json\/wp\/v2\/posts\/108357\/revisions"}],"predecessor-version":[{"id":108361,"href":"https:\/\/eldiariodesanpedro.com.ar\/sitio\/wp-json\/wp\/v2\/posts\/108357\/revisions\/108361"}],"wp:featuredmedia":[{"embeddable":true,"href":"https:\/\/eldiariodesanpedro.com.ar\/sitio\/wp-json\/wp\/v2\/media\/108360"}],"wp:attachment":[{"href":"https:\/\/eldiariodesanpedro.com.ar\/sitio\/wp-json\/wp\/v2\/media?parent=108357"}],"wp:term":[{"taxonomy":"category","embeddable":true,"href":"https:\/\/eldiariodesanpedro.com.ar\/sitio\/wp-json\/wp\/v2\/categories?post=108357"},{"taxonomy":"post_tag","embeddable":true,"href":"https:\/\/eldiariodesanpedro.com.ar\/sitio\/wp-json\/wp\/v2\/tags?post=108357"}],"curies":[{"name":"wp","href":"https:\/\/api.w.org\/{rel}","templated":true}]}}