{"id":108333,"date":"2022-06-22T22:00:00","date_gmt":"2022-06-23T01:00:00","guid":{"rendered":"https:\/\/eldiariodesanpedro.com.ar\/sitio\/?p=108333"},"modified":"2022-06-24T16:25:05","modified_gmt":"2022-06-24T19:25:05","slug":"macri-vidal-y-ritondo-recorrieron-el-arroyo-el-gato-en-la-plata%ef%bf%bc","status":"publish","type":"post","link":"https:\/\/eldiariodesanpedro.com.ar\/sitio\/macri-vidal-y-ritondo-recorrieron-el-arroyo-el-gato-en-la-plata%ef%bf%bc\/","title":{"rendered":"Macri, Vidal y Ritondo recorrieron el arroyo \u201cEl Gato\u201d en La Plata\ufffc"},"content":{"rendered":"<!-- VideographyWP Plugin Message: Automatic video embedding prevented by plugin options. -->\n\n<p>El ex presidente Mauricio Macri y los diputados nacionales Mar\u00eda Eugenia Vidal y Cristian Ritondo, acompa\u00f1ados por el intendente de La Plata, Julio Garro, recorrieron esta ma\u00f1ana la obra terminada del arroyo El Gato, en las afuera de La Plata, que evit\u00f3 la repetici\u00f3n de inundaciones como la de 2013, que dej\u00f3 m\u00e1s de 100 muertos.<br>Despu\u00e9s de la recorrida, los dirigentes conversaron con un grupo de vecinos de Tolosa sobre c\u00f3mo la obras, iniciadas y terminadas durante las gestiones de Macri como presidente y Vidal como gobernadora bonaerense, les cambiaron la vida desde su inauguraci\u00f3n.<br>Las obras de infraestructura en el arroyo El Gato beneficiaron a casi 500.000 personas, tuvieron presupuesto de m\u00e1s de 200 millones de d\u00f3lares y fueron fundamentales paraevitar nuevas inundaciones en La Plata, que en 2013 hab\u00edan tenido efectos devastadores sobre la zona. Gracias a la gesti\u00f3n de Macri y Vidal, se ampli\u00f3 el caudal del arroyo a lo largo de 13 kil\u00f3metros y se construyeron puentes y derivadores especiales para conducir las aguas.<br>Despu\u00e9s de la recorrida, los dirigentes hicieron declaraciones. A continuaci\u00f3n, algunos testimonios destacados:<br>Mauricio Macri: \u201cMuy contento de estar ac\u00e1, de ver el valor transformador que puede tener una obra en las vidas de miles de personas. Muy lindo tambi\u00e9n conversar con la gente y que ellos mismos te cuenten el cambio para mejor. Familias que perdieron todo en 2013 y ahora dicen que viven tranquilas, porque saben que eso no va a volver a pasar\u201d.<br>Mar\u00eda Eugenia Vidal: \u00abLa obra del arroyo El Gato vino a solucionar uno de los problemas estructurales m\u00e1s importantes que ten\u00eda La Plata en materia de inundaciones. Esta es una de las obras emblem\u00e1ticas de las m\u00e1s de 2.400 que iniciamos y terminamos en nuestro gobierno de toda la Provincia\u00bb. Seguidamente, explic\u00f3: \u201cHoy vemos un retroceso y una gesti\u00f3n paralizada con un gobierno que s\u00f3lo se ocupa de sus propias internas partidarias y no le importa la realidad que vive la gente\u00bb.<br>Cristian Ritondo: \u201cCon decisi\u00f3n pol\u00edtica y planificaci\u00f3n tenemos que recuperar la puesta en marcha de obras estrat\u00e9gicas en la Provincia, como hicimos cuando gobernamos con Mauricio y Mar\u00eda Eugenia. Sabemos lo que hace falta y contamos con los equipos capacitados para transformar esta triste realidad que vivimos\u201d. Y agreg\u00f3: \u201cLa Argentina y la Provincia son un barco sin tim\u00f3n. En 2023 vamos a devolverles la esperanza a los argentinos con el cambio que hace falta\u201d.<\/p>\n\n\n\n<figure class=\"wp-block-image size-full\"><img decoding=\"async\" width=\"946\" height=\"630\" data-attachment-id=\"108334\" data-permalink=\"https:\/\/eldiariodesanpedro.com.ar\/sitio\/macri-vidal-y-ritondo-recorrieron-el-arroyo-el-gato-en-la-plata%ef%bf%bc\/whatsapp-image-2022-06-22-at-3-04-50-pm\/\" data-orig-file=\"https:\/\/eldiariodesanpedro.com.ar\/sitio\/wp-content\/uploads\/2022\/06\/WhatsApp-Image-2022-06-22-at-3.04.50-PM.jpeg\" data-orig-size=\"946,630\" data-comments-opened=\"0\" data-image-meta=\"{&quot;aperture&quot;:&quot;0&quot;,&quot;credit&quot;:&quot;&quot;,&quot;camera&quot;:&quot;&quot;,&quot;caption&quot;:&quot;&quot;,&quot;created_timestamp&quot;:&quot;0&quot;,&quot;copyright&quot;:&quot;&quot;,&quot;focal_length&quot;:&quot;0&quot;,&quot;iso&quot;:&quot;0&quot;,&quot;shutter_speed&quot;:&quot;0&quot;,&quot;title&quot;:&quot;&quot;,&quot;orientation&quot;:&quot;0&quot;}\" data-image-title=\"WhatsApp Image 2022-06-22 at 3.04.50 PM\" data-image-description=\"\" data-image-caption=\"\" data-large-file=\"https:\/\/eldiariodesanpedro.com.ar\/sitio\/wp-content\/uploads\/2022\/06\/WhatsApp-Image-2022-06-22-at-3.04.50-PM.jpeg\" data-src=\"https:\/\/eldiariodesanpedro.com.ar\/sitio\/wp-content\/uploads\/2022\/06\/WhatsApp-Image-2022-06-22-at-3.04.50-PM.jpeg\" alt=\"\" class=\"wp-image-108334 lazyload\" data-srcset=\"https:\/\/eldiariodesanpedro.com.ar\/sitio\/wp-content\/uploads\/2022\/06\/WhatsApp-Image-2022-06-22-at-3.04.50-PM.jpeg 946w, https:\/\/eldiariodesanpedro.com.ar\/sitio\/wp-content\/uploads\/2022\/06\/WhatsApp-Image-2022-06-22-at-3.04.50-PM-300x200.jpeg 300w, https:\/\/eldiariodesanpedro.com.ar\/sitio\/wp-content\/uploads\/2022\/06\/WhatsApp-Image-2022-06-22-at-3.04.50-PM-768x511.jpeg 768w\" data-sizes=\"(max-width: 946px) 100vw, 946px\" src=\"data:image\/svg+xml;base64,PHN2ZyB3aWR0aD0iMSIgaGVpZ2h0PSIxIiB4bWxucz0iaHR0cDovL3d3dy53My5vcmcvMjAwMC9zdmciPjwvc3ZnPg==\" style=\"--smush-placeholder-width: 946px; --smush-placeholder-aspect-ratio: 946\/630;\" \/><\/figure>\n\n\n\n<figure class=\"wp-block-image size-full\"><img decoding=\"async\" width=\"946\" height=\"630\" data-attachment-id=\"108336\" data-permalink=\"https:\/\/eldiariodesanpedro.com.ar\/sitio\/macri-vidal-y-ritondo-recorrieron-el-arroyo-el-gato-en-la-plata%ef%bf%bc\/whatsapp-image-2022-06-22-at-3-04-51-pm\/\" data-orig-file=\"https:\/\/eldiariodesanpedro.com.ar\/sitio\/wp-content\/uploads\/2022\/06\/WhatsApp-Image-2022-06-22-at-3.04.51-PM.jpeg\" data-orig-size=\"946,630\" data-comments-opened=\"0\" data-image-meta=\"{&quot;aperture&quot;:&quot;0&quot;,&quot;credit&quot;:&quot;&quot;,&quot;camera&quot;:&quot;&quot;,&quot;caption&quot;:&quot;&quot;,&quot;created_timestamp&quot;:&quot;0&quot;,&quot;copyright&quot;:&quot;&quot;,&quot;focal_length&quot;:&quot;0&quot;,&quot;iso&quot;:&quot;0&quot;,&quot;shutter_speed&quot;:&quot;0&quot;,&quot;title&quot;:&quot;&quot;,&quot;orientation&quot;:&quot;0&quot;}\" data-image-title=\"WhatsApp Image 2022-06-22 at 3.04.51 PM\" data-image-description=\"\" data-image-caption=\"\" data-large-file=\"https:\/\/eldiariodesanpedro.com.ar\/sitio\/wp-content\/uploads\/2022\/06\/WhatsApp-Image-2022-06-22-at-3.04.51-PM.jpeg\" data-src=\"https:\/\/eldiariodesanpedro.com.ar\/sitio\/wp-content\/uploads\/2022\/06\/WhatsApp-Image-2022-06-22-at-3.04.51-PM.jpeg\" alt=\"\" class=\"wp-image-108336 lazyload\" data-srcset=\"https:\/\/eldiariodesanpedro.com.ar\/sitio\/wp-content\/uploads\/2022\/06\/WhatsApp-Image-2022-06-22-at-3.04.51-PM.jpeg 946w, https:\/\/eldiariodesanpedro.com.ar\/sitio\/wp-content\/uploads\/2022\/06\/WhatsApp-Image-2022-06-22-at-3.04.51-PM-300x200.jpeg 300w, https:\/\/eldiariodesanpedro.com.ar\/sitio\/wp-content\/uploads\/2022\/06\/WhatsApp-Image-2022-06-22-at-3.04.51-PM-768x511.jpeg 768w\" data-sizes=\"(max-width: 946px) 100vw, 946px\" src=\"data:image\/svg+xml;base64,PHN2ZyB3aWR0aD0iMSIgaGVpZ2h0PSIxIiB4bWxucz0iaHR0cDovL3d3dy53My5vcmcvMjAwMC9zdmciPjwvc3ZnPg==\" style=\"--smush-placeholder-width: 946px; --smush-placeholder-aspect-ratio: 946\/630;\" \/><\/figure>\n","protected":false},"excerpt":{"rendered":"<p>El ex presidente Mauricio Macri y los diputados nacionales Mar\u00eda Eugenia Vidal y Cristian Ritondo, acompa\u00f1ados por el intendente de La Plata, Julio Garro, recorrieron esta ma\u00f1ana la obra terminada del arroyo El Gato, en las afuera de La Plata, que evit\u00f3 la repetici\u00f3n de inundaciones como la de 2013, que dej\u00f3 m\u00e1s de 100 [&hellip;]<\/p>\n","protected":false},"author":4,"featured_media":108335,"comment_status":"closed","ping_status":"closed","sticky":false,"template":"","format":"standard","meta":{"om_disable_all_campaigns":false,"_jetpack_memberships_contains_paid_content":false,"footnotes":""},"categories":[621],"tags":[],"class_list":["post-108333","post","type-post","status-publish","format-standard","has-post-thumbnail","hentry","category-regionales"],"aioseo_notices":[],"gutentor_comment":0,"jetpack_featured_media_url":"https:\/\/eldiariodesanpedro.com.ar\/sitio\/wp-content\/uploads\/2022\/06\/WhatsApp-Image-2022-06-22-at-3.04.51-PM-1.jpeg","jetpack_shortlink":"https:\/\/wp.me\/p6RhLt-sbj","jetpack_sharing_enabled":true,"_links":{"self":[{"href":"https:\/\/eldiariodesanpedro.com.ar\/sitio\/wp-json\/wp\/v2\/posts\/108333","targetHints":{"allow":["GET"]}}],"collection":[{"href":"https:\/\/eldiariodesanpedro.com.ar\/sitio\/wp-json\/wp\/v2\/posts"}],"about":[{"href":"https:\/\/eldiariodesanpedro.com.ar\/sitio\/wp-json\/wp\/v2\/types\/post"}],"author":[{"embeddable":true,"href":"https:\/\/eldiariodesanpedro.com.ar\/sitio\/wp-json\/wp\/v2\/users\/4"}],"replies":[{"embeddable":true,"href":"https:\/\/eldiariodesanpedro.com.ar\/sitio\/wp-json\/wp\/v2\/comments?post=108333"}],"version-history":[{"count":1,"href":"https:\/\/eldiariodesanpedro.com.ar\/sitio\/wp-json\/wp\/v2\/posts\/108333\/revisions"}],"predecessor-version":[{"id":108337,"href":"https:\/\/eldiariodesanpedro.com.ar\/sitio\/wp-json\/wp\/v2\/posts\/108333\/revisions\/108337"}],"wp:featuredmedia":[{"embeddable":true,"href":"https:\/\/eldiariodesanpedro.com.ar\/sitio\/wp-json\/wp\/v2\/media\/108335"}],"wp:attachment":[{"href":"https:\/\/eldiariodesanpedro.com.ar\/sitio\/wp-json\/wp\/v2\/media?parent=108333"}],"wp:term":[{"taxonomy":"category","embeddable":true,"href":"https:\/\/eldiariodesanpedro.com.ar\/sitio\/wp-json\/wp\/v2\/categories?post=108333"},{"taxonomy":"post_tag","embeddable":true,"href":"https:\/\/eldiariodesanpedro.com.ar\/sitio\/wp-json\/wp\/v2\/tags?post=108333"}],"curies":[{"name":"wp","href":"https:\/\/api.w.org\/{rel}","templated":true}]}}