{"id":108301,"date":"2022-06-23T22:00:12","date_gmt":"2022-06-24T01:00:12","guid":{"rendered":"https:\/\/eldiariodesanpedro.com.ar\/sitio\/?p=108301"},"modified":"2022-06-23T22:00:13","modified_gmt":"2022-06-24T01:00:13","slug":"visita-al-jardin-919-a-pocos-dias-de-su-inauguracion","status":"publish","type":"post","link":"https:\/\/eldiariodesanpedro.com.ar\/sitio\/visita-al-jardin-919-a-pocos-dias-de-su-inauguracion\/","title":{"rendered":"Visita al Jard\u00edn 919 a pocos d\u00edas de su inauguraci\u00f3n"},"content":{"rendered":"<!-- VideographyWP Plugin Message: Automatic video embedding prevented by plugin options. -->\n\n<p>A pocos d\u00edas de la inauguraci\u00f3n oficial del esperado jard\u00edn de infantes construido en la ex cancha de Banfield, el Intendente Dr. Ram\u00f3n Salazar visit\u00f3 esta ma\u00f1ana el edificio junto al secretario de Obras, Planeamiento y Catastro, Dr. Javier Silva, el arquitecto Adolfo Benincasa del \u00e1rea de Obras, las concejalas Rita Leguizam\u00f3n, Candelaria Cuscuela y el concejal Gast\u00f3n Casco.<\/p>\n\n\n\n<p>La apertura de este jard\u00edn, que ya cuenta con m\u00e1s de 120 inscriptos, ser\u00e1 uno de los hechos m\u00e1s relevantes de la gesti\u00f3n que comenz\u00f3 el Intendente Cecilio Salazar y contin\u00faa ahora el Dr. Ram\u00f3n Salazar, por todos los obst\u00e1culos que debieron afrontarse para arribar a la concreci\u00f3n del proyecto en un espacio estrat\u00e9gico para el barrio que ya cuenta con una escuela secundaria.<\/p>\n\n\n\n<p>En las pr\u00f3ximas horas se definir\u00e1n d\u00eda y horario del acto oficial de inauguraci\u00f3n que contar\u00e1 con la presencia de funcionarios provinciales y nacionales.<\/p>\n\n\n\n<p>El registro de ni\u00f1os y ni\u00f1as para concurrir al Jard\u00edn 919 sigue abierto hasta completar 300 vacantes, de lunes a viernes de 9.00 a 11.00 hs y de 13.30 a 16.00 en la Escuela de Educaci\u00f3n Secundaria N\u00b0 13 que funciona en el mismo predio (Combate de Obligado y Aul\u00ed).<\/p>\n\n\n\n<p>De acuerdo a la informaci\u00f3n ya adelantada el establecimiento contar\u00e1 con doble turno en 6 aulas y dependencias amplias y c\u00f3modas para el desarrollo de todas las actividades.<\/p>\n\n\n\n<p>El gobierno municipal contin\u00faa con gestiones a nivel provincial y nacional para concretar otras importantes obras relacionadas con la educaci\u00f3n en todo el Partido de San Pedro.<\/p>\n\n\n\n<figure class=\"wp-block-image size-full\"><img decoding=\"async\" width=\"945\" height=\"630\" data-attachment-id=\"108302\" data-permalink=\"https:\/\/eldiariodesanpedro.com.ar\/sitio\/visita-al-jardin-919-a-pocos-dias-de-su-inauguracion\/whatsapp-image-2022-06-23-at-5-24-30-pm-1\/\" data-orig-file=\"https:\/\/eldiariodesanpedro.com.ar\/sitio\/wp-content\/uploads\/2022\/06\/WhatsApp-Image-2022-06-23-at-5.24.30-PM-1.jpeg\" data-orig-size=\"945,630\" data-comments-opened=\"0\" data-image-meta=\"{&quot;aperture&quot;:&quot;0&quot;,&quot;credit&quot;:&quot;&quot;,&quot;camera&quot;:&quot;&quot;,&quot;caption&quot;:&quot;&quot;,&quot;created_timestamp&quot;:&quot;0&quot;,&quot;copyright&quot;:&quot;&quot;,&quot;focal_length&quot;:&quot;0&quot;,&quot;iso&quot;:&quot;0&quot;,&quot;shutter_speed&quot;:&quot;0&quot;,&quot;title&quot;:&quot;&quot;,&quot;orientation&quot;:&quot;0&quot;}\" data-image-title=\"WhatsApp Image 2022-06-23 at 5.24.30 PM (1)\" data-image-description=\"\" data-image-caption=\"\" data-large-file=\"https:\/\/eldiariodesanpedro.com.ar\/sitio\/wp-content\/uploads\/2022\/06\/WhatsApp-Image-2022-06-23-at-5.24.30-PM-1.jpeg\" data-src=\"https:\/\/eldiariodesanpedro.com.ar\/sitio\/wp-content\/uploads\/2022\/06\/WhatsApp-Image-2022-06-23-at-5.24.30-PM-1.jpeg\" alt=\"\" class=\"wp-image-108302 lazyload\" data-srcset=\"https:\/\/eldiariodesanpedro.com.ar\/sitio\/wp-content\/uploads\/2022\/06\/WhatsApp-Image-2022-06-23-at-5.24.30-PM-1.jpeg 945w, https:\/\/eldiariodesanpedro.com.ar\/sitio\/wp-content\/uploads\/2022\/06\/WhatsApp-Image-2022-06-23-at-5.24.30-PM-1-300x200.jpeg 300w, https:\/\/eldiariodesanpedro.com.ar\/sitio\/wp-content\/uploads\/2022\/06\/WhatsApp-Image-2022-06-23-at-5.24.30-PM-1-768x512.jpeg 768w\" data-sizes=\"(max-width: 945px) 100vw, 945px\" src=\"data:image\/svg+xml;base64,PHN2ZyB3aWR0aD0iMSIgaGVpZ2h0PSIxIiB4bWxucz0iaHR0cDovL3d3dy53My5vcmcvMjAwMC9zdmciPjwvc3ZnPg==\" style=\"--smush-placeholder-width: 945px; --smush-placeholder-aspect-ratio: 945\/630;\" \/><\/figure>\n\n\n\n<figure class=\"wp-block-image size-full\"><img decoding=\"async\" width=\"945\" height=\"630\" data-attachment-id=\"108303\" data-permalink=\"https:\/\/eldiariodesanpedro.com.ar\/sitio\/visita-al-jardin-919-a-pocos-dias-de-su-inauguracion\/whatsapp-image-2022-06-23-at-5-24-30-pm\/\" data-orig-file=\"https:\/\/eldiariodesanpedro.com.ar\/sitio\/wp-content\/uploads\/2022\/06\/WhatsApp-Image-2022-06-23-at-5.24.30-PM.jpeg\" data-orig-size=\"945,630\" data-comments-opened=\"0\" data-image-meta=\"{&quot;aperture&quot;:&quot;0&quot;,&quot;credit&quot;:&quot;&quot;,&quot;camera&quot;:&quot;&quot;,&quot;caption&quot;:&quot;&quot;,&quot;created_timestamp&quot;:&quot;0&quot;,&quot;copyright&quot;:&quot;&quot;,&quot;focal_length&quot;:&quot;0&quot;,&quot;iso&quot;:&quot;0&quot;,&quot;shutter_speed&quot;:&quot;0&quot;,&quot;title&quot;:&quot;&quot;,&quot;orientation&quot;:&quot;0&quot;}\" data-image-title=\"WhatsApp Image 2022-06-23 at 5.24.30 PM\" data-image-description=\"\" data-image-caption=\"\" data-large-file=\"https:\/\/eldiariodesanpedro.com.ar\/sitio\/wp-content\/uploads\/2022\/06\/WhatsApp-Image-2022-06-23-at-5.24.30-PM.jpeg\" data-src=\"https:\/\/eldiariodesanpedro.com.ar\/sitio\/wp-content\/uploads\/2022\/06\/WhatsApp-Image-2022-06-23-at-5.24.30-PM.jpeg\" alt=\"\" class=\"wp-image-108303 lazyload\" data-srcset=\"https:\/\/eldiariodesanpedro.com.ar\/sitio\/wp-content\/uploads\/2022\/06\/WhatsApp-Image-2022-06-23-at-5.24.30-PM.jpeg 945w, https:\/\/eldiariodesanpedro.com.ar\/sitio\/wp-content\/uploads\/2022\/06\/WhatsApp-Image-2022-06-23-at-5.24.30-PM-300x200.jpeg 300w, https:\/\/eldiariodesanpedro.com.ar\/sitio\/wp-content\/uploads\/2022\/06\/WhatsApp-Image-2022-06-23-at-5.24.30-PM-768x512.jpeg 768w\" data-sizes=\"(max-width: 945px) 100vw, 945px\" src=\"data:image\/svg+xml;base64,PHN2ZyB3aWR0aD0iMSIgaGVpZ2h0PSIxIiB4bWxucz0iaHR0cDovL3d3dy53My5vcmcvMjAwMC9zdmciPjwvc3ZnPg==\" style=\"--smush-placeholder-width: 945px; --smush-placeholder-aspect-ratio: 945\/630;\" \/><\/figure>\n\n\n\n<figure class=\"wp-block-image size-full\"><img decoding=\"async\" width=\"1012\" height=\"630\" data-attachment-id=\"108304\" data-permalink=\"https:\/\/eldiariodesanpedro.com.ar\/sitio\/visita-al-jardin-919-a-pocos-dias-de-su-inauguracion\/whatsapp-image-2022-06-23-at-5-24-31-pm\/\" data-orig-file=\"https:\/\/eldiariodesanpedro.com.ar\/sitio\/wp-content\/uploads\/2022\/06\/WhatsApp-Image-2022-06-23-at-5.24.31-PM.jpeg\" data-orig-size=\"1012,630\" data-comments-opened=\"0\" data-image-meta=\"{&quot;aperture&quot;:&quot;0&quot;,&quot;credit&quot;:&quot;&quot;,&quot;camera&quot;:&quot;&quot;,&quot;caption&quot;:&quot;&quot;,&quot;created_timestamp&quot;:&quot;0&quot;,&quot;copyright&quot;:&quot;&quot;,&quot;focal_length&quot;:&quot;0&quot;,&quot;iso&quot;:&quot;0&quot;,&quot;shutter_speed&quot;:&quot;0&quot;,&quot;title&quot;:&quot;&quot;,&quot;orientation&quot;:&quot;0&quot;}\" data-image-title=\"WhatsApp Image 2022-06-23 at 5.24.31 PM\" data-image-description=\"\" data-image-caption=\"\" data-large-file=\"https:\/\/eldiariodesanpedro.com.ar\/sitio\/wp-content\/uploads\/2022\/06\/WhatsApp-Image-2022-06-23-at-5.24.31-PM.jpeg\" data-src=\"https:\/\/eldiariodesanpedro.com.ar\/sitio\/wp-content\/uploads\/2022\/06\/WhatsApp-Image-2022-06-23-at-5.24.31-PM.jpeg\" alt=\"\" class=\"wp-image-108304 lazyload\" data-srcset=\"https:\/\/eldiariodesanpedro.com.ar\/sitio\/wp-content\/uploads\/2022\/06\/WhatsApp-Image-2022-06-23-at-5.24.31-PM.jpeg 1012w, https:\/\/eldiariodesanpedro.com.ar\/sitio\/wp-content\/uploads\/2022\/06\/WhatsApp-Image-2022-06-23-at-5.24.31-PM-300x187.jpeg 300w, https:\/\/eldiariodesanpedro.com.ar\/sitio\/wp-content\/uploads\/2022\/06\/WhatsApp-Image-2022-06-23-at-5.24.31-PM-768x478.jpeg 768w\" data-sizes=\"(max-width: 1012px) 100vw, 1012px\" src=\"data:image\/svg+xml;base64,PHN2ZyB3aWR0aD0iMSIgaGVpZ2h0PSIxIiB4bWxucz0iaHR0cDovL3d3dy53My5vcmcvMjAwMC9zdmciPjwvc3ZnPg==\" style=\"--smush-placeholder-width: 1012px; --smush-placeholder-aspect-ratio: 1012\/630;\" \/><\/figure>\n","protected":false},"excerpt":{"rendered":"<p>A pocos d\u00edas de la inauguraci\u00f3n oficial del esperado jard\u00edn de infantes construido en la ex cancha de Banfield, el Intendente Dr. Ram\u00f3n Salazar visit\u00f3 esta ma\u00f1ana el edificio junto al secretario de Obras, Planeamiento y Catastro, Dr. Javier Silva, el arquitecto Adolfo Benincasa del \u00e1rea de Obras, las concejalas Rita Leguizam\u00f3n, Candelaria Cuscuela y [&hellip;]<\/p>\n","protected":false},"author":4,"featured_media":107257,"comment_status":"closed","ping_status":"closed","sticky":false,"template":"","format":"standard","meta":{"om_disable_all_campaigns":false,"_jetpack_memberships_contains_paid_content":false,"footnotes":""},"categories":[50,101,2],"tags":[197,696,33,19],"class_list":["post-108301","post","type-post","status-publish","format-standard","has-post-thumbnail","hentry","category-destacadas","category-interes-general-locales","category-locales","tag-buenos-aires","tag-interes-general","tag-locales","tag-san-pedro"],"aioseo_notices":[],"gutentor_comment":0,"jetpack_featured_media_url":"https:\/\/eldiariodesanpedro.com.ar\/sitio\/wp-content\/uploads\/2022\/05\/WhatsApp-Image-2022-05-17-at-11.36.33-AM.jpeg","jetpack_shortlink":"https:\/\/wp.me\/p6RhLt-saN","jetpack_sharing_enabled":true,"_links":{"self":[{"href":"https:\/\/eldiariodesanpedro.com.ar\/sitio\/wp-json\/wp\/v2\/posts\/108301","targetHints":{"allow":["GET"]}}],"collection":[{"href":"https:\/\/eldiariodesanpedro.com.ar\/sitio\/wp-json\/wp\/v2\/posts"}],"about":[{"href":"https:\/\/eldiariodesanpedro.com.ar\/sitio\/wp-json\/wp\/v2\/types\/post"}],"author":[{"embeddable":true,"href":"https:\/\/eldiariodesanpedro.com.ar\/sitio\/wp-json\/wp\/v2\/users\/4"}],"replies":[{"embeddable":true,"href":"https:\/\/eldiariodesanpedro.com.ar\/sitio\/wp-json\/wp\/v2\/comments?post=108301"}],"version-history":[{"count":1,"href":"https:\/\/eldiariodesanpedro.com.ar\/sitio\/wp-json\/wp\/v2\/posts\/108301\/revisions"}],"predecessor-version":[{"id":108305,"href":"https:\/\/eldiariodesanpedro.com.ar\/sitio\/wp-json\/wp\/v2\/posts\/108301\/revisions\/108305"}],"wp:featuredmedia":[{"embeddable":true,"href":"https:\/\/eldiariodesanpedro.com.ar\/sitio\/wp-json\/wp\/v2\/media\/107257"}],"wp:attachment":[{"href":"https:\/\/eldiariodesanpedro.com.ar\/sitio\/wp-json\/wp\/v2\/media?parent=108301"}],"wp:term":[{"taxonomy":"category","embeddable":true,"href":"https:\/\/eldiariodesanpedro.com.ar\/sitio\/wp-json\/wp\/v2\/categories?post=108301"},{"taxonomy":"post_tag","embeddable":true,"href":"https:\/\/eldiariodesanpedro.com.ar\/sitio\/wp-json\/wp\/v2\/tags?post=108301"}],"curies":[{"name":"wp","href":"https:\/\/api.w.org\/{rel}","templated":true}]}}