{"id":108295,"date":"2022-06-23T16:57:29","date_gmt":"2022-06-23T19:57:29","guid":{"rendered":"https:\/\/eldiariodesanpedro.com.ar\/sitio\/?p=108295"},"modified":"2022-06-23T16:57:30","modified_gmt":"2022-06-23T19:57:30","slug":"resolvieron-la-perdida-de-gas-y-la-escuela-normal-podra-retomar-clases%ef%bf%bc%ef%bf%bc","status":"publish","type":"post","link":"https:\/\/eldiariodesanpedro.com.ar\/sitio\/resolvieron-la-perdida-de-gas-y-la-escuela-normal-podra-retomar-clases%ef%bf%bc%ef%bf%bc\/","title":{"rendered":"Resolvieron la p\u00e9rdida de gas y la escuela Normal podr\u00e1 retomar clases\ufffc\ufffc"},"content":{"rendered":"<!-- VideographyWP Plugin Message: Automatic video embedding prevented by plugin options. -->\n\n<p>Personal de una empresa contratada para las reparaciones trabaj\u00f3 durante la ma\u00f1ana de este martes y s\u00f3lo restaba la inspecci\u00f3n final de Litoral Gas. Las clases hab\u00edan sido suspendidas hasta las 17.30, inicialmente, por lo que todo indica que desde esa hora podr\u00edan rehabilitar la concurrencia al edificio. La consejera escolar Patricia Sabat\u00e9 explic\u00f3 lo ocurrido.<\/p>\n\n\n\n<p>Este jueves por la ma\u00f1ana una cuadrilla contratada por Litoral Gas trabaj\u00f3 en la casilla de gas ubicada en la esquina de Boulevard Moreno y 11 de Septiembre que pertenece al edificio de la escuela Normal, donde suspendieron la actividad para todas las instituciones que all\u00ed funcionan a la espera de la resoluci\u00f3n de la p\u00e9rdida de gas detectada en ese lugar.<\/p>\n\n\n\n<p>Al mediod\u00eda, los trabajadores ya hab\u00edan concluido con su tarea y s\u00f3lo restaba la presencia del inspector de Litoral Gas para certificar el fin de obra y quede habilitado el uso del edificio para las tareas habituales.<\/p>\n\n\n\n<p>La suspensi\u00f3n de clases dispuesta para este jueves estaba prevista al menos hasta las 17.30, puesto que todo indicaba que la resoluci\u00f3n del inconveniente permitir\u00eda que el Instituto de Formaci\u00f3n T\u00e9cnica 118, el de Formaci\u00f3n Docente 119 y la secundaria 3, que tiene algunos cursos en horario vespertinos, podr\u00edan retomar hoy mismo la actividad.about:blank<\/p>\n\n\n\n<p>La consejera escolar Patricia Sabat\u00e9 inform\u00f3 que el martes por la noche se comunicaron con el Consejo desde el Instituto para reportar que hab\u00eda mucho olor a gas y que proven\u00eda de esa casilla. Se present\u00f3 el proveedor de la instalaci\u00f3n del edificio y certific\u00f3 que era afuera de la instituci\u00f3n.<\/p>\n\n\n\n<p>\u201cSe dio cuenta de que no pod\u00eda hacer nada, porque ten\u00eda que intervenir Litoral Gas. Ayer por la ma\u00f1ana verific\u00f3 la instalaci\u00f3n de la escuela e inform\u00f3 a Litoral Gas para que disponga la cuadrilla, que viene de Rosario\u201d, explic\u00f3 Sabat\u00e9.<\/p>\n\n\n\n<p>La consejera cont\u00f3 que el cuerpo que integra tiene a su cargo \u201cel control de los calefactores y la prueba de hermeticidad\u201d en las escuelas, para lo que \u201cse contrat\u00f3 a un proveedor\u201d tras una licitaci\u00f3n.<\/p>\n\n\n\n<p>\u201cDetermin\u00f3 qu\u00e9 calefactores hab\u00eda para arreglar y cu\u00e1les hab\u00eda que cambiar, tenemos alrededor de 30 para cambiar, pero los fondos no llegaron y todav\u00eda no se pudo comprar\u201d, dijo.<\/p>\n\n\n\n<p>\u201cEstamos esperando que Municipalidad nos env\u00ede dinero del Fondo Educativo, en marzo nos mandaron 15 millones de pesos y ya lo utilizamos\u201d, detall\u00f3 la consejera escolar de Juntos.<\/p>\n\n\n\n<p>Patricia Sabat\u00e9 inform\u00f3 que Provincia env\u00eda recursos afectados para cada situaci\u00f3n y que la calefacci\u00f3n tambi\u00e9n est\u00e1 contemplada. \u201cPor eso pedimos a la Municipalidad, comparmos de ah\u00ed y cuando llega la plata la devolvemos a donde tiene que ir. ya se solicit\u00f3 una suma a la Municipalidad y estamos a la espera de ver qu\u00e9 nos van a dar\u201d, explic\u00f3.<\/p>\n\n\n\n<p>En ese marco, analiz\u00f3: \u201cEs como que van al rev\u00e9s, en verano deber\u00edan enviar para arreglar lo que es calefacci\u00f3n y en invierno ventilaci\u00f3n, ya tendr\u00edamos que estar mirando qu\u00e9 ventiladores no andan, qu\u00e9 equipos de aire hay que reparar\u201d.<\/p>\n\n\n\n<p>Fuente: La Opini\u00f3n<\/p>\n\n\n\n<figure class=\"wp-block-image size-large\"><img decoding=\"async\" width=\"1024\" height=\"497\" data-attachment-id=\"108297\" data-permalink=\"https:\/\/eldiariodesanpedro.com.ar\/sitio\/resolvieron-la-perdida-de-gas-y-la-escuela-normal-podra-retomar-clases%ef%bf%bc%ef%bf%bc\/whatsapp-image-2022-06-23-at-10-10-52-am-2\/\" data-orig-file=\"https:\/\/eldiariodesanpedro.com.ar\/sitio\/wp-content\/uploads\/2022\/06\/WhatsApp-Image-2022-06-23-at-10.10.52-AM-2.jpeg\" data-orig-size=\"1200,583\" data-comments-opened=\"0\" data-image-meta=\"{&quot;aperture&quot;:&quot;0&quot;,&quot;credit&quot;:&quot;&quot;,&quot;camera&quot;:&quot;&quot;,&quot;caption&quot;:&quot;&quot;,&quot;created_timestamp&quot;:&quot;0&quot;,&quot;copyright&quot;:&quot;&quot;,&quot;focal_length&quot;:&quot;0&quot;,&quot;iso&quot;:&quot;0&quot;,&quot;shutter_speed&quot;:&quot;0&quot;,&quot;title&quot;:&quot;&quot;,&quot;orientation&quot;:&quot;0&quot;}\" data-image-title=\"WhatsApp Image 2022-06-23 at 10.10.52 AM (2)\" data-image-description=\"\" data-image-caption=\"\" data-large-file=\"https:\/\/eldiariodesanpedro.com.ar\/sitio\/wp-content\/uploads\/2022\/06\/WhatsApp-Image-2022-06-23-at-10.10.52-AM-2-1024x497.jpeg\" data-src=\"https:\/\/eldiariodesanpedro.com.ar\/sitio\/wp-content\/uploads\/2022\/06\/WhatsApp-Image-2022-06-23-at-10.10.52-AM-2-1024x497.jpeg\" alt=\"\" class=\"wp-image-108297 lazyload\" data-srcset=\"https:\/\/eldiariodesanpedro.com.ar\/sitio\/wp-content\/uploads\/2022\/06\/WhatsApp-Image-2022-06-23-at-10.10.52-AM-2-1024x497.jpeg 1024w, https:\/\/eldiariodesanpedro.com.ar\/sitio\/wp-content\/uploads\/2022\/06\/WhatsApp-Image-2022-06-23-at-10.10.52-AM-2-300x146.jpeg 300w, https:\/\/eldiariodesanpedro.com.ar\/sitio\/wp-content\/uploads\/2022\/06\/WhatsApp-Image-2022-06-23-at-10.10.52-AM-2-768x373.jpeg 768w, https:\/\/eldiariodesanpedro.com.ar\/sitio\/wp-content\/uploads\/2022\/06\/WhatsApp-Image-2022-06-23-at-10.10.52-AM-2.jpeg 1200w\" data-sizes=\"(max-width: 1024px) 100vw, 1024px\" src=\"data:image\/svg+xml;base64,PHN2ZyB3aWR0aD0iMSIgaGVpZ2h0PSIxIiB4bWxucz0iaHR0cDovL3d3dy53My5vcmcvMjAwMC9zdmciPjwvc3ZnPg==\" style=\"--smush-placeholder-width: 1024px; --smush-placeholder-aspect-ratio: 1024\/497;\" \/><\/figure>\n\n\n\n<figure class=\"wp-block-image size-large\"><img decoding=\"async\" width=\"1024\" height=\"497\" data-attachment-id=\"108296\" data-permalink=\"https:\/\/eldiariodesanpedro.com.ar\/sitio\/resolvieron-la-perdida-de-gas-y-la-escuela-normal-podra-retomar-clases%ef%bf%bc%ef%bf%bc\/whatsapp-image-2022-06-23-at-10-10-52-am-1\/\" data-orig-file=\"https:\/\/eldiariodesanpedro.com.ar\/sitio\/wp-content\/uploads\/2022\/06\/WhatsApp-Image-2022-06-23-at-10.10.52-AM-1.jpeg\" data-orig-size=\"1200,583\" data-comments-opened=\"0\" data-image-meta=\"{&quot;aperture&quot;:&quot;0&quot;,&quot;credit&quot;:&quot;&quot;,&quot;camera&quot;:&quot;&quot;,&quot;caption&quot;:&quot;&quot;,&quot;created_timestamp&quot;:&quot;0&quot;,&quot;copyright&quot;:&quot;&quot;,&quot;focal_length&quot;:&quot;0&quot;,&quot;iso&quot;:&quot;0&quot;,&quot;shutter_speed&quot;:&quot;0&quot;,&quot;title&quot;:&quot;&quot;,&quot;orientation&quot;:&quot;0&quot;}\" data-image-title=\"WhatsApp Image 2022-06-23 at 10.10.52 AM (1)\" data-image-description=\"\" data-image-caption=\"\" data-large-file=\"https:\/\/eldiariodesanpedro.com.ar\/sitio\/wp-content\/uploads\/2022\/06\/WhatsApp-Image-2022-06-23-at-10.10.52-AM-1-1024x497.jpeg\" data-src=\"https:\/\/eldiariodesanpedro.com.ar\/sitio\/wp-content\/uploads\/2022\/06\/WhatsApp-Image-2022-06-23-at-10.10.52-AM-1-1024x497.jpeg\" alt=\"\" class=\"wp-image-108296 lazyload\" data-srcset=\"https:\/\/eldiariodesanpedro.com.ar\/sitio\/wp-content\/uploads\/2022\/06\/WhatsApp-Image-2022-06-23-at-10.10.52-AM-1-1024x497.jpeg 1024w, https:\/\/eldiariodesanpedro.com.ar\/sitio\/wp-content\/uploads\/2022\/06\/WhatsApp-Image-2022-06-23-at-10.10.52-AM-1-300x146.jpeg 300w, https:\/\/eldiariodesanpedro.com.ar\/sitio\/wp-content\/uploads\/2022\/06\/WhatsApp-Image-2022-06-23-at-10.10.52-AM-1-768x373.jpeg 768w, https:\/\/eldiariodesanpedro.com.ar\/sitio\/wp-content\/uploads\/2022\/06\/WhatsApp-Image-2022-06-23-at-10.10.52-AM-1.jpeg 1200w\" data-sizes=\"(max-width: 1024px) 100vw, 1024px\" src=\"data:image\/svg+xml;base64,PHN2ZyB3aWR0aD0iMSIgaGVpZ2h0PSIxIiB4bWxucz0iaHR0cDovL3d3dy53My5vcmcvMjAwMC9zdmciPjwvc3ZnPg==\" style=\"--smush-placeholder-width: 1024px; --smush-placeholder-aspect-ratio: 1024\/497;\" \/><\/figure>\n\n\n\n<figure class=\"wp-block-image size-large\"><img decoding=\"async\" width=\"1024\" height=\"497\" data-attachment-id=\"108298\" data-permalink=\"https:\/\/eldiariodesanpedro.com.ar\/sitio\/resolvieron-la-perdida-de-gas-y-la-escuela-normal-podra-retomar-clases%ef%bf%bc%ef%bf%bc\/whatsapp-image-2022-06-23-at-10-10-52-am\/\" data-orig-file=\"https:\/\/eldiariodesanpedro.com.ar\/sitio\/wp-content\/uploads\/2022\/06\/WhatsApp-Image-2022-06-23-at-10.10.52-AM.jpeg\" data-orig-size=\"1200,583\" data-comments-opened=\"0\" data-image-meta=\"{&quot;aperture&quot;:&quot;0&quot;,&quot;credit&quot;:&quot;&quot;,&quot;camera&quot;:&quot;&quot;,&quot;caption&quot;:&quot;&quot;,&quot;created_timestamp&quot;:&quot;0&quot;,&quot;copyright&quot;:&quot;&quot;,&quot;focal_length&quot;:&quot;0&quot;,&quot;iso&quot;:&quot;0&quot;,&quot;shutter_speed&quot;:&quot;0&quot;,&quot;title&quot;:&quot;&quot;,&quot;orientation&quot;:&quot;0&quot;}\" data-image-title=\"WhatsApp Image 2022-06-23 at 10.10.52 AM\" data-image-description=\"\" data-image-caption=\"\" data-large-file=\"https:\/\/eldiariodesanpedro.com.ar\/sitio\/wp-content\/uploads\/2022\/06\/WhatsApp-Image-2022-06-23-at-10.10.52-AM-1024x497.jpeg\" data-src=\"https:\/\/eldiariodesanpedro.com.ar\/sitio\/wp-content\/uploads\/2022\/06\/WhatsApp-Image-2022-06-23-at-10.10.52-AM-1024x497.jpeg\" alt=\"\" class=\"wp-image-108298 lazyload\" data-srcset=\"https:\/\/eldiariodesanpedro.com.ar\/sitio\/wp-content\/uploads\/2022\/06\/WhatsApp-Image-2022-06-23-at-10.10.52-AM-1024x497.jpeg 1024w, https:\/\/eldiariodesanpedro.com.ar\/sitio\/wp-content\/uploads\/2022\/06\/WhatsApp-Image-2022-06-23-at-10.10.52-AM-300x146.jpeg 300w, https:\/\/eldiariodesanpedro.com.ar\/sitio\/wp-content\/uploads\/2022\/06\/WhatsApp-Image-2022-06-23-at-10.10.52-AM-768x373.jpeg 768w, https:\/\/eldiariodesanpedro.com.ar\/sitio\/wp-content\/uploads\/2022\/06\/WhatsApp-Image-2022-06-23-at-10.10.52-AM.jpeg 1200w\" data-sizes=\"(max-width: 1024px) 100vw, 1024px\" src=\"data:image\/svg+xml;base64,PHN2ZyB3aWR0aD0iMSIgaGVpZ2h0PSIxIiB4bWxucz0iaHR0cDovL3d3dy53My5vcmcvMjAwMC9zdmciPjwvc3ZnPg==\" style=\"--smush-placeholder-width: 1024px; --smush-placeholder-aspect-ratio: 1024\/497;\" \/><\/figure>\n\n\n\n<p><a href=\"https:\/\/www.laopinionsemanario.com.ar\/secciones\/informacion-general\/\"><\/a><\/p>\n","protected":false},"excerpt":{"rendered":"<p>Personal de una empresa contratada para las reparaciones trabaj\u00f3 durante la ma\u00f1ana de este martes y s\u00f3lo restaba la inspecci\u00f3n final de Litoral Gas. Las clases hab\u00edan sido suspendidas hasta las 17.30, inicialmente, por lo que todo indica que desde esa hora podr\u00edan rehabilitar la concurrencia al edificio. La consejera escolar Patricia Sabat\u00e9 explic\u00f3 lo [&hellip;]<\/p>\n","protected":false},"author":4,"featured_media":108299,"comment_status":"closed","ping_status":"closed","sticky":false,"template":"","format":"standard","meta":{"om_disable_all_campaigns":false,"_jetpack_memberships_contains_paid_content":false,"footnotes":""},"categories":[50,101,2],"tags":[197,696,33,19],"class_list":["post-108295","post","type-post","status-publish","format-standard","has-post-thumbnail","hentry","category-destacadas","category-interes-general-locales","category-locales","tag-buenos-aires","tag-interes-general","tag-locales","tag-san-pedro"],"aioseo_notices":[],"gutentor_comment":0,"jetpack_featured_media_url":"https:\/\/eldiariodesanpedro.com.ar\/sitio\/wp-content\/uploads\/2022\/06\/WhatsApp-Image-2022-06-23-at-11.37.39-AM.jpeg","jetpack_shortlink":"https:\/\/wp.me\/p6RhLt-saH","jetpack_sharing_enabled":true,"_links":{"self":[{"href":"https:\/\/eldiariodesanpedro.com.ar\/sitio\/wp-json\/wp\/v2\/posts\/108295","targetHints":{"allow":["GET"]}}],"collection":[{"href":"https:\/\/eldiariodesanpedro.com.ar\/sitio\/wp-json\/wp\/v2\/posts"}],"about":[{"href":"https:\/\/eldiariodesanpedro.com.ar\/sitio\/wp-json\/wp\/v2\/types\/post"}],"author":[{"embeddable":true,"href":"https:\/\/eldiariodesanpedro.com.ar\/sitio\/wp-json\/wp\/v2\/users\/4"}],"replies":[{"embeddable":true,"href":"https:\/\/eldiariodesanpedro.com.ar\/sitio\/wp-json\/wp\/v2\/comments?post=108295"}],"version-history":[{"count":1,"href":"https:\/\/eldiariodesanpedro.com.ar\/sitio\/wp-json\/wp\/v2\/posts\/108295\/revisions"}],"predecessor-version":[{"id":108300,"href":"https:\/\/eldiariodesanpedro.com.ar\/sitio\/wp-json\/wp\/v2\/posts\/108295\/revisions\/108300"}],"wp:featuredmedia":[{"embeddable":true,"href":"https:\/\/eldiariodesanpedro.com.ar\/sitio\/wp-json\/wp\/v2\/media\/108299"}],"wp:attachment":[{"href":"https:\/\/eldiariodesanpedro.com.ar\/sitio\/wp-json\/wp\/v2\/media?parent=108295"}],"wp:term":[{"taxonomy":"category","embeddable":true,"href":"https:\/\/eldiariodesanpedro.com.ar\/sitio\/wp-json\/wp\/v2\/categories?post=108295"},{"taxonomy":"post_tag","embeddable":true,"href":"https:\/\/eldiariodesanpedro.com.ar\/sitio\/wp-json\/wp\/v2\/tags?post=108295"}],"curies":[{"name":"wp","href":"https:\/\/api.w.org\/{rel}","templated":true}]}}