{"id":108288,"date":"2022-06-23T16:52:52","date_gmt":"2022-06-23T19:52:52","guid":{"rendered":"https:\/\/eldiariodesanpedro.com.ar\/sitio\/?p=108288"},"modified":"2022-06-23T16:52:53","modified_gmt":"2022-06-23T19:52:53","slug":"transportistas-mantienen-la-protesta-en-ruta-9-cortan-en-las-dos-direcciones-ambos-carriles%ef%bf%bc%ef%bf%bc","status":"publish","type":"post","link":"https:\/\/eldiariodesanpedro.com.ar\/sitio\/transportistas-mantienen-la-protesta-en-ruta-9-cortan-en-las-dos-direcciones-ambos-carriles%ef%bf%bc%ef%bf%bc\/","title":{"rendered":"Transportistas mantienen la protesta en ruta 9 cortan en las dos direcciones ambos carriles\ufffc\ufffc"},"content":{"rendered":"<!-- VideographyWP Plugin Message: Automatic video embedding prevented by plugin options. -->\n\n<p>Los manifestantes permanecen en la zona pr\u00f3xima a R\u00edo Tala a la espera de que el Gobierno reciba a los referentes nacionales del sector para destrabar el conflicto. Cerca del mediod\u00eda hab\u00eda embotellamiento en la autopista porque hab\u00edan cortado ambos carriles.<\/p>\n\n\n\n<p>Los transportistas que reclaman por actualizaci\u00f3n de tarifas y ante los incrementos del gasoil y la escases de ese combustible permanecen en el km 153 de la ruta 9 a la espera de que el Gobierno nacional reciba a referentes del sector para destrabar el conflicto.<\/p>\n\n\n\n<p>En ese marco, las protestas en todo el pa\u00eds implican demoras en el tr\u00e1nsito, como ocurre en el km 153 de la ruta 9, donde hay un ret\u00e9n que de manera intermitente corta el paso de camiones de carga, por lo que se genera circulaci\u00f3n reducida.<\/p>\n\n\n\n<p>Alrededor del mediod\u00eda, desde la zona del puente de R\u00edo Tala reportaron que el tr\u00e1nsito estaba detenido en ambos carriles de la autopista, por lo que hab\u00eda un embotellamiento de veh\u00edculos a la espera de que levanten el corte para continuar su marcha.<\/p>\n\n\n\n<figure class=\"wp-block-image size-large\"><img decoding=\"async\" width=\"1024\" height=\"484\" data-attachment-id=\"108290\" data-permalink=\"https:\/\/eldiariodesanpedro.com.ar\/sitio\/transportistas-mantienen-la-protesta-en-ruta-9-cortan-en-las-dos-direcciones-ambos-carriles%ef%bf%bc%ef%bf%bc\/whatsapp-image-2022-06-23-at-2-09-26-pm-2\/\" data-orig-file=\"https:\/\/eldiariodesanpedro.com.ar\/sitio\/wp-content\/uploads\/2022\/06\/WhatsApp-Image-2022-06-23-at-2.09.26-PM-2.jpeg\" data-orig-size=\"1200,567\" data-comments-opened=\"0\" data-image-meta=\"{&quot;aperture&quot;:&quot;0&quot;,&quot;credit&quot;:&quot;&quot;,&quot;camera&quot;:&quot;&quot;,&quot;caption&quot;:&quot;&quot;,&quot;created_timestamp&quot;:&quot;0&quot;,&quot;copyright&quot;:&quot;&quot;,&quot;focal_length&quot;:&quot;0&quot;,&quot;iso&quot;:&quot;0&quot;,&quot;shutter_speed&quot;:&quot;0&quot;,&quot;title&quot;:&quot;&quot;,&quot;orientation&quot;:&quot;0&quot;}\" data-image-title=\"WhatsApp Image 2022-06-23 at 2.09.26 PM (2)\" data-image-description=\"\" data-image-caption=\"\" data-large-file=\"https:\/\/eldiariodesanpedro.com.ar\/sitio\/wp-content\/uploads\/2022\/06\/WhatsApp-Image-2022-06-23-at-2.09.26-PM-2-1024x484.jpeg\" data-src=\"https:\/\/eldiariodesanpedro.com.ar\/sitio\/wp-content\/uploads\/2022\/06\/WhatsApp-Image-2022-06-23-at-2.09.26-PM-2-1024x484.jpeg\" alt=\"\" class=\"wp-image-108290 lazyload\" data-srcset=\"https:\/\/eldiariodesanpedro.com.ar\/sitio\/wp-content\/uploads\/2022\/06\/WhatsApp-Image-2022-06-23-at-2.09.26-PM-2-1024x484.jpeg 1024w, https:\/\/eldiariodesanpedro.com.ar\/sitio\/wp-content\/uploads\/2022\/06\/WhatsApp-Image-2022-06-23-at-2.09.26-PM-2-300x142.jpeg 300w, https:\/\/eldiariodesanpedro.com.ar\/sitio\/wp-content\/uploads\/2022\/06\/WhatsApp-Image-2022-06-23-at-2.09.26-PM-2-768x363.jpeg 768w, https:\/\/eldiariodesanpedro.com.ar\/sitio\/wp-content\/uploads\/2022\/06\/WhatsApp-Image-2022-06-23-at-2.09.26-PM-2.jpeg 1200w\" data-sizes=\"(max-width: 1024px) 100vw, 1024px\" src=\"data:image\/svg+xml;base64,PHN2ZyB3aWR0aD0iMSIgaGVpZ2h0PSIxIiB4bWxucz0iaHR0cDovL3d3dy53My5vcmcvMjAwMC9zdmciPjwvc3ZnPg==\" style=\"--smush-placeholder-width: 1024px; --smush-placeholder-aspect-ratio: 1024\/484;\" \/><\/figure>\n\n\n\n<figure class=\"wp-block-image size-large\"><img decoding=\"async\" width=\"1024\" height=\"484\" data-attachment-id=\"108292\" data-permalink=\"https:\/\/eldiariodesanpedro.com.ar\/sitio\/transportistas-mantienen-la-protesta-en-ruta-9-cortan-en-las-dos-direcciones-ambos-carriles%ef%bf%bc%ef%bf%bc\/whatsapp-image-2022-06-23-at-2-09-26-pm-3\/\" data-orig-file=\"https:\/\/eldiariodesanpedro.com.ar\/sitio\/wp-content\/uploads\/2022\/06\/WhatsApp-Image-2022-06-23-at-2.09.26-PM-3.jpeg\" data-orig-size=\"1200,567\" data-comments-opened=\"0\" data-image-meta=\"{&quot;aperture&quot;:&quot;0&quot;,&quot;credit&quot;:&quot;&quot;,&quot;camera&quot;:&quot;&quot;,&quot;caption&quot;:&quot;&quot;,&quot;created_timestamp&quot;:&quot;0&quot;,&quot;copyright&quot;:&quot;&quot;,&quot;focal_length&quot;:&quot;0&quot;,&quot;iso&quot;:&quot;0&quot;,&quot;shutter_speed&quot;:&quot;0&quot;,&quot;title&quot;:&quot;&quot;,&quot;orientation&quot;:&quot;0&quot;}\" data-image-title=\"WhatsApp Image 2022-06-23 at 2.09.26 PM (3)\" data-image-description=\"\" data-image-caption=\"\" data-large-file=\"https:\/\/eldiariodesanpedro.com.ar\/sitio\/wp-content\/uploads\/2022\/06\/WhatsApp-Image-2022-06-23-at-2.09.26-PM-3-1024x484.jpeg\" data-src=\"https:\/\/eldiariodesanpedro.com.ar\/sitio\/wp-content\/uploads\/2022\/06\/WhatsApp-Image-2022-06-23-at-2.09.26-PM-3-1024x484.jpeg\" alt=\"\" class=\"wp-image-108292 lazyload\" data-srcset=\"https:\/\/eldiariodesanpedro.com.ar\/sitio\/wp-content\/uploads\/2022\/06\/WhatsApp-Image-2022-06-23-at-2.09.26-PM-3-1024x484.jpeg 1024w, https:\/\/eldiariodesanpedro.com.ar\/sitio\/wp-content\/uploads\/2022\/06\/WhatsApp-Image-2022-06-23-at-2.09.26-PM-3-300x142.jpeg 300w, https:\/\/eldiariodesanpedro.com.ar\/sitio\/wp-content\/uploads\/2022\/06\/WhatsApp-Image-2022-06-23-at-2.09.26-PM-3-768x363.jpeg 768w, https:\/\/eldiariodesanpedro.com.ar\/sitio\/wp-content\/uploads\/2022\/06\/WhatsApp-Image-2022-06-23-at-2.09.26-PM-3.jpeg 1200w\" data-sizes=\"(max-width: 1024px) 100vw, 1024px\" src=\"data:image\/svg+xml;base64,PHN2ZyB3aWR0aD0iMSIgaGVpZ2h0PSIxIiB4bWxucz0iaHR0cDovL3d3dy53My5vcmcvMjAwMC9zdmciPjwvc3ZnPg==\" style=\"--smush-placeholder-width: 1024px; --smush-placeholder-aspect-ratio: 1024\/484;\" \/><\/figure>\n\n\n\n<p><a href=\"https:\/\/www.laopinionsemanario.com.ar\/secciones\/informacion-general\/\"><\/a><\/p>\n","protected":false},"excerpt":{"rendered":"<p>Los manifestantes permanecen en la zona pr\u00f3xima a R\u00edo Tala a la espera de que el Gobierno reciba a los referentes nacionales del sector para destrabar el conflicto. Cerca del mediod\u00eda hab\u00eda embotellamiento en la autopista porque hab\u00edan cortado ambos carriles. Los transportistas que reclaman por actualizaci\u00f3n de tarifas y ante los incrementos del gasoil [&hellip;]<\/p>\n","protected":false},"author":4,"featured_media":108289,"comment_status":"closed","ping_status":"closed","sticky":false,"template":"","format":"standard","meta":{"om_disable_all_campaigns":false,"_jetpack_memberships_contains_paid_content":false,"footnotes":""},"categories":[50,101,2],"tags":[197,696,33,19],"class_list":["post-108288","post","type-post","status-publish","format-standard","has-post-thumbnail","hentry","category-destacadas","category-interes-general-locales","category-locales","tag-buenos-aires","tag-interes-general","tag-locales","tag-san-pedro"],"aioseo_notices":[],"gutentor_comment":0,"jetpack_featured_media_url":"https:\/\/eldiariodesanpedro.com.ar\/sitio\/wp-content\/uploads\/2022\/06\/WhatsApp-Image-2022-06-23-at-2.09.26-PM-1.jpeg","jetpack_shortlink":"https:\/\/wp.me\/p6RhLt-saA","jetpack_sharing_enabled":true,"_links":{"self":[{"href":"https:\/\/eldiariodesanpedro.com.ar\/sitio\/wp-json\/wp\/v2\/posts\/108288","targetHints":{"allow":["GET"]}}],"collection":[{"href":"https:\/\/eldiariodesanpedro.com.ar\/sitio\/wp-json\/wp\/v2\/posts"}],"about":[{"href":"https:\/\/eldiariodesanpedro.com.ar\/sitio\/wp-json\/wp\/v2\/types\/post"}],"author":[{"embeddable":true,"href":"https:\/\/eldiariodesanpedro.com.ar\/sitio\/wp-json\/wp\/v2\/users\/4"}],"replies":[{"embeddable":true,"href":"https:\/\/eldiariodesanpedro.com.ar\/sitio\/wp-json\/wp\/v2\/comments?post=108288"}],"version-history":[{"count":1,"href":"https:\/\/eldiariodesanpedro.com.ar\/sitio\/wp-json\/wp\/v2\/posts\/108288\/revisions"}],"predecessor-version":[{"id":108294,"href":"https:\/\/eldiariodesanpedro.com.ar\/sitio\/wp-json\/wp\/v2\/posts\/108288\/revisions\/108294"}],"wp:featuredmedia":[{"embeddable":true,"href":"https:\/\/eldiariodesanpedro.com.ar\/sitio\/wp-json\/wp\/v2\/media\/108289"}],"wp:attachment":[{"href":"https:\/\/eldiariodesanpedro.com.ar\/sitio\/wp-json\/wp\/v2\/media?parent=108288"}],"wp:term":[{"taxonomy":"category","embeddable":true,"href":"https:\/\/eldiariodesanpedro.com.ar\/sitio\/wp-json\/wp\/v2\/categories?post=108288"},{"taxonomy":"post_tag","embeddable":true,"href":"https:\/\/eldiariodesanpedro.com.ar\/sitio\/wp-json\/wp\/v2\/tags?post=108288"}],"curies":[{"name":"wp","href":"https:\/\/api.w.org\/{rel}","templated":true}]}}