{"id":108285,"date":"2022-06-23T16:48:05","date_gmt":"2022-06-23T19:48:05","guid":{"rendered":"https:\/\/eldiariodesanpedro.com.ar\/sitio\/?p=108285"},"modified":"2022-06-23T16:48:06","modified_gmt":"2022-06-23T19:48:06","slug":"quejas-por-la-mala-atencion-en-la-verificacion-vehicular-de-policia%ef%bf%bc%ef%bf%bc","status":"publish","type":"post","link":"https:\/\/eldiariodesanpedro.com.ar\/sitio\/quejas-por-la-mala-atencion-en-la-verificacion-vehicular-de-policia%ef%bf%bc%ef%bf%bc\/","title":{"rendered":"Quejas por la mala atenci\u00f3n en la verificaci\u00f3n vehicular de polic\u00eda\ufffc\ufffc"},"content":{"rendered":"<!-- VideographyWP Plugin Message: Automatic video embedding prevented by plugin options. -->\n\n<p>Hay un solo efectivo para cumplir con el tr\u00e1mite de los particulares y de todos los rodados que requieren del control a pedido de la justicia, inspecci\u00f3n o polic\u00eda. Una mujer revel\u00f3 el trato que recibi\u00f3 esta ma\u00f1ana tras dos horas de espera.<\/p>\n\n\n\n<p>\u201cYa pas\u00f3 el mal trago, fue a la ma\u00f1ana temprano\u201d, dijo Melina tras comunicarse en dos oportunidades con La Opini\u00f3n para referir una queja que se reitera y que tiene su ra\u00edz en la falta de personal ya que hay un solo efectivo para efectuar todas las verificaciones de veh\u00edculos en las instalaciones del edificio de Inspecci\u00f3n General. Desde hace meses, una sola persona tiene a su cargo los controles que necesitan los conductores para sus rodados que se suman a todos los que requieren desde la justicia, la polic\u00eda y los controles de tr\u00e1nsito.<\/p>\n\n\n\n<p>La oficina abre cuando llega el agente y procede por orden de llegada a atender a una gran cantidad de gente que se acerca cada d\u00eda de atenci\u00f3n.<\/p>\n\n\n\n<p>\u201cDonde es Inspecci\u00f3n, donde hacen verificaci\u00e9n de los veh\u00edculos. Hay una persona de apellido Rivero, creo. Y la verdad que es una persona que no se sabe como puede reaccionar. Vas y te trata mal. Siendo mujer, la violencia de g\u00e9nero dicen despu\u00e9s pero hay gente que no est\u00e1 capacitada para el trato\u201d, se\u00f1al\u00f3 la mujer que al igual que muchos otros que necesitan de ese control comprueban que esa oficina est\u00e1 desbordada.about:blank<\/p>\n\n\n\n<p>\u201cDos horas estuve parada y le dije que era inhumano. Despu\u00e9s de dos horas me dijo que no pod\u00eda verificar el auto. Dos horas parada afuera con el fr\u00edo\u201d, dijo y agreg\u00f3 que el funcionario le respondi\u00f3 que \u201cel tambi\u00e9n quisiera estar en la casa pero que tiene que laburar. Que si iba a verificar la moto ten\u00eda ir con el casco. Una violencia tan fea para la mujer. Hay millones de quejas, parece que se esta por jubilar. Estuve desde las 8.00 hasta las 10.00 parada afuera con el fr\u00edo\u201d, concluy\u00f3.<\/p>\n\n\n\n<p>Fuente: La Opini\u00f3n <\/p>\n\n\n\n<p><a href=\"https:\/\/www.laopinionsemanario.com.ar\/secciones\/informacion-general\/\"><\/a><\/p>\n","protected":false},"excerpt":{"rendered":"<p>Hay un solo efectivo para cumplir con el tr\u00e1mite de los particulares y de todos los rodados que requieren del control a pedido de la justicia, inspecci\u00f3n o polic\u00eda. Una mujer revel\u00f3 el trato que recibi\u00f3 esta ma\u00f1ana tras dos horas de espera. \u201cYa pas\u00f3 el mal trago, fue a la ma\u00f1ana temprano\u201d, dijo Melina [&hellip;]<\/p>\n","protected":false},"author":4,"featured_media":108286,"comment_status":"closed","ping_status":"closed","sticky":false,"template":"","format":"standard","meta":{"om_disable_all_campaigns":false,"_jetpack_memberships_contains_paid_content":false,"footnotes":""},"categories":[50,101,2],"tags":[197,696,33,19],"class_list":["post-108285","post","type-post","status-publish","format-standard","has-post-thumbnail","hentry","category-destacadas","category-interes-general-locales","category-locales","tag-buenos-aires","tag-interes-general","tag-locales","tag-san-pedro"],"aioseo_notices":[],"gutentor_comment":0,"jetpack_featured_media_url":"https:\/\/eldiariodesanpedro.com.ar\/sitio\/wp-content\/uploads\/2022\/06\/WhatsApp-Image-2022-06-23-at-11.53.38-AM.jpeg","jetpack_shortlink":"https:\/\/wp.me\/p6RhLt-sax","jetpack_sharing_enabled":true,"_links":{"self":[{"href":"https:\/\/eldiariodesanpedro.com.ar\/sitio\/wp-json\/wp\/v2\/posts\/108285","targetHints":{"allow":["GET"]}}],"collection":[{"href":"https:\/\/eldiariodesanpedro.com.ar\/sitio\/wp-json\/wp\/v2\/posts"}],"about":[{"href":"https:\/\/eldiariodesanpedro.com.ar\/sitio\/wp-json\/wp\/v2\/types\/post"}],"author":[{"embeddable":true,"href":"https:\/\/eldiariodesanpedro.com.ar\/sitio\/wp-json\/wp\/v2\/users\/4"}],"replies":[{"embeddable":true,"href":"https:\/\/eldiariodesanpedro.com.ar\/sitio\/wp-json\/wp\/v2\/comments?post=108285"}],"version-history":[{"count":1,"href":"https:\/\/eldiariodesanpedro.com.ar\/sitio\/wp-json\/wp\/v2\/posts\/108285\/revisions"}],"predecessor-version":[{"id":108287,"href":"https:\/\/eldiariodesanpedro.com.ar\/sitio\/wp-json\/wp\/v2\/posts\/108285\/revisions\/108287"}],"wp:featuredmedia":[{"embeddable":true,"href":"https:\/\/eldiariodesanpedro.com.ar\/sitio\/wp-json\/wp\/v2\/media\/108286"}],"wp:attachment":[{"href":"https:\/\/eldiariodesanpedro.com.ar\/sitio\/wp-json\/wp\/v2\/media?parent=108285"}],"wp:term":[{"taxonomy":"category","embeddable":true,"href":"https:\/\/eldiariodesanpedro.com.ar\/sitio\/wp-json\/wp\/v2\/categories?post=108285"},{"taxonomy":"post_tag","embeddable":true,"href":"https:\/\/eldiariodesanpedro.com.ar\/sitio\/wp-json\/wp\/v2\/tags?post=108285"}],"curies":[{"name":"wp","href":"https:\/\/api.w.org\/{rel}","templated":true}]}}