{"id":108282,"date":"2022-06-23T16:45:21","date_gmt":"2022-06-23T19:45:21","guid":{"rendered":"https:\/\/eldiariodesanpedro.com.ar\/sitio\/?p=108282"},"modified":"2022-06-23T16:45:22","modified_gmt":"2022-06-23T19:45:22","slug":"robo-de-cables-y-reventa-de-cobre-las-chatarrerias-en-la-mira-de-la-justicia%ef%bf%bc%ef%bf%bc","status":"publish","type":"post","link":"https:\/\/eldiariodesanpedro.com.ar\/sitio\/robo-de-cables-y-reventa-de-cobre-las-chatarrerias-en-la-mira-de-la-justicia%ef%bf%bc%ef%bf%bc\/","title":{"rendered":"Robo de cables y reventa de cobre: las chatarrer\u00edas, en la mira de la Justicia\ufffc\ufffc"},"content":{"rendered":"<!-- VideographyWP Plugin Message: Automatic video embedding prevented by plugin options. -->\n\n<p>La Polic\u00eda Federal allan\u00f3 un comercio de nuestra ciudad y se llev\u00f3 una cantidad inusitada de metal. Sucedi\u00f3 justo en el momento donde los robos de ese tipo de materiales recrudecen en la ciudad y generan cifras millonarias como parte de su recaudaci\u00f3n.<\/p>\n\n\n\n<p>No hab\u00eda que pensarlo varias veces ni ser demasiado entendido en la materia para intentar establecer ad\u00f3nde iba a parar el metal que se roba en la ciudad.<\/p>\n\n\n\n<p>Ahora, la secuencia de denuncias que distintas empresas efectuaron tras sufrir varios robos hizo que la Justicia actuara y que la investigaci\u00f3n de la Polic\u00eda Federal apuntara a quienes se dedican a este tipo de transacci\u00f3n: las chatarrer\u00edas.<\/p>\n\n\n\n<p>El secuestro de m\u00e1s de 7 toneladas de cobre que se encontraba en poder de un reconocido chatarrero de la ciudad desnud\u00f3 un negocio ilegal que se practica hace mucho tiempo pero que no todos se atrev\u00edan a poner en escena.<\/p>\n\n\n\n<p>Detr\u00e1s de este negocio hay cifras millonarias que quiz\u00e1s expliquen el porqu\u00e9 del aumento que han tenido este tipo de il\u00edcitos en el \u00faltimo a\u00f1o.<\/p>\n\n\n\n<p>Si bien en esta oportunidad la Justicia buscaba los cables que robaron a las empresas como Telecom o Movistar, por ejemplo, en San Pedro se vienen originando diversos hechos delictivos con la sustracci\u00f3n de metales como objetivo.<\/p>\n\n\n\n<p>Primero fue el cableado de las bombas de agua que alimentan a distintos barrios de la ciudad, luego sucedi\u00f3 con el tendido el\u00e9ctrico de las canchas de f\u00fatbol de distintos clubes, m\u00e1s tarde pas\u00f3 con el sistema que alimenta el servicio el\u00e9ctrico del barrio La Tosquera, las placas del Cementerio y ahora es el turno de la rejas y alcantarillas, donde grupos organizados salen de noche y con un carro arremeten con todo lo que encuentran a su paso. &nbsp;<\/p>\n\n\n\n<p>Alguien los compra, y los investigadores saben que todo va a parar a un solo punto y por eso vinieron directo al lugar indicado tras una investigaci\u00f3n que permiti\u00f3 establecer sospechas firmes.<\/p>\n\n\n\n<p>No es la primera vez que los chatarreros quedan en el ojo de la tormenta ya que en su momento sucedi\u00f3 con la fibra \u00f3ptica que distintas empresas comenzaban a colocar hace unos diez a\u00f1os atr\u00e1s bajo tierra. Ya hab\u00eda sucedido anteriormente cuando se robaban los viejos tendidos del ferrocarril u otros similares que iban quedando obsoletos.<\/p>\n\n\n\n<p>Tambi\u00e9n est\u00e1n los reducidores, los que hacen el \u201ctrabajo fino\u201d, los que salen de noche a robar cables para luego quemarlos y quedarse con el tesoro m\u00e1s preciado, el cobre, y dejan a barrios enteros sin luz, a cientos de chicos sin poder ir a los clubes o destruyen b\u00f3vedas jugando con el sentimiento de los damnificados.<\/p>\n\n\n\n<p>Fuente: la opini\u00f3n <\/p>\n\n\n\n<p><a href=\"https:\/\/www.laopinionsemanario.com.ar\/secciones\/policiales\/\"><\/a><\/p>\n","protected":false},"excerpt":{"rendered":"<p>La Polic\u00eda Federal allan\u00f3 un comercio de nuestra ciudad y se llev\u00f3 una cantidad inusitada de metal. Sucedi\u00f3 justo en el momento donde los robos de ese tipo de materiales recrudecen en la ciudad y generan cifras millonarias como parte de su recaudaci\u00f3n. No hab\u00eda que pensarlo varias veces ni ser demasiado entendido en la [&hellip;]<\/p>\n","protected":false},"author":4,"featured_media":108283,"comment_status":"closed","ping_status":"closed","sticky":false,"template":"","format":"standard","meta":{"om_disable_all_campaigns":false,"_jetpack_memberships_contains_paid_content":false,"footnotes":""},"categories":[50,101,2],"tags":[197,696,33,19],"class_list":["post-108282","post","type-post","status-publish","format-standard","has-post-thumbnail","hentry","category-destacadas","category-interes-general-locales","category-locales","tag-buenos-aires","tag-interes-general","tag-locales","tag-san-pedro"],"aioseo_notices":[],"gutentor_comment":0,"jetpack_featured_media_url":"https:\/\/eldiariodesanpedro.com.ar\/sitio\/wp-content\/uploads\/2022\/06\/WhatsApp-Image-2022-06-22-at-12.14.45-PM.jpeg","jetpack_shortlink":"https:\/\/wp.me\/p6RhLt-sau","jetpack_sharing_enabled":true,"_links":{"self":[{"href":"https:\/\/eldiariodesanpedro.com.ar\/sitio\/wp-json\/wp\/v2\/posts\/108282","targetHints":{"allow":["GET"]}}],"collection":[{"href":"https:\/\/eldiariodesanpedro.com.ar\/sitio\/wp-json\/wp\/v2\/posts"}],"about":[{"href":"https:\/\/eldiariodesanpedro.com.ar\/sitio\/wp-json\/wp\/v2\/types\/post"}],"author":[{"embeddable":true,"href":"https:\/\/eldiariodesanpedro.com.ar\/sitio\/wp-json\/wp\/v2\/users\/4"}],"replies":[{"embeddable":true,"href":"https:\/\/eldiariodesanpedro.com.ar\/sitio\/wp-json\/wp\/v2\/comments?post=108282"}],"version-history":[{"count":1,"href":"https:\/\/eldiariodesanpedro.com.ar\/sitio\/wp-json\/wp\/v2\/posts\/108282\/revisions"}],"predecessor-version":[{"id":108284,"href":"https:\/\/eldiariodesanpedro.com.ar\/sitio\/wp-json\/wp\/v2\/posts\/108282\/revisions\/108284"}],"wp:featuredmedia":[{"embeddable":true,"href":"https:\/\/eldiariodesanpedro.com.ar\/sitio\/wp-json\/wp\/v2\/media\/108283"}],"wp:attachment":[{"href":"https:\/\/eldiariodesanpedro.com.ar\/sitio\/wp-json\/wp\/v2\/media?parent=108282"}],"wp:term":[{"taxonomy":"category","embeddable":true,"href":"https:\/\/eldiariodesanpedro.com.ar\/sitio\/wp-json\/wp\/v2\/categories?post=108282"},{"taxonomy":"post_tag","embeddable":true,"href":"https:\/\/eldiariodesanpedro.com.ar\/sitio\/wp-json\/wp\/v2\/tags?post=108282"}],"curies":[{"name":"wp","href":"https:\/\/api.w.org\/{rel}","templated":true}]}}