{"id":108247,"date":"2022-06-22T21:27:06","date_gmt":"2022-06-23T00:27:06","guid":{"rendered":"https:\/\/eldiariodesanpedro.com.ar\/sitio\/?p=108247"},"modified":"2022-06-22T21:27:06","modified_gmt":"2022-06-23T00:27:06","slug":"entraron-a-robar-por-tercera-vez-a-una-casa-y-los-lincharon-uno-preso-y-el-otro-al-hospital%ef%bf%bc%ef%bf%bc","status":"publish","type":"post","link":"https:\/\/eldiariodesanpedro.com.ar\/sitio\/entraron-a-robar-por-tercera-vez-a-una-casa-y-los-lincharon-uno-preso-y-el-otro-al-hospital%ef%bf%bc%ef%bf%bc\/","title":{"rendered":"Entraron a robar por tercera vez a una casa y los lincharon: uno preso y el otro al Hospital\ufffc\ufffc"},"content":{"rendered":"<!-- VideographyWP Plugin Message: Automatic video embedding prevented by plugin options. -->\n\n<p>El episodio ocurri\u00f3 este mi\u00e9rcoles al mediod\u00eda en la zona de D\u00e1vila al 800. Dos delincuentes ingresaron a una vivienda que est\u00e1 en construcci\u00f3n delante de otra, desde la que los propietarios los divisaron. Hubo agresiones f\u00edsicas y uno de los ladrones termin\u00f3 con un ladrillazo en la cabeza, trasladado inconsciente por una ambulancia del Same.<\/p>\n\n\n\n<p>Dos delincuentes fueron sorprendidos cuando ingresaron por tercera vez a robar a una casa y fueron linchados por los propietarios, por lo que uno termin\u00f3 inconsciente trasladado al Hospital y el otro, tambi\u00e9n agredido f\u00edsicamente, detenido por la polic\u00eda.<\/p>\n\n\n\n<p>El episodio ocurri\u00f3 este mi\u00e9rcoles en horas del mediod\u00eda en la zona de D\u00e1vila al 800, donde a mitad de cuadra hay una casa en construcci\u00f3n y detr\u00e1s se ubica la vivienda de los propietarios.<\/p>\n\n\n\n<p>La primera vez que ingresaron los ladrones, que residen a pocas cuadras, robaron diversos elementos, entre ellos un motor de heladera. La segunda vez no lograron escapar con bot\u00edn alguno porque el perro los corri\u00f3. Ahora, se llevaron una paliza.<\/p>\n\n\n\n<p>Cuando los propietarios se percataron que los mismos delincuentes entraban con fines de robo, les salieron al cruce y los enfrentaron. Como resultado de ello, uno de los ladrones termin\u00f3 inconsciente tras recibir un ladrillazo en la cabeza y fue trasladado al Hospital por una ambulancia del Same 107.<\/p>\n\n\n\n<p>El otro, tambi\u00e9n agredido f\u00edsicamente, fue arrastrado hasta la esquina, donde la polic\u00eda lo aprehendi\u00f3 y lo traslad\u00f3 a la Comisar\u00eda para ponerlo a disposici\u00f3n de la Justicia.<\/p>\n\n\n\n<p>Los vecinos de la zona aseguran que no es la primera vez que los involucrados en este caso son protagonistas de hechos delictivos. Incluso los propietario de la casa a la que entraron con fines de robo ya hab\u00edan observado que en otras oportunidades mandaban a un adolescente para que oficie \u201cde campana\u201d.<\/p>\n\n\n\n<p>fuente: la opini\u00f3n<\/p>\n\n\n\n<p><a href=\"https:\/\/www.laopinionsemanario.com.ar\/secciones\/policiales\/\"><\/a><\/p>\n","protected":false},"excerpt":{"rendered":"<p>El episodio ocurri\u00f3 este mi\u00e9rcoles al mediod\u00eda en la zona de D\u00e1vila al 800. Dos delincuentes ingresaron a una vivienda que est\u00e1 en construcci\u00f3n delante de otra, desde la que los propietarios los divisaron. Hubo agresiones f\u00edsicas y uno de los ladrones termin\u00f3 con un ladrillazo en la cabeza, trasladado inconsciente por una ambulancia del [&hellip;]<\/p>\n","protected":false},"author":4,"featured_media":108248,"comment_status":"closed","ping_status":"closed","sticky":false,"template":"","format":"standard","meta":{"om_disable_all_campaigns":false,"_jetpack_memberships_contains_paid_content":false,"footnotes":""},"categories":[50,101,2],"tags":[197,696,33,19],"class_list":["post-108247","post","type-post","status-publish","format-standard","has-post-thumbnail","hentry","category-destacadas","category-interes-general-locales","category-locales","tag-buenos-aires","tag-interes-general","tag-locales","tag-san-pedro"],"aioseo_notices":[],"gutentor_comment":0,"jetpack_featured_media_url":"https:\/\/eldiariodesanpedro.com.ar\/sitio\/wp-content\/uploads\/2022\/06\/WhatsApp-Image-2022-06-22-at-12.31.25-PM.jpeg","jetpack_shortlink":"https:\/\/wp.me\/p6RhLt-s9V","jetpack_sharing_enabled":true,"_links":{"self":[{"href":"https:\/\/eldiariodesanpedro.com.ar\/sitio\/wp-json\/wp\/v2\/posts\/108247","targetHints":{"allow":["GET"]}}],"collection":[{"href":"https:\/\/eldiariodesanpedro.com.ar\/sitio\/wp-json\/wp\/v2\/posts"}],"about":[{"href":"https:\/\/eldiariodesanpedro.com.ar\/sitio\/wp-json\/wp\/v2\/types\/post"}],"author":[{"embeddable":true,"href":"https:\/\/eldiariodesanpedro.com.ar\/sitio\/wp-json\/wp\/v2\/users\/4"}],"replies":[{"embeddable":true,"href":"https:\/\/eldiariodesanpedro.com.ar\/sitio\/wp-json\/wp\/v2\/comments?post=108247"}],"version-history":[{"count":1,"href":"https:\/\/eldiariodesanpedro.com.ar\/sitio\/wp-json\/wp\/v2\/posts\/108247\/revisions"}],"predecessor-version":[{"id":108249,"href":"https:\/\/eldiariodesanpedro.com.ar\/sitio\/wp-json\/wp\/v2\/posts\/108247\/revisions\/108249"}],"wp:featuredmedia":[{"embeddable":true,"href":"https:\/\/eldiariodesanpedro.com.ar\/sitio\/wp-json\/wp\/v2\/media\/108248"}],"wp:attachment":[{"href":"https:\/\/eldiariodesanpedro.com.ar\/sitio\/wp-json\/wp\/v2\/media?parent=108247"}],"wp:term":[{"taxonomy":"category","embeddable":true,"href":"https:\/\/eldiariodesanpedro.com.ar\/sitio\/wp-json\/wp\/v2\/categories?post=108247"},{"taxonomy":"post_tag","embeddable":true,"href":"https:\/\/eldiariodesanpedro.com.ar\/sitio\/wp-json\/wp\/v2\/tags?post=108247"}],"curies":[{"name":"wp","href":"https:\/\/api.w.org\/{rel}","templated":true}]}}