{"id":108242,"date":"2022-06-22T20:13:59","date_gmt":"2022-06-22T23:13:59","guid":{"rendered":"https:\/\/eldiariodesanpedro.com.ar\/sitio\/?p=108242"},"modified":"2022-06-22T20:14:00","modified_gmt":"2022-06-22T23:14:00","slug":"en-la-jornada-de-hoy-los-transportistas-siguen-con-la-protesta-sobre-la-ruta-9","status":"publish","type":"post","link":"https:\/\/eldiariodesanpedro.com.ar\/sitio\/en-la-jornada-de-hoy-los-transportistas-siguen-con-la-protesta-sobre-la-ruta-9\/","title":{"rendered":"En la jornada de hoy los transportistas siguen con la protesta sobre la ruta 9"},"content":{"rendered":"<!-- VideographyWP Plugin Message: Automatic video embedding prevented by plugin options. -->\n\n<p>Propietarios de camiones autoconvocados permanecen en esa zona en el marco del paro nacional en reclamo por reactualizaci\u00f3n de tarifas ante el incremento del precio del gasoil y la escasez de ese combustible. Hay demoras porque impiden el paso de transportes de carga.<\/p>\n\n\n\n<p>Desde el martes por la tarde,\u00a0transportistas locales mantienen una protesta a la vera de la ruta 9, a la altura del km 153, en el marco del paro nacional lanzado para reclamar reajuste de tarifas para el transporte de cargas tras el \u00faltimo aumento del gasoil y la escasez de ese combustible<\/p>\n\n\n\n<p>Los propietarios independientes de camiones que reclaman en la zona se ubican en el carril Buenos Aires \u2013 Rosario y no permiten el paso de transporte de cargas, por lo que por momentos hay demoras en el tr\u00e1nsito.<\/p>\n\n\n\n<p>La manifestaci\u00f3n fue calificada de \u201cpac\u00edfica\u201d por las autoridades policiales, que informaron que hay cortes intermitentes que se producen ante la presencia de camiones que trasladan cargas generales. Alrededor de las 9.00 de la ma\u00f1ana hab\u00eda unos 35 camiones sobre el carril lento, mientras que la circulaci\u00f3n por el r\u00e1pido era normal.about:blank<\/p>\n\n\n\n<p>Aguardan una reuni\u00f3n entre referentes nacionales e integrantes del Gobierno, desde el Ministerio de Transporte, para las 16.00. \u201cVamos a esperar ac\u00e1, de manera pac\u00edfica\u201d, le informaron al personas de las fuerzas de seguridad que controlan la zona.<\/p>\n\n\n\n<p>Gendarmer\u00eda Nacional, la Agencia Nacional de Seguridad Vial y Polic\u00eda Vial San Pedro mantienen operativo de prevenci\u00f3n en la zona del ret\u00e9n a la altura del km 153 y hay actuaciones labradas con intervenci\u00f3n del Juzgado Federal 2 de Carlos Villafuerte Ruzo.<\/p>\n\n\n\n<p>Fuente: La opini\u00f3n<\/p>\n\n\n\n<p><a href=\"https:\/\/www.laopinionsemanario.com.ar\/secciones\/informacion-general\/\"><\/a><\/p>\n","protected":false},"excerpt":{"rendered":"<p>Propietarios de camiones autoconvocados permanecen en esa zona en el marco del paro nacional en reclamo por reactualizaci\u00f3n de tarifas ante el incremento del precio del gasoil y la escasez de ese combustible. Hay demoras porque impiden el paso de transportes de carga. Desde el martes por la tarde,\u00a0transportistas locales mantienen una protesta a la [&hellip;]<\/p>\n","protected":false},"author":4,"featured_media":108243,"comment_status":"closed","ping_status":"closed","sticky":false,"template":"","format":"standard","meta":{"om_disable_all_campaigns":false,"_jetpack_memberships_contains_paid_content":false,"footnotes":""},"categories":[50,101,2],"tags":[197,696,33,19],"class_list":["post-108242","post","type-post","status-publish","format-standard","has-post-thumbnail","hentry","category-destacadas","category-interes-general-locales","category-locales","tag-buenos-aires","tag-interes-general","tag-locales","tag-san-pedro"],"aioseo_notices":[],"gutentor_comment":0,"jetpack_featured_media_url":"https:\/\/eldiariodesanpedro.com.ar\/sitio\/wp-content\/uploads\/2022\/06\/WhatsApp-Image-2022-06-22-at-9.59.29-AM.jpeg","jetpack_shortlink":"https:\/\/wp.me\/p6RhLt-s9Q","jetpack_sharing_enabled":true,"_links":{"self":[{"href":"https:\/\/eldiariodesanpedro.com.ar\/sitio\/wp-json\/wp\/v2\/posts\/108242","targetHints":{"allow":["GET"]}}],"collection":[{"href":"https:\/\/eldiariodesanpedro.com.ar\/sitio\/wp-json\/wp\/v2\/posts"}],"about":[{"href":"https:\/\/eldiariodesanpedro.com.ar\/sitio\/wp-json\/wp\/v2\/types\/post"}],"author":[{"embeddable":true,"href":"https:\/\/eldiariodesanpedro.com.ar\/sitio\/wp-json\/wp\/v2\/users\/4"}],"replies":[{"embeddable":true,"href":"https:\/\/eldiariodesanpedro.com.ar\/sitio\/wp-json\/wp\/v2\/comments?post=108242"}],"version-history":[{"count":1,"href":"https:\/\/eldiariodesanpedro.com.ar\/sitio\/wp-json\/wp\/v2\/posts\/108242\/revisions"}],"predecessor-version":[{"id":108244,"href":"https:\/\/eldiariodesanpedro.com.ar\/sitio\/wp-json\/wp\/v2\/posts\/108242\/revisions\/108244"}],"wp:featuredmedia":[{"embeddable":true,"href":"https:\/\/eldiariodesanpedro.com.ar\/sitio\/wp-json\/wp\/v2\/media\/108243"}],"wp:attachment":[{"href":"https:\/\/eldiariodesanpedro.com.ar\/sitio\/wp-json\/wp\/v2\/media?parent=108242"}],"wp:term":[{"taxonomy":"category","embeddable":true,"href":"https:\/\/eldiariodesanpedro.com.ar\/sitio\/wp-json\/wp\/v2\/categories?post=108242"},{"taxonomy":"post_tag","embeddable":true,"href":"https:\/\/eldiariodesanpedro.com.ar\/sitio\/wp-json\/wp\/v2\/tags?post=108242"}],"curies":[{"name":"wp","href":"https:\/\/api.w.org\/{rel}","templated":true}]}}