{"id":108239,"date":"2022-06-22T19:21:19","date_gmt":"2022-06-22T22:21:19","guid":{"rendered":"https:\/\/eldiariodesanpedro.com.ar\/sitio\/?p=108239"},"modified":"2022-06-22T19:21:19","modified_gmt":"2022-06-22T22:21:19","slug":"principio-de-incendio-en-una-vivienda-por-un-problema-electrico","status":"publish","type":"post","link":"https:\/\/eldiariodesanpedro.com.ar\/sitio\/principio-de-incendio-en-una-vivienda-por-un-problema-electrico\/","title":{"rendered":"Principio de incendio en una vivienda por un problema el\u00e9ctrico"},"content":{"rendered":"<!-- VideographyWP Plugin Message: Automatic video embedding prevented by plugin options. -->\n\n<p>Ocurri\u00f3 pasada la medianoche. El personal del cuartel control\u00f3 el fuego y requiri\u00f3 la presencia de Coopser para evaluar la situaci\u00f3n.<\/p>\n\n\n\n<p>Una unidad de Bomberos Voluntarios intervino este martes, pasada la medianoche, en una vivienda de 9 de Julio y Litoral donde se produjo un principio de incendio.<\/p>\n\n\n\n<p>El fuego comenz\u00f3 en la zona de la columna de la bajada de luz hacia la vivienda ubicada en esa zona, donde los voluntarios tomaron intervenci\u00f3n para controlar.<\/p>\n\n\n\n<p>Como el siniestro se gener\u00f3 donde est\u00e1 el medidor, tras sofocar el incendio, requirieron la presencia de personal de Coopser para analizar la situaci\u00f3n.<\/p>\n\n\n\n<p><a href=\"https:\/\/www.laopinionsemanario.com.ar\/secciones\/informacion-general\/\"><\/a><\/p>\n","protected":false},"excerpt":{"rendered":"<p>Ocurri\u00f3 pasada la medianoche. El personal del cuartel control\u00f3 el fuego y requiri\u00f3 la presencia de Coopser para evaluar la situaci\u00f3n. Una unidad de Bomberos Voluntarios intervino este martes, pasada la medianoche, en una vivienda de 9 de Julio y Litoral donde se produjo un principio de incendio. El fuego comenz\u00f3 en la zona de [&hellip;]<\/p>\n","protected":false},"author":4,"featured_media":108240,"comment_status":"closed","ping_status":"closed","sticky":false,"template":"","format":"standard","meta":{"om_disable_all_campaigns":false,"_jetpack_memberships_contains_paid_content":false,"footnotes":""},"categories":[2,103],"tags":[197,696,33,19],"class_list":["post-108239","post","type-post","status-publish","format-standard","has-post-thumbnail","hentry","category-locales","category-policiales-locales","tag-buenos-aires","tag-interes-general","tag-locales","tag-san-pedro"],"aioseo_notices":[],"gutentor_comment":0,"jetpack_featured_media_url":"https:\/\/eldiariodesanpedro.com.ar\/sitio\/wp-content\/uploads\/2022\/06\/WhatsApp-Image-2022-06-22-at-12.45.23-AM.jpeg","jetpack_shortlink":"https:\/\/wp.me\/p6RhLt-s9N","jetpack_sharing_enabled":true,"_links":{"self":[{"href":"https:\/\/eldiariodesanpedro.com.ar\/sitio\/wp-json\/wp\/v2\/posts\/108239","targetHints":{"allow":["GET"]}}],"collection":[{"href":"https:\/\/eldiariodesanpedro.com.ar\/sitio\/wp-json\/wp\/v2\/posts"}],"about":[{"href":"https:\/\/eldiariodesanpedro.com.ar\/sitio\/wp-json\/wp\/v2\/types\/post"}],"author":[{"embeddable":true,"href":"https:\/\/eldiariodesanpedro.com.ar\/sitio\/wp-json\/wp\/v2\/users\/4"}],"replies":[{"embeddable":true,"href":"https:\/\/eldiariodesanpedro.com.ar\/sitio\/wp-json\/wp\/v2\/comments?post=108239"}],"version-history":[{"count":1,"href":"https:\/\/eldiariodesanpedro.com.ar\/sitio\/wp-json\/wp\/v2\/posts\/108239\/revisions"}],"predecessor-version":[{"id":108241,"href":"https:\/\/eldiariodesanpedro.com.ar\/sitio\/wp-json\/wp\/v2\/posts\/108239\/revisions\/108241"}],"wp:featuredmedia":[{"embeddable":true,"href":"https:\/\/eldiariodesanpedro.com.ar\/sitio\/wp-json\/wp\/v2\/media\/108240"}],"wp:attachment":[{"href":"https:\/\/eldiariodesanpedro.com.ar\/sitio\/wp-json\/wp\/v2\/media?parent=108239"}],"wp:term":[{"taxonomy":"category","embeddable":true,"href":"https:\/\/eldiariodesanpedro.com.ar\/sitio\/wp-json\/wp\/v2\/categories?post=108239"},{"taxonomy":"post_tag","embeddable":true,"href":"https:\/\/eldiariodesanpedro.com.ar\/sitio\/wp-json\/wp\/v2\/tags?post=108239"}],"curies":[{"name":"wp","href":"https:\/\/api.w.org\/{rel}","templated":true}]}}