{"id":108236,"date":"2022-06-22T18:55:26","date_gmt":"2022-06-22T21:55:26","guid":{"rendered":"https:\/\/eldiariodesanpedro.com.ar\/sitio\/?p=108236"},"modified":"2022-06-22T18:55:26","modified_gmt":"2022-06-22T21:55:26","slug":"liberaron-a-los-piratas-del-asfalto-que-habian-escapado-de-un-control-policial-en-ruta-9%ef%bf%bc%ef%bf%bc","status":"publish","type":"post","link":"https:\/\/eldiariodesanpedro.com.ar\/sitio\/liberaron-a-los-piratas-del-asfalto-que-habian-escapado-de-un-control-policial-en-ruta-9%ef%bf%bc%ef%bf%bc\/","title":{"rendered":"Liberaron a los \u201cpiratas del asfalto\u201d que hab\u00edan escapado de un control policial en ruta 9\ufffc\ufffc"},"content":{"rendered":"<!-- VideographyWP Plugin Message: Automatic video embedding prevented by plugin options. -->\n\n<p>El abogado Hugo Lima (h), representante de N\u00e9stor Santabaya, logr\u00f3 que la Justicia dispusiera un cambio de car\u00e1tula, lo que benefici\u00f3 a los tres detenidos, que quedaron imputados por tenencia ilegal de armas de fuego y drogas y por resistencia a la autoridad, por lo que recuperaron la libertad.<\/p>\n\n\n\n<p>Tras la audiencia de prisi\u00f3n preventiva celebrada ante el Juzgado de Garant\u00edas interviniente en el caso de los presuntos piratas del asfalto que escaparon de un control policial en ruta 9, los tres acusados fueron excarcelados y recuperaron la libertad.<\/p>\n\n\n\n<p>La Justicia hizo lugar a la solicitud de abogado Hugo Lima (h), defensor particular de N\u00e9stor Santabaya, a quien su hijo Nicol\u00e1s y el otro acusado, Juan Manuel Blanco, intentaron responsabilizar de todo, de recaratular la causa.<\/p>\n\n\n\n<p>Los tres hab\u00edan sido trasladados a la Unidad Penal N\u00ba 3 de San Nicol\u00e1s a la espera de la audiencia de prisi\u00f3n preventiva que finalmente result\u00f3 favorable a sus intereses, por lo que recuperaron la libertad.about:blank<\/p>\n\n\n\n<p>Lima defendi\u00f3 a Santabaya padre, de 58 a\u00f1os, mientras que su hijo Nicol\u00e1s tiene representaci\u00f3n oficial porque hay conflicto de intereses entre ambos, y a Blanco lo defiende un abogado particular de Buenos Aires que no se hizo presente en la audiencia y se manej\u00f3 por escrito.<\/p>\n\n\n\n<p>El juez resolvi\u00f3 cambiar la calificaci\u00f3n legal del hecho a los delitos de \u201ctenenca simple de estupefacientes, resistencia a la autoridad, tenencia ilegal de armas de guerra en conconrso real\u201d y dispuso la excarcelaci\u00f3n de los tres acusados.<\/p>\n\n\n\n<p>Santabaya padre e hijo y Blanco circulaban en un autom\u00f3vil Chevrolet \u00d3nix en sentido Buenos Aires \u2013 Rosario cuando fueron interceptados en un control de la Polic\u00eda Vial San Pedro en la ruta 9, a la altura de R\u00edo Tala. Cuando les pidieron abrir el ba\u00fal, aceleraron y huyeron por la autopista.<\/p>\n\n\n\n<p>A la altura del puente de la intersecci\u00f3n de las rutas 9 y 191, Blanco y Santabaya hijo se bajaron del coche y corrieron a campo traviesa para luego ser detenidos por la polic\u00eda, que ten\u00eda otra comisi\u00f3n en persecuci\u00f3n al \u00d3nix que conduc\u00eda Santabaya padre a toda velocidad en el acceso a San Pedro.<\/p>\n\n\n\n<p>En su carrera, Santabaya casi choca al m\u00f3vil de Defensa Civil que transportaba al titular del \u00e1rea, Fabio Giovanettoni, y embisti\u00f3 en el lateral a una camioneta, tras lo que perdi\u00f3 el control y termin\u00f3 contra un \u00e1rbol. Un ambulancia del Same 107 lo traslado al Hospital, donde lo operaron para luego derivarlo a San Nicol\u00e1s hasta que le dieron el alta.<\/p>\n\n\n\n<p>Drogas, armas, patentes ap\u00f3crifas, inhibidores de se\u00f1al satelital como los que suelen utilizar los piratas del asfalto para sus golpes, dispositivos tipo handy y otros elementos fueron hallados en el auto. La sospecha de los investigadores es que iban a perpetrar un robo a San Nicol\u00e1s.<\/p>\n\n\n\n<p>Fuente: La Opini\u00f3n <\/p>\n\n\n\n<p><a href=\"https:\/\/www.laopinionsemanario.com.ar\/secciones\/policiales\/\"><\/a><\/p>\n","protected":false},"excerpt":{"rendered":"<p>El abogado Hugo Lima (h), representante de N\u00e9stor Santabaya, logr\u00f3 que la Justicia dispusiera un cambio de car\u00e1tula, lo que benefici\u00f3 a los tres detenidos, que quedaron imputados por tenencia ilegal de armas de fuego y drogas y por resistencia a la autoridad, por lo que recuperaron la libertad. Tras la audiencia de prisi\u00f3n preventiva [&hellip;]<\/p>\n","protected":false},"author":4,"featured_media":108237,"comment_status":"closed","ping_status":"closed","sticky":false,"template":"","format":"standard","meta":{"om_disable_all_campaigns":false,"_jetpack_memberships_contains_paid_content":false,"footnotes":""},"categories":[50,101,2],"tags":[197,696,33,19],"class_list":["post-108236","post","type-post","status-publish","format-standard","has-post-thumbnail","hentry","category-destacadas","category-interes-general-locales","category-locales","tag-buenos-aires","tag-interes-general","tag-locales","tag-san-pedro"],"aioseo_notices":[],"gutentor_comment":0,"jetpack_featured_media_url":"https:\/\/eldiariodesanpedro.com.ar\/sitio\/wp-content\/uploads\/2022\/06\/51de3699-7ac6-41c3-acd6-508433d11294.jpg","jetpack_shortlink":"https:\/\/wp.me\/p6RhLt-s9K","jetpack_sharing_enabled":true,"_links":{"self":[{"href":"https:\/\/eldiariodesanpedro.com.ar\/sitio\/wp-json\/wp\/v2\/posts\/108236","targetHints":{"allow":["GET"]}}],"collection":[{"href":"https:\/\/eldiariodesanpedro.com.ar\/sitio\/wp-json\/wp\/v2\/posts"}],"about":[{"href":"https:\/\/eldiariodesanpedro.com.ar\/sitio\/wp-json\/wp\/v2\/types\/post"}],"author":[{"embeddable":true,"href":"https:\/\/eldiariodesanpedro.com.ar\/sitio\/wp-json\/wp\/v2\/users\/4"}],"replies":[{"embeddable":true,"href":"https:\/\/eldiariodesanpedro.com.ar\/sitio\/wp-json\/wp\/v2\/comments?post=108236"}],"version-history":[{"count":1,"href":"https:\/\/eldiariodesanpedro.com.ar\/sitio\/wp-json\/wp\/v2\/posts\/108236\/revisions"}],"predecessor-version":[{"id":108238,"href":"https:\/\/eldiariodesanpedro.com.ar\/sitio\/wp-json\/wp\/v2\/posts\/108236\/revisions\/108238"}],"wp:featuredmedia":[{"embeddable":true,"href":"https:\/\/eldiariodesanpedro.com.ar\/sitio\/wp-json\/wp\/v2\/media\/108237"}],"wp:attachment":[{"href":"https:\/\/eldiariodesanpedro.com.ar\/sitio\/wp-json\/wp\/v2\/media?parent=108236"}],"wp:term":[{"taxonomy":"category","embeddable":true,"href":"https:\/\/eldiariodesanpedro.com.ar\/sitio\/wp-json\/wp\/v2\/categories?post=108236"},{"taxonomy":"post_tag","embeddable":true,"href":"https:\/\/eldiariodesanpedro.com.ar\/sitio\/wp-json\/wp\/v2\/tags?post=108236"}],"curies":[{"name":"wp","href":"https:\/\/api.w.org\/{rel}","templated":true}]}}