{"id":108227,"date":"2022-06-22T18:40:48","date_gmt":"2022-06-22T21:40:48","guid":{"rendered":"https:\/\/eldiariodesanpedro.com.ar\/sitio\/?p=108227"},"modified":"2022-06-22T18:40:49","modified_gmt":"2022-06-22T21:40:49","slug":"actividades-culturales-para-el-proximo-fin-de-semana","status":"publish","type":"post","link":"https:\/\/eldiariodesanpedro.com.ar\/sitio\/actividades-culturales-para-el-proximo-fin-de-semana\/","title":{"rendered":"Actividades culturales para el pr\u00f3ximo fin de semana"},"content":{"rendered":"<!-- VideographyWP Plugin Message: Automatic video embedding prevented by plugin options. -->\n\n<p>Esta ma\u00f1ana, en la Secretar\u00eda de Turismo y Cultura fueron presentadas las actividades que se desarrollar\u00e1n en la ciudad y las localidades durante el pr\u00f3ximo fin de semana a trav\u00e9s de una conferencia de prensa encabezada por la secretaria de Turismo y Cultura, Marcela Cu\u00f1er junto a Sandra Frisch, Tesorera del Coro Polif\u00f3nico Guillermo Farabollini; Daniel Gay\u00e1, presidente de la Agrupaci\u00f3n Mallorca; Samuel Salado, representante del grupo Amigos de Vuelta de Obligado y Liliana Vald\u00e9s, integrante del grupo Pro Glorieta de San Pedro; quienes vienen trabajando en conjunto con la Municipalidad de San Pedro para desarrollar los eventos presentados.<\/p>\n\n\n\n<p>Las actividades que se ofrecer\u00e1n durante el pr\u00f3ximo fin de semana para sampedrinos y turistas comienzan el s\u00e1bado en Vuelta de Obligado, donde se realizar\u00e1 la PreFiesta del Pat\u00ed 2022, un concurso de pesca deportiva con devoluci\u00f3n que cuenta con medio mill\u00f3n de pesos en premios y que se llevar\u00e1 a cabo por primera vez en la localidad.<br>El evento se desarrollar\u00e1 entre las 8.00 y las 17.00 hs previa inscripci\u00f3n y a las 21.00 hs, a trav\u00e9s de una cena en el Club Agricultores, se llevar\u00e1 a cabo la entrega de premios. Para mayor informaci\u00f3n contactar con el grupo Amigos de Vuelta de Obligado o a los siguientes tel\u00e9fonos: 03329-15338871\/ 03329-15479890.<\/p>\n\n\n\n<p>Dentro de las ofertas teatrales, este s\u00e1bado a las 21.30 hs la Compa\u00f1\u00eda El Vacil\u00f3n presentar\u00e1 en el Teatro Municipal Siripo ubicado en Salta y Oliveira Cezar \u201cApasionados, amor, locura y venganza\u201d. Una obra para toda la familia que cuenta la historia de dos familias enfrentadas y un amor que florece en el seno de ambas. Durante el espect\u00e1culo, 8 payasos dar\u00e1n su versi\u00f3n y opini\u00f3n de los hechos. Para reservas comunicarse al 03329-15622716.<\/p>\n\n\n\n<p>Por su parte el Teatro y caf\u00e9 Wojtyla ubicado en Pellegrini 378 presentar\u00e1 el s\u00e1bado a las 21.30 hs. la obra de teatro \u201cCucaracha sumida en el armario\u201d de la dramaturga portuguesa Carla Guilmaraes y la actuaci\u00f3n de Marina Seery.<\/p>\n\n\n\n<p>El domingo, luego de dos a\u00f1os, la Agrupaci\u00f3n Mallorca de San Pedro realizar\u00e1 nuevamente la tradicional Fiesta de San Juan, ofreciendo actividades desde el medio d\u00eda para que toda la familia pueda pasar la tarde junto a la Agrupaci\u00f3n. Disfrutando de Paella, juegos tradicionales, un taller de casta\u00f1uelas, la confecci\u00f3n de peque\u00f1os demo\u00f1os para la quema, espect\u00e1culos musicales, bailes t\u00edpicos y a las 18.00 hs. la quema del demo\u00f1o.<\/p>\n\n\n\n<p>Para los amantes del tango y la milonga, el domingo desde la 14 hs. se desarrollar\u00e1 en Plaza Belgrano La Milonga de San Pedro, llevado a cabo por el grupo Pro Glorieta de San Pedro, el evento comenzar\u00e1 con una clase gratuita de tango y luego del baile cantar\u00e1 Andr\u00e9s Gorbar\u00e1n.<\/p>\n\n\n\n<p>En el Centro Cultural Abelardo Castillo, el Coro Polif\u00f3nico Guillermo Farabollini, dirigido por Jorgelina Almeida iniciar\u00e1 una serie de encuentros corales el domingo a las 18.00 hs. Ser\u00e1 el primero de los encuentros que se llevar\u00e1n a cabo y contar\u00e1 con la participaci\u00f3n del Coro \u201cCasa de Cultura de Versalles\u201d, dirigido por Pablo Emlex y el \u201cCoral Guadix\u201d dirigido por Nicol\u00e1s Fiorotto. El evento ser\u00e1 con entrada libre y gratuita en el Centro Cultural ubicado en 25 de mayo 848.<\/p>\n\n\n\n<p>La Sala Cuarta Pared ofrecer\u00e1 este domingo a las 19.00 hs un espect\u00e1culo folkl\u00f3rico a cargo de la compa\u00f1\u00eda de mujeres folkl\u00f3ricas Oro Verde Danza y Los Chalas, una banda de folklore el\u00e9ctrico. La Entrada tiene un costo de $700 y se puede reservar a trav\u00e9s del tel\u00e9fono 03329-15525936.<\/p>\n\n\n\n<p>Adem\u00e1s, fue presentada una clase magistral que ofrecer\u00e1 I\u00f1aki Urlezaga el pr\u00f3ximo martes 28 de junio en el Sal\u00f3n de Actos de la Escuela Normal, quien cedi\u00f3 su espacio para el desarrollo de esta actividad organizada conjuntamente entre la Municipalidad de San Pedro y el Instituto Cultural del Gobierno de la Provincia de Buenos Aires. Las inscripciones se realizar\u00e1n en la Casona de Turismo y a trav\u00e9s del tel\u00e9fono 422050.<\/p>\n\n\n\n<figure class=\"wp-block-image size-full\"><img decoding=\"async\" width=\"630\" height=\"630\" data-attachment-id=\"108229\" data-permalink=\"https:\/\/eldiariodesanpedro.com.ar\/sitio\/actividades-culturales-para-el-proximo-fin-de-semana\/whatsapp-image-2022-06-22-at-3-25-15-pm\/\" data-orig-file=\"https:\/\/eldiariodesanpedro.com.ar\/sitio\/wp-content\/uploads\/2022\/06\/WhatsApp-Image-2022-06-22-at-3.25.15-PM.jpeg\" data-orig-size=\"630,630\" data-comments-opened=\"0\" data-image-meta=\"{&quot;aperture&quot;:&quot;0&quot;,&quot;credit&quot;:&quot;&quot;,&quot;camera&quot;:&quot;&quot;,&quot;caption&quot;:&quot;&quot;,&quot;created_timestamp&quot;:&quot;0&quot;,&quot;copyright&quot;:&quot;&quot;,&quot;focal_length&quot;:&quot;0&quot;,&quot;iso&quot;:&quot;0&quot;,&quot;shutter_speed&quot;:&quot;0&quot;,&quot;title&quot;:&quot;&quot;,&quot;orientation&quot;:&quot;0&quot;}\" data-image-title=\"WhatsApp Image 2022-06-22 at 3.25.15 PM\" data-image-description=\"\" data-image-caption=\"\" data-large-file=\"https:\/\/eldiariodesanpedro.com.ar\/sitio\/wp-content\/uploads\/2022\/06\/WhatsApp-Image-2022-06-22-at-3.25.15-PM.jpeg\" data-src=\"https:\/\/eldiariodesanpedro.com.ar\/sitio\/wp-content\/uploads\/2022\/06\/WhatsApp-Image-2022-06-22-at-3.25.15-PM.jpeg\" alt=\"\" class=\"wp-image-108229 lazyload\" data-srcset=\"https:\/\/eldiariodesanpedro.com.ar\/sitio\/wp-content\/uploads\/2022\/06\/WhatsApp-Image-2022-06-22-at-3.25.15-PM.jpeg 630w, https:\/\/eldiariodesanpedro.com.ar\/sitio\/wp-content\/uploads\/2022\/06\/WhatsApp-Image-2022-06-22-at-3.25.15-PM-300x300.jpeg 300w, https:\/\/eldiariodesanpedro.com.ar\/sitio\/wp-content\/uploads\/2022\/06\/WhatsApp-Image-2022-06-22-at-3.25.15-PM-150x150.jpeg 150w\" data-sizes=\"(max-width: 630px) 100vw, 630px\" src=\"data:image\/svg+xml;base64,PHN2ZyB3aWR0aD0iMSIgaGVpZ2h0PSIxIiB4bWxucz0iaHR0cDovL3d3dy53My5vcmcvMjAwMC9zdmciPjwvc3ZnPg==\" style=\"--smush-placeholder-width: 630px; --smush-placeholder-aspect-ratio: 630\/630;\" \/><\/figure>\n\n\n\n<figure class=\"wp-block-image size-full\"><img decoding=\"async\" width=\"630\" height=\"630\" data-attachment-id=\"108230\" data-permalink=\"https:\/\/eldiariodesanpedro.com.ar\/sitio\/actividades-culturales-para-el-proximo-fin-de-semana\/whatsapp-image-2022-06-22-at-3-25-16-pm-1\/\" data-orig-file=\"https:\/\/eldiariodesanpedro.com.ar\/sitio\/wp-content\/uploads\/2022\/06\/WhatsApp-Image-2022-06-22-at-3.25.16-PM-1.jpeg\" data-orig-size=\"630,630\" data-comments-opened=\"0\" data-image-meta=\"{&quot;aperture&quot;:&quot;0&quot;,&quot;credit&quot;:&quot;&quot;,&quot;camera&quot;:&quot;&quot;,&quot;caption&quot;:&quot;&quot;,&quot;created_timestamp&quot;:&quot;0&quot;,&quot;copyright&quot;:&quot;&quot;,&quot;focal_length&quot;:&quot;0&quot;,&quot;iso&quot;:&quot;0&quot;,&quot;shutter_speed&quot;:&quot;0&quot;,&quot;title&quot;:&quot;&quot;,&quot;orientation&quot;:&quot;0&quot;}\" data-image-title=\"WhatsApp Image 2022-06-22 at 3.25.16 PM (1)\" data-image-description=\"\" data-image-caption=\"\" data-large-file=\"https:\/\/eldiariodesanpedro.com.ar\/sitio\/wp-content\/uploads\/2022\/06\/WhatsApp-Image-2022-06-22-at-3.25.16-PM-1.jpeg\" data-src=\"https:\/\/eldiariodesanpedro.com.ar\/sitio\/wp-content\/uploads\/2022\/06\/WhatsApp-Image-2022-06-22-at-3.25.16-PM-1.jpeg\" alt=\"\" class=\"wp-image-108230 lazyload\" data-srcset=\"https:\/\/eldiariodesanpedro.com.ar\/sitio\/wp-content\/uploads\/2022\/06\/WhatsApp-Image-2022-06-22-at-3.25.16-PM-1.jpeg 630w, https:\/\/eldiariodesanpedro.com.ar\/sitio\/wp-content\/uploads\/2022\/06\/WhatsApp-Image-2022-06-22-at-3.25.16-PM-1-300x300.jpeg 300w, https:\/\/eldiariodesanpedro.com.ar\/sitio\/wp-content\/uploads\/2022\/06\/WhatsApp-Image-2022-06-22-at-3.25.16-PM-1-150x150.jpeg 150w\" data-sizes=\"(max-width: 630px) 100vw, 630px\" src=\"data:image\/svg+xml;base64,PHN2ZyB3aWR0aD0iMSIgaGVpZ2h0PSIxIiB4bWxucz0iaHR0cDovL3d3dy53My5vcmcvMjAwMC9zdmciPjwvc3ZnPg==\" style=\"--smush-placeholder-width: 630px; --smush-placeholder-aspect-ratio: 630\/630;\" \/><\/figure>\n\n\n\n<figure class=\"wp-block-image size-full\"><img decoding=\"async\" width=\"630\" height=\"630\" data-attachment-id=\"108231\" data-permalink=\"https:\/\/eldiariodesanpedro.com.ar\/sitio\/actividades-culturales-para-el-proximo-fin-de-semana\/whatsapp-image-2022-06-22-at-3-25-16-pm\/\" data-orig-file=\"https:\/\/eldiariodesanpedro.com.ar\/sitio\/wp-content\/uploads\/2022\/06\/WhatsApp-Image-2022-06-22-at-3.25.16-PM.jpeg\" data-orig-size=\"630,630\" data-comments-opened=\"0\" data-image-meta=\"{&quot;aperture&quot;:&quot;0&quot;,&quot;credit&quot;:&quot;&quot;,&quot;camera&quot;:&quot;&quot;,&quot;caption&quot;:&quot;&quot;,&quot;created_timestamp&quot;:&quot;0&quot;,&quot;copyright&quot;:&quot;&quot;,&quot;focal_length&quot;:&quot;0&quot;,&quot;iso&quot;:&quot;0&quot;,&quot;shutter_speed&quot;:&quot;0&quot;,&quot;title&quot;:&quot;&quot;,&quot;orientation&quot;:&quot;0&quot;}\" data-image-title=\"WhatsApp Image 2022-06-22 at 3.25.16 PM\" data-image-description=\"\" data-image-caption=\"\" data-large-file=\"https:\/\/eldiariodesanpedro.com.ar\/sitio\/wp-content\/uploads\/2022\/06\/WhatsApp-Image-2022-06-22-at-3.25.16-PM.jpeg\" data-src=\"https:\/\/eldiariodesanpedro.com.ar\/sitio\/wp-content\/uploads\/2022\/06\/WhatsApp-Image-2022-06-22-at-3.25.16-PM.jpeg\" alt=\"\" class=\"wp-image-108231 lazyload\" data-srcset=\"https:\/\/eldiariodesanpedro.com.ar\/sitio\/wp-content\/uploads\/2022\/06\/WhatsApp-Image-2022-06-22-at-3.25.16-PM.jpeg 630w, https:\/\/eldiariodesanpedro.com.ar\/sitio\/wp-content\/uploads\/2022\/06\/WhatsApp-Image-2022-06-22-at-3.25.16-PM-300x300.jpeg 300w, https:\/\/eldiariodesanpedro.com.ar\/sitio\/wp-content\/uploads\/2022\/06\/WhatsApp-Image-2022-06-22-at-3.25.16-PM-150x150.jpeg 150w\" data-sizes=\"(max-width: 630px) 100vw, 630px\" src=\"data:image\/svg+xml;base64,PHN2ZyB3aWR0aD0iMSIgaGVpZ2h0PSIxIiB4bWxucz0iaHR0cDovL3d3dy53My5vcmcvMjAwMC9zdmciPjwvc3ZnPg==\" style=\"--smush-placeholder-width: 630px; --smush-placeholder-aspect-ratio: 630\/630;\" \/><\/figure>\n\n\n\n<figure class=\"wp-block-image size-full\"><img decoding=\"async\" width=\"630\" height=\"630\" data-attachment-id=\"108232\" data-permalink=\"https:\/\/eldiariodesanpedro.com.ar\/sitio\/actividades-culturales-para-el-proximo-fin-de-semana\/whatsapp-image-2022-06-22-at-3-25-17-pm-1\/\" data-orig-file=\"https:\/\/eldiariodesanpedro.com.ar\/sitio\/wp-content\/uploads\/2022\/06\/WhatsApp-Image-2022-06-22-at-3.25.17-PM-1.jpeg\" data-orig-size=\"630,630\" data-comments-opened=\"0\" data-image-meta=\"{&quot;aperture&quot;:&quot;0&quot;,&quot;credit&quot;:&quot;&quot;,&quot;camera&quot;:&quot;&quot;,&quot;caption&quot;:&quot;&quot;,&quot;created_timestamp&quot;:&quot;0&quot;,&quot;copyright&quot;:&quot;&quot;,&quot;focal_length&quot;:&quot;0&quot;,&quot;iso&quot;:&quot;0&quot;,&quot;shutter_speed&quot;:&quot;0&quot;,&quot;title&quot;:&quot;&quot;,&quot;orientation&quot;:&quot;0&quot;}\" data-image-title=\"WhatsApp Image 2022-06-22 at 3.25.17 PM (1)\" data-image-description=\"\" data-image-caption=\"\" data-large-file=\"https:\/\/eldiariodesanpedro.com.ar\/sitio\/wp-content\/uploads\/2022\/06\/WhatsApp-Image-2022-06-22-at-3.25.17-PM-1.jpeg\" data-src=\"https:\/\/eldiariodesanpedro.com.ar\/sitio\/wp-content\/uploads\/2022\/06\/WhatsApp-Image-2022-06-22-at-3.25.17-PM-1.jpeg\" alt=\"\" class=\"wp-image-108232 lazyload\" data-srcset=\"https:\/\/eldiariodesanpedro.com.ar\/sitio\/wp-content\/uploads\/2022\/06\/WhatsApp-Image-2022-06-22-at-3.25.17-PM-1.jpeg 630w, https:\/\/eldiariodesanpedro.com.ar\/sitio\/wp-content\/uploads\/2022\/06\/WhatsApp-Image-2022-06-22-at-3.25.17-PM-1-300x300.jpeg 300w, https:\/\/eldiariodesanpedro.com.ar\/sitio\/wp-content\/uploads\/2022\/06\/WhatsApp-Image-2022-06-22-at-3.25.17-PM-1-150x150.jpeg 150w\" data-sizes=\"(max-width: 630px) 100vw, 630px\" src=\"data:image\/svg+xml;base64,PHN2ZyB3aWR0aD0iMSIgaGVpZ2h0PSIxIiB4bWxucz0iaHR0cDovL3d3dy53My5vcmcvMjAwMC9zdmciPjwvc3ZnPg==\" style=\"--smush-placeholder-width: 630px; --smush-placeholder-aspect-ratio: 630\/630;\" \/><\/figure>\n\n\n\n<figure class=\"wp-block-image size-full\"><img decoding=\"async\" width=\"630\" height=\"630\" data-attachment-id=\"108233\" data-permalink=\"https:\/\/eldiariodesanpedro.com.ar\/sitio\/actividades-culturales-para-el-proximo-fin-de-semana\/whatsapp-image-2022-06-22-at-3-25-17-pm\/\" data-orig-file=\"https:\/\/eldiariodesanpedro.com.ar\/sitio\/wp-content\/uploads\/2022\/06\/WhatsApp-Image-2022-06-22-at-3.25.17-PM.jpeg\" data-orig-size=\"630,630\" data-comments-opened=\"0\" data-image-meta=\"{&quot;aperture&quot;:&quot;0&quot;,&quot;credit&quot;:&quot;&quot;,&quot;camera&quot;:&quot;&quot;,&quot;caption&quot;:&quot;&quot;,&quot;created_timestamp&quot;:&quot;0&quot;,&quot;copyright&quot;:&quot;&quot;,&quot;focal_length&quot;:&quot;0&quot;,&quot;iso&quot;:&quot;0&quot;,&quot;shutter_speed&quot;:&quot;0&quot;,&quot;title&quot;:&quot;&quot;,&quot;orientation&quot;:&quot;0&quot;}\" data-image-title=\"WhatsApp Image 2022-06-22 at 3.25.17 PM\" data-image-description=\"\" data-image-caption=\"\" data-large-file=\"https:\/\/eldiariodesanpedro.com.ar\/sitio\/wp-content\/uploads\/2022\/06\/WhatsApp-Image-2022-06-22-at-3.25.17-PM.jpeg\" data-src=\"https:\/\/eldiariodesanpedro.com.ar\/sitio\/wp-content\/uploads\/2022\/06\/WhatsApp-Image-2022-06-22-at-3.25.17-PM.jpeg\" alt=\"\" class=\"wp-image-108233 lazyload\" data-srcset=\"https:\/\/eldiariodesanpedro.com.ar\/sitio\/wp-content\/uploads\/2022\/06\/WhatsApp-Image-2022-06-22-at-3.25.17-PM.jpeg 630w, https:\/\/eldiariodesanpedro.com.ar\/sitio\/wp-content\/uploads\/2022\/06\/WhatsApp-Image-2022-06-22-at-3.25.17-PM-300x300.jpeg 300w, https:\/\/eldiariodesanpedro.com.ar\/sitio\/wp-content\/uploads\/2022\/06\/WhatsApp-Image-2022-06-22-at-3.25.17-PM-150x150.jpeg 150w\" data-sizes=\"(max-width: 630px) 100vw, 630px\" src=\"data:image\/svg+xml;base64,PHN2ZyB3aWR0aD0iMSIgaGVpZ2h0PSIxIiB4bWxucz0iaHR0cDovL3d3dy53My5vcmcvMjAwMC9zdmciPjwvc3ZnPg==\" style=\"--smush-placeholder-width: 630px; --smush-placeholder-aspect-ratio: 630\/630;\" \/><\/figure>\n\n\n\n<figure class=\"wp-block-image size-full\"><img decoding=\"async\" width=\"370\" height=\"630\" data-attachment-id=\"108234\" data-permalink=\"https:\/\/eldiariodesanpedro.com.ar\/sitio\/actividades-culturales-para-el-proximo-fin-de-semana\/whatsapp-image-2022-06-22-at-3-25-18-pm\/\" data-orig-file=\"https:\/\/eldiariodesanpedro.com.ar\/sitio\/wp-content\/uploads\/2022\/06\/WhatsApp-Image-2022-06-22-at-3.25.18-PM.jpeg\" data-orig-size=\"370,630\" data-comments-opened=\"0\" data-image-meta=\"{&quot;aperture&quot;:&quot;0&quot;,&quot;credit&quot;:&quot;&quot;,&quot;camera&quot;:&quot;&quot;,&quot;caption&quot;:&quot;&quot;,&quot;created_timestamp&quot;:&quot;0&quot;,&quot;copyright&quot;:&quot;&quot;,&quot;focal_length&quot;:&quot;0&quot;,&quot;iso&quot;:&quot;0&quot;,&quot;shutter_speed&quot;:&quot;0&quot;,&quot;title&quot;:&quot;&quot;,&quot;orientation&quot;:&quot;0&quot;}\" data-image-title=\"WhatsApp Image 2022-06-22 at 3.25.18 PM\" data-image-description=\"\" data-image-caption=\"\" data-large-file=\"https:\/\/eldiariodesanpedro.com.ar\/sitio\/wp-content\/uploads\/2022\/06\/WhatsApp-Image-2022-06-22-at-3.25.18-PM.jpeg\" data-src=\"https:\/\/eldiariodesanpedro.com.ar\/sitio\/wp-content\/uploads\/2022\/06\/WhatsApp-Image-2022-06-22-at-3.25.18-PM.jpeg\" alt=\"\" class=\"wp-image-108234 lazyload\" data-srcset=\"https:\/\/eldiariodesanpedro.com.ar\/sitio\/wp-content\/uploads\/2022\/06\/WhatsApp-Image-2022-06-22-at-3.25.18-PM.jpeg 370w, https:\/\/eldiariodesanpedro.com.ar\/sitio\/wp-content\/uploads\/2022\/06\/WhatsApp-Image-2022-06-22-at-3.25.18-PM-176x300.jpeg 176w\" data-sizes=\"(max-width: 370px) 100vw, 370px\" src=\"data:image\/svg+xml;base64,PHN2ZyB3aWR0aD0iMSIgaGVpZ2h0PSIxIiB4bWxucz0iaHR0cDovL3d3dy53My5vcmcvMjAwMC9zdmciPjwvc3ZnPg==\" style=\"--smush-placeholder-width: 370px; --smush-placeholder-aspect-ratio: 370\/630;\" \/><\/figure>\n","protected":false},"excerpt":{"rendered":"<p>Esta ma\u00f1ana, en la Secretar\u00eda de Turismo y Cultura fueron presentadas las actividades que se desarrollar\u00e1n en la ciudad y las localidades durante el pr\u00f3ximo fin de semana a trav\u00e9s de una conferencia de prensa encabezada por la secretaria de Turismo y Cultura, Marcela Cu\u00f1er junto a Sandra Frisch, Tesorera del Coro Polif\u00f3nico Guillermo Farabollini; [&hellip;]<\/p>\n","protected":false},"author":4,"featured_media":108228,"comment_status":"closed","ping_status":"closed","sticky":false,"template":"","format":"standard","meta":{"om_disable_all_campaigns":false,"_jetpack_memberships_contains_paid_content":false,"footnotes":""},"categories":[50,101,2],"tags":[197,696,33,19],"class_list":["post-108227","post","type-post","status-publish","format-standard","has-post-thumbnail","hentry","category-destacadas","category-interes-general-locales","category-locales","tag-buenos-aires","tag-interes-general","tag-locales","tag-san-pedro"],"aioseo_notices":[],"gutentor_comment":0,"jetpack_featured_media_url":"https:\/\/eldiariodesanpedro.com.ar\/sitio\/wp-content\/uploads\/2022\/06\/WhatsApp-Image-2022-06-22-at-3.25.14-PM.jpeg","jetpack_shortlink":"https:\/\/wp.me\/p6RhLt-s9B","jetpack_sharing_enabled":true,"_links":{"self":[{"href":"https:\/\/eldiariodesanpedro.com.ar\/sitio\/wp-json\/wp\/v2\/posts\/108227","targetHints":{"allow":["GET"]}}],"collection":[{"href":"https:\/\/eldiariodesanpedro.com.ar\/sitio\/wp-json\/wp\/v2\/posts"}],"about":[{"href":"https:\/\/eldiariodesanpedro.com.ar\/sitio\/wp-json\/wp\/v2\/types\/post"}],"author":[{"embeddable":true,"href":"https:\/\/eldiariodesanpedro.com.ar\/sitio\/wp-json\/wp\/v2\/users\/4"}],"replies":[{"embeddable":true,"href":"https:\/\/eldiariodesanpedro.com.ar\/sitio\/wp-json\/wp\/v2\/comments?post=108227"}],"version-history":[{"count":1,"href":"https:\/\/eldiariodesanpedro.com.ar\/sitio\/wp-json\/wp\/v2\/posts\/108227\/revisions"}],"predecessor-version":[{"id":108235,"href":"https:\/\/eldiariodesanpedro.com.ar\/sitio\/wp-json\/wp\/v2\/posts\/108227\/revisions\/108235"}],"wp:featuredmedia":[{"embeddable":true,"href":"https:\/\/eldiariodesanpedro.com.ar\/sitio\/wp-json\/wp\/v2\/media\/108228"}],"wp:attachment":[{"href":"https:\/\/eldiariodesanpedro.com.ar\/sitio\/wp-json\/wp\/v2\/media?parent=108227"}],"wp:term":[{"taxonomy":"category","embeddable":true,"href":"https:\/\/eldiariodesanpedro.com.ar\/sitio\/wp-json\/wp\/v2\/categories?post=108227"},{"taxonomy":"post_tag","embeddable":true,"href":"https:\/\/eldiariodesanpedro.com.ar\/sitio\/wp-json\/wp\/v2\/tags?post=108227"}],"curies":[{"name":"wp","href":"https:\/\/api.w.org\/{rel}","templated":true}]}}