{"id":108223,"date":"2022-06-22T18:32:30","date_gmt":"2022-06-22T21:32:30","guid":{"rendered":"https:\/\/eldiariodesanpedro.com.ar\/sitio\/?p=108223"},"modified":"2022-06-22T18:32:31","modified_gmt":"2022-06-22T21:32:31","slug":"charla-informativa-sobre-cannabis-medicinal-y-canamo-industrial","status":"publish","type":"post","link":"https:\/\/eldiariodesanpedro.com.ar\/sitio\/charla-informativa-sobre-cannabis-medicinal-y-canamo-industrial\/","title":{"rendered":"Charla informativa sobre cannabis medicinal y c\u00e1\u00f1amo industrial"},"content":{"rendered":"<!-- VideographyWP Plugin Message: Automatic video embedding prevented by plugin options. -->\n\n<p>Se desarrollar\u00e1 el pr\u00f3ximo lunes 4 de julio a las 17.30 hs. en el Sal\u00f3n Dorado del Honorable Concejo Deliberante una jornada informativa y abierta a toda la comunidad Sampedrina donde se abordar\u00e1n los pilares centrales de la nueva Industria de cannabis medicinal y c\u00e1\u00f1amo industrial.<\/p>\n\n\n\n<p>Los ejes tem\u00e1ticos principales ser\u00e1n: aspectos legales y normativos actuales, cuestiones agron\u00f3micas del cultivo, caracter\u00edsticas qu\u00edmicas de la planta, usos medicinales, mercado local e internacional y experiencias de ejecuciones extensivas en el exterior.<\/p>\n\n\n\n<p>La actividad, organizada por la Municipalidad de San Pedro en conjunto con la empresa Laboratorios Cannabis Argentina, contr\u00e1 con la presencia de profesionales del INTA y otras \u00e1reas de la salud.<\/p>\n\n\n\n<p>Para poder participar, tanto presencial como virtualmente, deber\u00e1n inscribirse en el siguiente link <a href=\"https:\/\/docs.google.com\/forms\/d\/e\/1FAIpQLSeYkktCyfRKFsti3qbOyCsGHP6_P1EU-tUGN-9MF3Yyx8dRQg\/viewform?usp=sf_link\">https:\/\/docs.google.com\/forms\/d\/e\/1FAIpQLSeYkktCyfRKFsti3qbOyCsGHP6_P1EU-tUGN-9MF3Yyx8dRQg\/viewform?usp=sf_link<\/a> <\/p>\n\n\n\n<p>En caso de no poder llevar a cabo la inscripci\u00f3n por cuenta propia, los interesados se podr\u00e1n acercar a la Secretar\u00eda de Desarrollo Econ\u00f3mico ubicada en Mitre 275 de lunes a viernes en el horario de 8 a 14.<\/p>\n\n\n\n<p>Para m\u00e1s informaci\u00f3n comunicarse al WhatsApp 3329648530 o al <a href=\"http:\/\/Facebook\/desarrolloeconomicosp\">Facebook\/desarrolloeconomicosp<\/a><\/p>\n","protected":false},"excerpt":{"rendered":"<p>Se desarrollar\u00e1 el pr\u00f3ximo lunes 4 de julio a las 17.30 hs. en el Sal\u00f3n Dorado del Honorable Concejo Deliberante una jornada informativa y abierta a toda la comunidad Sampedrina donde se abordar\u00e1n los pilares centrales de la nueva Industria de cannabis medicinal y c\u00e1\u00f1amo industrial. Los ejes tem\u00e1ticos principales ser\u00e1n: aspectos legales y normativos [&hellip;]<\/p>\n","protected":false},"author":4,"featured_media":108225,"comment_status":"closed","ping_status":"closed","sticky":false,"template":"","format":"standard","meta":{"om_disable_all_campaigns":false,"_jetpack_memberships_contains_paid_content":false,"footnotes":""},"categories":[101,2],"tags":[197,696,33,19],"class_list":["post-108223","post","type-post","status-publish","format-standard","has-post-thumbnail","hentry","category-interes-general-locales","category-locales","tag-buenos-aires","tag-interes-general","tag-locales","tag-san-pedro"],"aioseo_notices":[],"gutentor_comment":0,"jetpack_featured_media_url":"https:\/\/eldiariodesanpedro.com.ar\/sitio\/wp-content\/uploads\/2022\/06\/5f62c5e4aa198.jpeg","jetpack_shortlink":"https:\/\/wp.me\/p6RhLt-s9x","jetpack_sharing_enabled":true,"_links":{"self":[{"href":"https:\/\/eldiariodesanpedro.com.ar\/sitio\/wp-json\/wp\/v2\/posts\/108223","targetHints":{"allow":["GET"]}}],"collection":[{"href":"https:\/\/eldiariodesanpedro.com.ar\/sitio\/wp-json\/wp\/v2\/posts"}],"about":[{"href":"https:\/\/eldiariodesanpedro.com.ar\/sitio\/wp-json\/wp\/v2\/types\/post"}],"author":[{"embeddable":true,"href":"https:\/\/eldiariodesanpedro.com.ar\/sitio\/wp-json\/wp\/v2\/users\/4"}],"replies":[{"embeddable":true,"href":"https:\/\/eldiariodesanpedro.com.ar\/sitio\/wp-json\/wp\/v2\/comments?post=108223"}],"version-history":[{"count":1,"href":"https:\/\/eldiariodesanpedro.com.ar\/sitio\/wp-json\/wp\/v2\/posts\/108223\/revisions"}],"predecessor-version":[{"id":108226,"href":"https:\/\/eldiariodesanpedro.com.ar\/sitio\/wp-json\/wp\/v2\/posts\/108223\/revisions\/108226"}],"wp:featuredmedia":[{"embeddable":true,"href":"https:\/\/eldiariodesanpedro.com.ar\/sitio\/wp-json\/wp\/v2\/media\/108225"}],"wp:attachment":[{"href":"https:\/\/eldiariodesanpedro.com.ar\/sitio\/wp-json\/wp\/v2\/media?parent=108223"}],"wp:term":[{"taxonomy":"category","embeddable":true,"href":"https:\/\/eldiariodesanpedro.com.ar\/sitio\/wp-json\/wp\/v2\/categories?post=108223"},{"taxonomy":"post_tag","embeddable":true,"href":"https:\/\/eldiariodesanpedro.com.ar\/sitio\/wp-json\/wp\/v2\/tags?post=108223"}],"curies":[{"name":"wp","href":"https:\/\/api.w.org\/{rel}","templated":true}]}}