{"id":108219,"date":"2022-06-22T18:21:22","date_gmt":"2022-06-22T21:21:22","guid":{"rendered":"https:\/\/eldiariodesanpedro.com.ar\/sitio\/?p=108219"},"modified":"2022-06-22T18:21:22","modified_gmt":"2022-06-22T21:21:22","slug":"formalizacion-de-la-actividad-pesquera","status":"publish","type":"post","link":"https:\/\/eldiariodesanpedro.com.ar\/sitio\/formalizacion-de-la-actividad-pesquera\/","title":{"rendered":"Formalizaci\u00f3n de la Actividad Pesquera"},"content":{"rendered":"<!-- VideographyWP Plugin Message: Automatic video embedding prevented by plugin options. -->\n\n<p>La Municipalidad de San Pedro, en conjunto con el Ministerio de Desarrollo Agrario de la provincia de Buenos Aires llevar\u00e1n a cabo una jornada informativa y de inscripci\u00f3n para la obtenci\u00f3n de los permisos de pesca, en el marco del programa de regularizaci\u00f3n de la actividad pesquera en el Paran\u00e1 inferior que lleva adelante el Ministerio que encabeza Javier Rodr\u00edguez.<\/p>\n\n\n\n<p>El operativo se desarrollar\u00e1 el viernes 24 de junio de 10.00 a 14.00 hs en la cooperativa \u201cLa palometa\u201d ubicada en calle Vapor Nacional Correo N\u00ba107, y desde las 16.00 a 18.00 en Vuelta de Obligado, con la presencia del personal del Departamento de Explotaci\u00f3n, Comercial, Artesanal y Deportiva, dependiente de la Direcci\u00f3n de Actividades Pesqueras y Acuicultura, con el fin de informar y facilitar a los pescadores el inicio del tr\u00e1mite.<\/p>\n\n\n\n<p>Los requisitos solicitados para iniciar el expediente que permita obtenci\u00f3n del permiso son los siguientes:<\/p>\n\n\n\n<ul class=\"wp-block-list\"><li>Fotocopia del DNI<\/li><li>Certificado de Matricula de la embarcaci\u00f3n cuya certificaci\u00f3n por parte Prefectura, no exceda de seis (6) meses de antig\u00fcedad.<\/li><li>Constancia de inscripci\u00f3n al monotributo (AFIP).<\/li><li>Constancia de alta en ingresos brutos (ARBA).<\/li><\/ul>\n\n\n\n<p>Desde la Municipalidad de San Pedro se invita a todos los pescadores a concurrir a la jornada de inscripci\u00f3n para la regularizaci\u00f3n de la actividad pesquera artesanal.<\/p>\n\n\n\n<p>Para m\u00e1s informaci\u00f3n comunicarse al WhatsApp de la Secretar\u00eda de Desarrollo Econ\u00f3mico 3329648530 o por Facebook\/desarrolloeconomicosp<\/p>\n\n\n\n<figure class=\"wp-block-image size-full\"><img decoding=\"async\" width=\"752\" height=\"630\" data-attachment-id=\"108221\" data-permalink=\"https:\/\/eldiariodesanpedro.com.ar\/sitio\/formalizacion-de-la-actividad-pesquera\/whatsapp-image-2022-06-21-at-3-14-31-pm\/\" data-orig-file=\"https:\/\/eldiariodesanpedro.com.ar\/sitio\/wp-content\/uploads\/2022\/06\/WhatsApp-Image-2022-06-21-at-3.14.31-PM.jpeg\" data-orig-size=\"752,630\" data-comments-opened=\"0\" data-image-meta=\"{&quot;aperture&quot;:&quot;0&quot;,&quot;credit&quot;:&quot;&quot;,&quot;camera&quot;:&quot;&quot;,&quot;caption&quot;:&quot;&quot;,&quot;created_timestamp&quot;:&quot;0&quot;,&quot;copyright&quot;:&quot;&quot;,&quot;focal_length&quot;:&quot;0&quot;,&quot;iso&quot;:&quot;0&quot;,&quot;shutter_speed&quot;:&quot;0&quot;,&quot;title&quot;:&quot;&quot;,&quot;orientation&quot;:&quot;0&quot;}\" data-image-title=\"WhatsApp Image 2022-06-21 at 3.14.31 PM\" data-image-description=\"\" data-image-caption=\"\" data-large-file=\"https:\/\/eldiariodesanpedro.com.ar\/sitio\/wp-content\/uploads\/2022\/06\/WhatsApp-Image-2022-06-21-at-3.14.31-PM.jpeg\" data-src=\"https:\/\/eldiariodesanpedro.com.ar\/sitio\/wp-content\/uploads\/2022\/06\/WhatsApp-Image-2022-06-21-at-3.14.31-PM.jpeg\" alt=\"\" class=\"wp-image-108221 lazyload\" data-srcset=\"https:\/\/eldiariodesanpedro.com.ar\/sitio\/wp-content\/uploads\/2022\/06\/WhatsApp-Image-2022-06-21-at-3.14.31-PM.jpeg 752w, https:\/\/eldiariodesanpedro.com.ar\/sitio\/wp-content\/uploads\/2022\/06\/WhatsApp-Image-2022-06-21-at-3.14.31-PM-300x251.jpeg 300w\" data-sizes=\"(max-width: 752px) 100vw, 752px\" src=\"data:image\/svg+xml;base64,PHN2ZyB3aWR0aD0iMSIgaGVpZ2h0PSIxIiB4bWxucz0iaHR0cDovL3d3dy53My5vcmcvMjAwMC9zdmciPjwvc3ZnPg==\" style=\"--smush-placeholder-width: 752px; --smush-placeholder-aspect-ratio: 752\/630;\" \/><\/figure>\n\n\n\n<p><\/p>\n\n\n\n<p><\/p>\n","protected":false},"excerpt":{"rendered":"<p>La Municipalidad de San Pedro, en conjunto con el Ministerio de Desarrollo Agrario de la provincia de Buenos Aires llevar\u00e1n a cabo una jornada informativa y de inscripci\u00f3n para la obtenci\u00f3n de los permisos de pesca, en el marco del programa de regularizaci\u00f3n de la actividad pesquera en el Paran\u00e1 inferior que lleva adelante el [&hellip;]<\/p>\n","protected":false},"author":4,"featured_media":108220,"comment_status":"closed","ping_status":"closed","sticky":false,"template":"","format":"standard","meta":{"om_disable_all_campaigns":false,"_jetpack_memberships_contains_paid_content":false,"footnotes":""},"categories":[2],"tags":[197,696,33,19],"class_list":["post-108219","post","type-post","status-publish","format-standard","has-post-thumbnail","hentry","category-locales","tag-buenos-aires","tag-interes-general","tag-locales","tag-san-pedro"],"aioseo_notices":[],"gutentor_comment":0,"jetpack_featured_media_url":"https:\/\/eldiariodesanpedro.com.ar\/sitio\/wp-content\/uploads\/2022\/06\/0604pesca-1186203.jpg","jetpack_shortlink":"https:\/\/wp.me\/p6RhLt-s9t","jetpack_sharing_enabled":true,"_links":{"self":[{"href":"https:\/\/eldiariodesanpedro.com.ar\/sitio\/wp-json\/wp\/v2\/posts\/108219","targetHints":{"allow":["GET"]}}],"collection":[{"href":"https:\/\/eldiariodesanpedro.com.ar\/sitio\/wp-json\/wp\/v2\/posts"}],"about":[{"href":"https:\/\/eldiariodesanpedro.com.ar\/sitio\/wp-json\/wp\/v2\/types\/post"}],"author":[{"embeddable":true,"href":"https:\/\/eldiariodesanpedro.com.ar\/sitio\/wp-json\/wp\/v2\/users\/4"}],"replies":[{"embeddable":true,"href":"https:\/\/eldiariodesanpedro.com.ar\/sitio\/wp-json\/wp\/v2\/comments?post=108219"}],"version-history":[{"count":1,"href":"https:\/\/eldiariodesanpedro.com.ar\/sitio\/wp-json\/wp\/v2\/posts\/108219\/revisions"}],"predecessor-version":[{"id":108222,"href":"https:\/\/eldiariodesanpedro.com.ar\/sitio\/wp-json\/wp\/v2\/posts\/108219\/revisions\/108222"}],"wp:featuredmedia":[{"embeddable":true,"href":"https:\/\/eldiariodesanpedro.com.ar\/sitio\/wp-json\/wp\/v2\/media\/108220"}],"wp:attachment":[{"href":"https:\/\/eldiariodesanpedro.com.ar\/sitio\/wp-json\/wp\/v2\/media?parent=108219"}],"wp:term":[{"taxonomy":"category","embeddable":true,"href":"https:\/\/eldiariodesanpedro.com.ar\/sitio\/wp-json\/wp\/v2\/categories?post=108219"},{"taxonomy":"post_tag","embeddable":true,"href":"https:\/\/eldiariodesanpedro.com.ar\/sitio\/wp-json\/wp\/v2\/tags?post=108219"}],"curies":[{"name":"wp","href":"https:\/\/api.w.org\/{rel}","templated":true}]}}