{"id":108204,"date":"2022-06-21T21:30:50","date_gmt":"2022-06-22T00:30:50","guid":{"rendered":"https:\/\/eldiariodesanpedro.com.ar\/sitio\/?p=108204"},"modified":"2022-06-21T21:30:51","modified_gmt":"2022-06-22T00:30:51","slug":"excelente-fin-de-semana-en-todo-el-partido-de-san-pedro","status":"publish","type":"post","link":"https:\/\/eldiariodesanpedro.com.ar\/sitio\/excelente-fin-de-semana-en-todo-el-partido-de-san-pedro\/","title":{"rendered":"Excelente fin de semana en todo el Partido de San Pedro"},"content":{"rendered":"<!-- VideographyWP Plugin Message: Automatic video embedding prevented by plugin options. -->\n\n<p>El fin de semana extra largo que reuni\u00f3 a dos feriados para recordar a las figuras de Mart\u00edn Miguel de G\u00fcemes y Manuel Belgrano tuvo un efecto muy positivo en todo el Partido de San Pedro con la concurrencia masiva de turistas, tanto para recorrer nuestros atractivos por alguna de las jornadas, como para permanecer y disfrutar de la oferta que posee nuestra regi\u00f3n.<\/p>\n\n\n\n<p>Desde la Secretar\u00eda de Turismo y Cultura, adem\u00e1s de coordinar los actos patrios, se organiz\u00f3 junto a la Delegaci\u00f3n de R\u00edo Tala el Festival Grito de Libertad en la cancha de Las Palmeras de la localidad. Artistas locales y nacionales brindaron shows en el escenario montado all\u00ed y miles de personas vivieron tardes diferentes, con stands de feriantes, juegos infantiles y m\u00fasica en vivo.<\/p>\n\n\n\n<p>La localidad tuvo as\u00ed el evento que por cuestiones clim\u00e1ticas debi\u00f3 suspenderse en el feriado del 25 de mayo y el gobierno municipal cumpli\u00f3 con la decisi\u00f3n de fomentar fiestas populares en todos los rincones del Partido, tanto para los vecinos y vecinas como para los turistas.<\/p>\n\n\n\n<p>La ocupaci\u00f3n en los alojamientos relevados oscil\u00f3 alrededor del 70% y el movimiento en las localidades y especialmente en Vuelta de Obligado fue muy intenso, con excelente concurrencia a los museos.<\/p>\n\n\n\n<p>Durante el fin de semana se brind\u00f3 informaci\u00f3n tur\u00edstica en la Casona de Mitre y Liniers y adem\u00e1s volvi\u00f3 a habilitarse un punto de atenci\u00f3n a los visitantes en una casilla m\u00f3vil ubicada en Mitre y Juan B. Justo.<\/p>\n\n\n\n<p>Desde de la Municipalidad de San Pedro se agradece a todos los que colaboraron para otro fin de semana muy valioso para la econom\u00eda local, mientras siguen adelante los preparativos para las pr\u00f3ximas fiestas y para las vacaciones de invierno, con detalles que ser\u00e1n anunciados en breve.<\/p>\n\n\n\n<figure class=\"wp-block-image size-full\"><img decoding=\"async\" width=\"945\" height=\"630\" data-attachment-id=\"108208\" data-permalink=\"https:\/\/eldiariodesanpedro.com.ar\/sitio\/excelente-fin-de-semana-en-todo-el-partido-de-san-pedro\/whatsapp-image-2022-06-21-at-9-18-47-am\/\" data-orig-file=\"https:\/\/eldiariodesanpedro.com.ar\/sitio\/wp-content\/uploads\/2022\/06\/WhatsApp-Image-2022-06-21-at-9.18.47-AM.jpeg\" data-orig-size=\"945,630\" data-comments-opened=\"0\" data-image-meta=\"{&quot;aperture&quot;:&quot;0&quot;,&quot;credit&quot;:&quot;&quot;,&quot;camera&quot;:&quot;&quot;,&quot;caption&quot;:&quot;&quot;,&quot;created_timestamp&quot;:&quot;0&quot;,&quot;copyright&quot;:&quot;&quot;,&quot;focal_length&quot;:&quot;0&quot;,&quot;iso&quot;:&quot;0&quot;,&quot;shutter_speed&quot;:&quot;0&quot;,&quot;title&quot;:&quot;&quot;,&quot;orientation&quot;:&quot;0&quot;}\" data-image-title=\"WhatsApp Image 2022-06-21 at 9.18.47 AM\" data-image-description=\"\" data-image-caption=\"\" data-large-file=\"https:\/\/eldiariodesanpedro.com.ar\/sitio\/wp-content\/uploads\/2022\/06\/WhatsApp-Image-2022-06-21-at-9.18.47-AM.jpeg\" data-src=\"https:\/\/eldiariodesanpedro.com.ar\/sitio\/wp-content\/uploads\/2022\/06\/WhatsApp-Image-2022-06-21-at-9.18.47-AM.jpeg\" alt=\"\" class=\"wp-image-108208 lazyload\" data-srcset=\"https:\/\/eldiariodesanpedro.com.ar\/sitio\/wp-content\/uploads\/2022\/06\/WhatsApp-Image-2022-06-21-at-9.18.47-AM.jpeg 945w, https:\/\/eldiariodesanpedro.com.ar\/sitio\/wp-content\/uploads\/2022\/06\/WhatsApp-Image-2022-06-21-at-9.18.47-AM-300x200.jpeg 300w, https:\/\/eldiariodesanpedro.com.ar\/sitio\/wp-content\/uploads\/2022\/06\/WhatsApp-Image-2022-06-21-at-9.18.47-AM-768x512.jpeg 768w\" data-sizes=\"(max-width: 945px) 100vw, 945px\" src=\"data:image\/svg+xml;base64,PHN2ZyB3aWR0aD0iMSIgaGVpZ2h0PSIxIiB4bWxucz0iaHR0cDovL3d3dy53My5vcmcvMjAwMC9zdmciPjwvc3ZnPg==\" style=\"--smush-placeholder-width: 945px; --smush-placeholder-aspect-ratio: 945\/630;\" \/><\/figure>\n\n\n\n<figure class=\"wp-block-image size-full\"><img decoding=\"async\" width=\"945\" height=\"630\" data-attachment-id=\"108207\" data-permalink=\"https:\/\/eldiariodesanpedro.com.ar\/sitio\/excelente-fin-de-semana-en-todo-el-partido-de-san-pedro\/whatsapp-image-2022-06-21-at-9-18-46-am\/\" data-orig-file=\"https:\/\/eldiariodesanpedro.com.ar\/sitio\/wp-content\/uploads\/2022\/06\/WhatsApp-Image-2022-06-21-at-9.18.46-AM.jpeg\" data-orig-size=\"945,630\" data-comments-opened=\"0\" data-image-meta=\"{&quot;aperture&quot;:&quot;0&quot;,&quot;credit&quot;:&quot;&quot;,&quot;camera&quot;:&quot;&quot;,&quot;caption&quot;:&quot;&quot;,&quot;created_timestamp&quot;:&quot;0&quot;,&quot;copyright&quot;:&quot;&quot;,&quot;focal_length&quot;:&quot;0&quot;,&quot;iso&quot;:&quot;0&quot;,&quot;shutter_speed&quot;:&quot;0&quot;,&quot;title&quot;:&quot;&quot;,&quot;orientation&quot;:&quot;0&quot;}\" data-image-title=\"WhatsApp Image 2022-06-21 at 9.18.46 AM\" data-image-description=\"\" data-image-caption=\"\" data-large-file=\"https:\/\/eldiariodesanpedro.com.ar\/sitio\/wp-content\/uploads\/2022\/06\/WhatsApp-Image-2022-06-21-at-9.18.46-AM.jpeg\" data-src=\"https:\/\/eldiariodesanpedro.com.ar\/sitio\/wp-content\/uploads\/2022\/06\/WhatsApp-Image-2022-06-21-at-9.18.46-AM.jpeg\" alt=\"\" class=\"wp-image-108207 lazyload\" data-srcset=\"https:\/\/eldiariodesanpedro.com.ar\/sitio\/wp-content\/uploads\/2022\/06\/WhatsApp-Image-2022-06-21-at-9.18.46-AM.jpeg 945w, https:\/\/eldiariodesanpedro.com.ar\/sitio\/wp-content\/uploads\/2022\/06\/WhatsApp-Image-2022-06-21-at-9.18.46-AM-300x200.jpeg 300w, https:\/\/eldiariodesanpedro.com.ar\/sitio\/wp-content\/uploads\/2022\/06\/WhatsApp-Image-2022-06-21-at-9.18.46-AM-768x512.jpeg 768w\" data-sizes=\"(max-width: 945px) 100vw, 945px\" src=\"data:image\/svg+xml;base64,PHN2ZyB3aWR0aD0iMSIgaGVpZ2h0PSIxIiB4bWxucz0iaHR0cDovL3d3dy53My5vcmcvMjAwMC9zdmciPjwvc3ZnPg==\" style=\"--smush-placeholder-width: 945px; --smush-placeholder-aspect-ratio: 945\/630;\" \/><\/figure>\n","protected":false},"excerpt":{"rendered":"<p>El fin de semana extra largo que reuni\u00f3 a dos feriados para recordar a las figuras de Mart\u00edn Miguel de G\u00fcemes y Manuel Belgrano tuvo un efecto muy positivo en todo el Partido de San Pedro con la concurrencia masiva de turistas, tanto para recorrer nuestros atractivos por alguna de las jornadas, como para permanecer [&hellip;]<\/p>\n","protected":false},"author":4,"featured_media":108205,"comment_status":"closed","ping_status":"closed","sticky":false,"template":"","format":"standard","meta":{"om_disable_all_campaigns":false,"_jetpack_memberships_contains_paid_content":false,"footnotes":""},"categories":[50,101,2],"tags":[197,696,33,19],"class_list":["post-108204","post","type-post","status-publish","format-standard","has-post-thumbnail","hentry","category-destacadas","category-interes-general-locales","category-locales","tag-buenos-aires","tag-interes-general","tag-locales","tag-san-pedro"],"aioseo_notices":[],"gutentor_comment":0,"jetpack_featured_media_url":"https:\/\/eldiariodesanpedro.com.ar\/sitio\/wp-content\/uploads\/2022\/06\/WhatsApp-Image-2022-06-21-at-9.18.36-AM.jpeg","jetpack_shortlink":"https:\/\/wp.me\/p6RhLt-s9e","jetpack_sharing_enabled":true,"_links":{"self":[{"href":"https:\/\/eldiariodesanpedro.com.ar\/sitio\/wp-json\/wp\/v2\/posts\/108204","targetHints":{"allow":["GET"]}}],"collection":[{"href":"https:\/\/eldiariodesanpedro.com.ar\/sitio\/wp-json\/wp\/v2\/posts"}],"about":[{"href":"https:\/\/eldiariodesanpedro.com.ar\/sitio\/wp-json\/wp\/v2\/types\/post"}],"author":[{"embeddable":true,"href":"https:\/\/eldiariodesanpedro.com.ar\/sitio\/wp-json\/wp\/v2\/users\/4"}],"replies":[{"embeddable":true,"href":"https:\/\/eldiariodesanpedro.com.ar\/sitio\/wp-json\/wp\/v2\/comments?post=108204"}],"version-history":[{"count":1,"href":"https:\/\/eldiariodesanpedro.com.ar\/sitio\/wp-json\/wp\/v2\/posts\/108204\/revisions"}],"predecessor-version":[{"id":108209,"href":"https:\/\/eldiariodesanpedro.com.ar\/sitio\/wp-json\/wp\/v2\/posts\/108204\/revisions\/108209"}],"wp:featuredmedia":[{"embeddable":true,"href":"https:\/\/eldiariodesanpedro.com.ar\/sitio\/wp-json\/wp\/v2\/media\/108205"}],"wp:attachment":[{"href":"https:\/\/eldiariodesanpedro.com.ar\/sitio\/wp-json\/wp\/v2\/media?parent=108204"}],"wp:term":[{"taxonomy":"category","embeddable":true,"href":"https:\/\/eldiariodesanpedro.com.ar\/sitio\/wp-json\/wp\/v2\/categories?post=108204"},{"taxonomy":"post_tag","embeddable":true,"href":"https:\/\/eldiariodesanpedro.com.ar\/sitio\/wp-json\/wp\/v2\/tags?post=108204"}],"curies":[{"name":"wp","href":"https:\/\/api.w.org\/{rel}","templated":true}]}}