{"id":108194,"date":"2022-06-21T21:19:47","date_gmt":"2022-06-22T00:19:47","guid":{"rendered":"https:\/\/eldiariodesanpedro.com.ar\/sitio\/?p=108194"},"modified":"2022-06-21T21:19:48","modified_gmt":"2022-06-22T00:19:48","slug":"homenaje-a-manuel-belgrano-y-promesa-a-la-bandera","status":"publish","type":"post","link":"https:\/\/eldiariodesanpedro.com.ar\/sitio\/homenaje-a-manuel-belgrano-y-promesa-a-la-bandera\/","title":{"rendered":"Homenaje a Manuel Belgrano y promesa a la bandera"},"content":{"rendered":"<!-- VideographyWP Plugin Message: Automatic video embedding prevented by plugin options. -->\n\n<p>Esta ma\u00f1ana se llev\u00f3 a cabo el acto protocolar organizado por la Municipalidad de San Pedro y la Jefatura Distrital de Educaci\u00f3n para homenajear al General Manuel Belgrano en su 202\u00b0 aniversario de su paso a la inmortalidad.<\/p>\n\n\n\n<p>En primera instancia, en la plaza que lleva el nombre del General, el Intendente Municipal Ram\u00f3n Salazar junto al secretario de Coordinaci\u00f3n Luciano Arias realizaron el izamiento del Pabell\u00f3n Nacional y entonaron Aurora para acompa\u00f1ar esta ceremonia de la que tambi\u00e9n particip\u00f3 la secretaria de Turismo y Cultura, Marcela Cu\u00f1er y el secretario de Servicios P\u00fablicos Ariel \u00c1lvarez. Finalmente se coloc\u00f3 una ofrenda floral en el Monumento a Manuel Belgrano.<\/p>\n\n\n\n<p>La continuidad de las actividades se desarrollaron al pie del m\u00e1stil emplazado en las barrancas frente a la intersecci\u00f3n de las calles 9 de julio y Thorne, donde los alumnos de cuarto grado de las escuelas primarias juraron lealtad a la bandera.<\/p>\n\n\n\n<p>El encuentro fue encabezado por el Dr. Salazar y cont\u00f3 con la participaci\u00f3n del equipo de Gobierno Municipal, miembros del Honorable Concejo Deliberante, la Jefa Distrital de Educaci\u00f3n Marcela Lucchesi, instituciones educativas, fuerzas de seguridad, Cruz Roja Filial San Pedro, Veteranos de Malvinas y la participaci\u00f3n de la Banda del Estado Mayor General de la Armada Argentina quienes interpretaron el Himno Nacional Argentino entre otras canciones patrias.<\/p>\n\n\n\n<p>Luego del izamiento del Pabell\u00f3n Nacional, la directora de la Escuela Primaria N\u00b0 27 \u201cCoronel F\u00e9lix Bogado\u201d, Yanina Sbert realiz\u00f3 una rese\u00f1a resaltando los valores del General Manuel Belgrano.<\/p>\n\n\n\n<p>El Intendente Dr. Ram\u00f3n Salazar comenz\u00f3 su mensaje pidiendo un aplauso para las alumnas y alumnos de nuestras escuelas, remarcando que \u201cla promesa a la bandera genera una renovaci\u00f3n de nuestro esp\u00edritu patri\u00f3tico\u201d.<\/p>\n\n\n\n<p>Destac\u00f3 que Belgrano fue uno de los argentinos m\u00e1s emblem\u00e1ticos e influyentes de nuestra historia, se\u00f1alando que \u201cEl so\u00f1aba con un pueblo mejor y esa misi\u00f3n, es hoy tambi\u00e9n la nuestra\u201d.<\/p>\n\n\n\n<p>\u201cHoy aqu\u00ed debemos renovar ese compromiso, para que los valores esenciales de un pr\u00f3cer como Belgrano, nos ayuden a seguir adelante para construir esa ciudad y ese pa\u00eds que todos queremos y que especialmente ustedes se merecen\u201d cerr\u00f3 su discurso el Jefe Comunal.<\/p>\n\n\n\n<p>A continuaci\u00f3n la Jefa Distrital de Educaci\u00f3n Marcela Lucchesi les tom\u00f3 juramento a los alumnos de cuarto grado de diferentes instituciones que formaron parte del emotivo acto que finaliz\u00f3 con la interpretaci\u00f3n de dos canciones a cargo de Roc\u00edo Guilmen.<\/p>\n\n\n\n<figure class=\"wp-block-image size-full\"><img decoding=\"async\" width=\"945\" height=\"630\" data-attachment-id=\"108197\" data-permalink=\"https:\/\/eldiariodesanpedro.com.ar\/sitio\/homenaje-a-manuel-belgrano-y-promesa-a-la-bandera\/whatsapp-image-2022-06-20-at-7-08-42-pm\/\" data-orig-file=\"https:\/\/eldiariodesanpedro.com.ar\/sitio\/wp-content\/uploads\/2022\/06\/WhatsApp-Image-2022-06-20-at-7.08.42-PM.jpeg\" data-orig-size=\"945,630\" data-comments-opened=\"0\" data-image-meta=\"{&quot;aperture&quot;:&quot;0&quot;,&quot;credit&quot;:&quot;&quot;,&quot;camera&quot;:&quot;&quot;,&quot;caption&quot;:&quot;&quot;,&quot;created_timestamp&quot;:&quot;0&quot;,&quot;copyright&quot;:&quot;&quot;,&quot;focal_length&quot;:&quot;0&quot;,&quot;iso&quot;:&quot;0&quot;,&quot;shutter_speed&quot;:&quot;0&quot;,&quot;title&quot;:&quot;&quot;,&quot;orientation&quot;:&quot;0&quot;}\" data-image-title=\"WhatsApp Image 2022-06-20 at 7.08.42 PM\" data-image-description=\"\" data-image-caption=\"\" data-large-file=\"https:\/\/eldiariodesanpedro.com.ar\/sitio\/wp-content\/uploads\/2022\/06\/WhatsApp-Image-2022-06-20-at-7.08.42-PM.jpeg\" data-src=\"https:\/\/eldiariodesanpedro.com.ar\/sitio\/wp-content\/uploads\/2022\/06\/WhatsApp-Image-2022-06-20-at-7.08.42-PM.jpeg\" alt=\"\" class=\"wp-image-108197 lazyload\" data-srcset=\"https:\/\/eldiariodesanpedro.com.ar\/sitio\/wp-content\/uploads\/2022\/06\/WhatsApp-Image-2022-06-20-at-7.08.42-PM.jpeg 945w, https:\/\/eldiariodesanpedro.com.ar\/sitio\/wp-content\/uploads\/2022\/06\/WhatsApp-Image-2022-06-20-at-7.08.42-PM-300x200.jpeg 300w, https:\/\/eldiariodesanpedro.com.ar\/sitio\/wp-content\/uploads\/2022\/06\/WhatsApp-Image-2022-06-20-at-7.08.42-PM-768x512.jpeg 768w\" data-sizes=\"(max-width: 945px) 100vw, 945px\" src=\"data:image\/svg+xml;base64,PHN2ZyB3aWR0aD0iMSIgaGVpZ2h0PSIxIiB4bWxucz0iaHR0cDovL3d3dy53My5vcmcvMjAwMC9zdmciPjwvc3ZnPg==\" style=\"--smush-placeholder-width: 945px; --smush-placeholder-aspect-ratio: 945\/630;\" \/><\/figure>\n\n\n\n<figure class=\"wp-block-image size-full\"><img decoding=\"async\" width=\"1007\" height=\"630\" data-attachment-id=\"108198\" data-permalink=\"https:\/\/eldiariodesanpedro.com.ar\/sitio\/homenaje-a-manuel-belgrano-y-promesa-a-la-bandera\/whatsapp-image-2022-06-20-at-7-08-43-pm-1\/\" data-orig-file=\"https:\/\/eldiariodesanpedro.com.ar\/sitio\/wp-content\/uploads\/2022\/06\/WhatsApp-Image-2022-06-20-at-7.08.43-PM-1.jpeg\" data-orig-size=\"1007,630\" data-comments-opened=\"0\" data-image-meta=\"{&quot;aperture&quot;:&quot;0&quot;,&quot;credit&quot;:&quot;&quot;,&quot;camera&quot;:&quot;&quot;,&quot;caption&quot;:&quot;&quot;,&quot;created_timestamp&quot;:&quot;0&quot;,&quot;copyright&quot;:&quot;&quot;,&quot;focal_length&quot;:&quot;0&quot;,&quot;iso&quot;:&quot;0&quot;,&quot;shutter_speed&quot;:&quot;0&quot;,&quot;title&quot;:&quot;&quot;,&quot;orientation&quot;:&quot;0&quot;}\" data-image-title=\"WhatsApp Image 2022-06-20 at 7.08.43 PM (1)\" data-image-description=\"\" data-image-caption=\"\" data-large-file=\"https:\/\/eldiariodesanpedro.com.ar\/sitio\/wp-content\/uploads\/2022\/06\/WhatsApp-Image-2022-06-20-at-7.08.43-PM-1.jpeg\" data-src=\"https:\/\/eldiariodesanpedro.com.ar\/sitio\/wp-content\/uploads\/2022\/06\/WhatsApp-Image-2022-06-20-at-7.08.43-PM-1.jpeg\" alt=\"\" class=\"wp-image-108198 lazyload\" data-srcset=\"https:\/\/eldiariodesanpedro.com.ar\/sitio\/wp-content\/uploads\/2022\/06\/WhatsApp-Image-2022-06-20-at-7.08.43-PM-1.jpeg 1007w, https:\/\/eldiariodesanpedro.com.ar\/sitio\/wp-content\/uploads\/2022\/06\/WhatsApp-Image-2022-06-20-at-7.08.43-PM-1-300x188.jpeg 300w, https:\/\/eldiariodesanpedro.com.ar\/sitio\/wp-content\/uploads\/2022\/06\/WhatsApp-Image-2022-06-20-at-7.08.43-PM-1-768x480.jpeg 768w\" data-sizes=\"(max-width: 1007px) 100vw, 1007px\" src=\"data:image\/svg+xml;base64,PHN2ZyB3aWR0aD0iMSIgaGVpZ2h0PSIxIiB4bWxucz0iaHR0cDovL3d3dy53My5vcmcvMjAwMC9zdmciPjwvc3ZnPg==\" style=\"--smush-placeholder-width: 1007px; --smush-placeholder-aspect-ratio: 1007\/630;\" \/><\/figure>\n\n\n\n<figure class=\"wp-block-image size-large\"><img decoding=\"async\" width=\"1024\" height=\"607\" data-attachment-id=\"108199\" data-permalink=\"https:\/\/eldiariodesanpedro.com.ar\/sitio\/homenaje-a-manuel-belgrano-y-promesa-a-la-bandera\/whatsapp-image-2022-06-20-at-7-08-43-pm\/\" data-orig-file=\"https:\/\/eldiariodesanpedro.com.ar\/sitio\/wp-content\/uploads\/2022\/06\/WhatsApp-Image-2022-06-20-at-7.08.43-PM.jpeg\" data-orig-size=\"1062,630\" data-comments-opened=\"0\" data-image-meta=\"{&quot;aperture&quot;:&quot;0&quot;,&quot;credit&quot;:&quot;&quot;,&quot;camera&quot;:&quot;&quot;,&quot;caption&quot;:&quot;&quot;,&quot;created_timestamp&quot;:&quot;0&quot;,&quot;copyright&quot;:&quot;&quot;,&quot;focal_length&quot;:&quot;0&quot;,&quot;iso&quot;:&quot;0&quot;,&quot;shutter_speed&quot;:&quot;0&quot;,&quot;title&quot;:&quot;&quot;,&quot;orientation&quot;:&quot;0&quot;}\" data-image-title=\"WhatsApp Image 2022-06-20 at 7.08.43 PM\" data-image-description=\"\" data-image-caption=\"\" data-large-file=\"https:\/\/eldiariodesanpedro.com.ar\/sitio\/wp-content\/uploads\/2022\/06\/WhatsApp-Image-2022-06-20-at-7.08.43-PM-1024x607.jpeg\" data-src=\"https:\/\/eldiariodesanpedro.com.ar\/sitio\/wp-content\/uploads\/2022\/06\/WhatsApp-Image-2022-06-20-at-7.08.43-PM-1024x607.jpeg\" alt=\"\" class=\"wp-image-108199 lazyload\" data-srcset=\"https:\/\/eldiariodesanpedro.com.ar\/sitio\/wp-content\/uploads\/2022\/06\/WhatsApp-Image-2022-06-20-at-7.08.43-PM-1024x607.jpeg 1024w, https:\/\/eldiariodesanpedro.com.ar\/sitio\/wp-content\/uploads\/2022\/06\/WhatsApp-Image-2022-06-20-at-7.08.43-PM-300x178.jpeg 300w, https:\/\/eldiariodesanpedro.com.ar\/sitio\/wp-content\/uploads\/2022\/06\/WhatsApp-Image-2022-06-20-at-7.08.43-PM-768x456.jpeg 768w, https:\/\/eldiariodesanpedro.com.ar\/sitio\/wp-content\/uploads\/2022\/06\/WhatsApp-Image-2022-06-20-at-7.08.43-PM.jpeg 1062w\" data-sizes=\"(max-width: 1024px) 100vw, 1024px\" src=\"data:image\/svg+xml;base64,PHN2ZyB3aWR0aD0iMSIgaGVpZ2h0PSIxIiB4bWxucz0iaHR0cDovL3d3dy53My5vcmcvMjAwMC9zdmciPjwvc3ZnPg==\" style=\"--smush-placeholder-width: 1024px; --smush-placeholder-aspect-ratio: 1024\/607;\" \/><\/figure>\n\n\n\n<figure class=\"wp-block-image size-full\"><img decoding=\"async\" width=\"937\" height=\"630\" data-attachment-id=\"108200\" data-permalink=\"https:\/\/eldiariodesanpedro.com.ar\/sitio\/homenaje-a-manuel-belgrano-y-promesa-a-la-bandera\/whatsapp-image-2022-06-20-at-7-08-44-pm\/\" data-orig-file=\"https:\/\/eldiariodesanpedro.com.ar\/sitio\/wp-content\/uploads\/2022\/06\/WhatsApp-Image-2022-06-20-at-7.08.44-PM.jpeg\" data-orig-size=\"937,630\" data-comments-opened=\"0\" data-image-meta=\"{&quot;aperture&quot;:&quot;0&quot;,&quot;credit&quot;:&quot;&quot;,&quot;camera&quot;:&quot;&quot;,&quot;caption&quot;:&quot;&quot;,&quot;created_timestamp&quot;:&quot;0&quot;,&quot;copyright&quot;:&quot;&quot;,&quot;focal_length&quot;:&quot;0&quot;,&quot;iso&quot;:&quot;0&quot;,&quot;shutter_speed&quot;:&quot;0&quot;,&quot;title&quot;:&quot;&quot;,&quot;orientation&quot;:&quot;0&quot;}\" data-image-title=\"WhatsApp Image 2022-06-20 at 7.08.44 PM\" data-image-description=\"\" data-image-caption=\"\" data-large-file=\"https:\/\/eldiariodesanpedro.com.ar\/sitio\/wp-content\/uploads\/2022\/06\/WhatsApp-Image-2022-06-20-at-7.08.44-PM.jpeg\" data-src=\"https:\/\/eldiariodesanpedro.com.ar\/sitio\/wp-content\/uploads\/2022\/06\/WhatsApp-Image-2022-06-20-at-7.08.44-PM.jpeg\" alt=\"\" class=\"wp-image-108200 lazyload\" data-srcset=\"https:\/\/eldiariodesanpedro.com.ar\/sitio\/wp-content\/uploads\/2022\/06\/WhatsApp-Image-2022-06-20-at-7.08.44-PM.jpeg 937w, https:\/\/eldiariodesanpedro.com.ar\/sitio\/wp-content\/uploads\/2022\/06\/WhatsApp-Image-2022-06-20-at-7.08.44-PM-300x202.jpeg 300w, https:\/\/eldiariodesanpedro.com.ar\/sitio\/wp-content\/uploads\/2022\/06\/WhatsApp-Image-2022-06-20-at-7.08.44-PM-768x516.jpeg 768w\" data-sizes=\"(max-width: 937px) 100vw, 937px\" src=\"data:image\/svg+xml;base64,PHN2ZyB3aWR0aD0iMSIgaGVpZ2h0PSIxIiB4bWxucz0iaHR0cDovL3d3dy53My5vcmcvMjAwMC9zdmciPjwvc3ZnPg==\" style=\"--smush-placeholder-width: 937px; --smush-placeholder-aspect-ratio: 937\/630;\" \/><\/figure>\n\n\n\n<figure class=\"wp-block-image size-full\"><img decoding=\"async\" width=\"907\" height=\"630\" data-attachment-id=\"108202\" data-permalink=\"https:\/\/eldiariodesanpedro.com.ar\/sitio\/homenaje-a-manuel-belgrano-y-promesa-a-la-bandera\/whatsapp-image-2022-06-20-at-7-08-45-pm\/\" data-orig-file=\"https:\/\/eldiariodesanpedro.com.ar\/sitio\/wp-content\/uploads\/2022\/06\/WhatsApp-Image-2022-06-20-at-7.08.45-PM.jpeg\" data-orig-size=\"907,630\" data-comments-opened=\"0\" data-image-meta=\"{&quot;aperture&quot;:&quot;0&quot;,&quot;credit&quot;:&quot;&quot;,&quot;camera&quot;:&quot;&quot;,&quot;caption&quot;:&quot;&quot;,&quot;created_timestamp&quot;:&quot;0&quot;,&quot;copyright&quot;:&quot;&quot;,&quot;focal_length&quot;:&quot;0&quot;,&quot;iso&quot;:&quot;0&quot;,&quot;shutter_speed&quot;:&quot;0&quot;,&quot;title&quot;:&quot;&quot;,&quot;orientation&quot;:&quot;0&quot;}\" data-image-title=\"WhatsApp Image 2022-06-20 at 7.08.45 PM\" data-image-description=\"\" data-image-caption=\"\" data-large-file=\"https:\/\/eldiariodesanpedro.com.ar\/sitio\/wp-content\/uploads\/2022\/06\/WhatsApp-Image-2022-06-20-at-7.08.45-PM.jpeg\" data-src=\"https:\/\/eldiariodesanpedro.com.ar\/sitio\/wp-content\/uploads\/2022\/06\/WhatsApp-Image-2022-06-20-at-7.08.45-PM.jpeg\" alt=\"\" class=\"wp-image-108202 lazyload\" data-srcset=\"https:\/\/eldiariodesanpedro.com.ar\/sitio\/wp-content\/uploads\/2022\/06\/WhatsApp-Image-2022-06-20-at-7.08.45-PM.jpeg 907w, https:\/\/eldiariodesanpedro.com.ar\/sitio\/wp-content\/uploads\/2022\/06\/WhatsApp-Image-2022-06-20-at-7.08.45-PM-300x208.jpeg 300w, https:\/\/eldiariodesanpedro.com.ar\/sitio\/wp-content\/uploads\/2022\/06\/WhatsApp-Image-2022-06-20-at-7.08.45-PM-768x533.jpeg 768w\" data-sizes=\"(max-width: 907px) 100vw, 907px\" src=\"data:image\/svg+xml;base64,PHN2ZyB3aWR0aD0iMSIgaGVpZ2h0PSIxIiB4bWxucz0iaHR0cDovL3d3dy53My5vcmcvMjAwMC9zdmciPjwvc3ZnPg==\" style=\"--smush-placeholder-width: 907px; --smush-placeholder-aspect-ratio: 907\/630;\" \/><\/figure>\n\n\n\n<figure class=\"wp-block-image size-full\"><img decoding=\"async\" width=\"839\" height=\"630\" data-attachment-id=\"108201\" data-permalink=\"https:\/\/eldiariodesanpedro.com.ar\/sitio\/homenaje-a-manuel-belgrano-y-promesa-a-la-bandera\/whatsapp-image-2022-06-20-at-7-08-45-pm-1\/\" data-orig-file=\"https:\/\/eldiariodesanpedro.com.ar\/sitio\/wp-content\/uploads\/2022\/06\/WhatsApp-Image-2022-06-20-at-7.08.45-PM-1.jpeg\" data-orig-size=\"839,630\" data-comments-opened=\"0\" data-image-meta=\"{&quot;aperture&quot;:&quot;0&quot;,&quot;credit&quot;:&quot;&quot;,&quot;camera&quot;:&quot;&quot;,&quot;caption&quot;:&quot;&quot;,&quot;created_timestamp&quot;:&quot;0&quot;,&quot;copyright&quot;:&quot;&quot;,&quot;focal_length&quot;:&quot;0&quot;,&quot;iso&quot;:&quot;0&quot;,&quot;shutter_speed&quot;:&quot;0&quot;,&quot;title&quot;:&quot;&quot;,&quot;orientation&quot;:&quot;0&quot;}\" data-image-title=\"WhatsApp Image 2022-06-20 at 7.08.45 PM (1)\" data-image-description=\"\" data-image-caption=\"\" data-large-file=\"https:\/\/eldiariodesanpedro.com.ar\/sitio\/wp-content\/uploads\/2022\/06\/WhatsApp-Image-2022-06-20-at-7.08.45-PM-1.jpeg\" data-src=\"https:\/\/eldiariodesanpedro.com.ar\/sitio\/wp-content\/uploads\/2022\/06\/WhatsApp-Image-2022-06-20-at-7.08.45-PM-1.jpeg\" alt=\"\" class=\"wp-image-108201 lazyload\" data-srcset=\"https:\/\/eldiariodesanpedro.com.ar\/sitio\/wp-content\/uploads\/2022\/06\/WhatsApp-Image-2022-06-20-at-7.08.45-PM-1.jpeg 839w, https:\/\/eldiariodesanpedro.com.ar\/sitio\/wp-content\/uploads\/2022\/06\/WhatsApp-Image-2022-06-20-at-7.08.45-PM-1-300x225.jpeg 300w, https:\/\/eldiariodesanpedro.com.ar\/sitio\/wp-content\/uploads\/2022\/06\/WhatsApp-Image-2022-06-20-at-7.08.45-PM-1-768x577.jpeg 768w\" data-sizes=\"(max-width: 839px) 100vw, 839px\" src=\"data:image\/svg+xml;base64,PHN2ZyB3aWR0aD0iMSIgaGVpZ2h0PSIxIiB4bWxucz0iaHR0cDovL3d3dy53My5vcmcvMjAwMC9zdmciPjwvc3ZnPg==\" style=\"--smush-placeholder-width: 839px; --smush-placeholder-aspect-ratio: 839\/630;\" \/><\/figure>\n","protected":false},"excerpt":{"rendered":"<p>Esta ma\u00f1ana se llev\u00f3 a cabo el acto protocolar organizado por la Municipalidad de San Pedro y la Jefatura Distrital de Educaci\u00f3n para homenajear al General Manuel Belgrano en su 202\u00b0 aniversario de su paso a la inmortalidad. En primera instancia, en la plaza que lleva el nombre del General, el Intendente Municipal Ram\u00f3n Salazar [&hellip;]<\/p>\n","protected":false},"author":4,"featured_media":108196,"comment_status":"closed","ping_status":"closed","sticky":false,"template":"","format":"standard","meta":{"om_disable_all_campaigns":false,"_jetpack_memberships_contains_paid_content":false,"footnotes":""},"categories":[50,101,2],"tags":[197,696,33,19],"class_list":["post-108194","post","type-post","status-publish","format-standard","has-post-thumbnail","hentry","category-destacadas","category-interes-general-locales","category-locales","tag-buenos-aires","tag-interes-general","tag-locales","tag-san-pedro"],"aioseo_notices":[],"gutentor_comment":0,"jetpack_featured_media_url":"https:\/\/eldiariodesanpedro.com.ar\/sitio\/wp-content\/uploads\/2022\/06\/WhatsApp-Image-2022-06-20-at-7.08.39-PM.jpeg","jetpack_shortlink":"https:\/\/wp.me\/p6RhLt-s94","jetpack_sharing_enabled":true,"_links":{"self":[{"href":"https:\/\/eldiariodesanpedro.com.ar\/sitio\/wp-json\/wp\/v2\/posts\/108194","targetHints":{"allow":["GET"]}}],"collection":[{"href":"https:\/\/eldiariodesanpedro.com.ar\/sitio\/wp-json\/wp\/v2\/posts"}],"about":[{"href":"https:\/\/eldiariodesanpedro.com.ar\/sitio\/wp-json\/wp\/v2\/types\/post"}],"author":[{"embeddable":true,"href":"https:\/\/eldiariodesanpedro.com.ar\/sitio\/wp-json\/wp\/v2\/users\/4"}],"replies":[{"embeddable":true,"href":"https:\/\/eldiariodesanpedro.com.ar\/sitio\/wp-json\/wp\/v2\/comments?post=108194"}],"version-history":[{"count":1,"href":"https:\/\/eldiariodesanpedro.com.ar\/sitio\/wp-json\/wp\/v2\/posts\/108194\/revisions"}],"predecessor-version":[{"id":108203,"href":"https:\/\/eldiariodesanpedro.com.ar\/sitio\/wp-json\/wp\/v2\/posts\/108194\/revisions\/108203"}],"wp:featuredmedia":[{"embeddable":true,"href":"https:\/\/eldiariodesanpedro.com.ar\/sitio\/wp-json\/wp\/v2\/media\/108196"}],"wp:attachment":[{"href":"https:\/\/eldiariodesanpedro.com.ar\/sitio\/wp-json\/wp\/v2\/media?parent=108194"}],"wp:term":[{"taxonomy":"category","embeddable":true,"href":"https:\/\/eldiariodesanpedro.com.ar\/sitio\/wp-json\/wp\/v2\/categories?post=108194"},{"taxonomy":"post_tag","embeddable":true,"href":"https:\/\/eldiariodesanpedro.com.ar\/sitio\/wp-json\/wp\/v2\/tags?post=108194"}],"curies":[{"name":"wp","href":"https:\/\/api.w.org\/{rel}","templated":true}]}}