{"id":108170,"date":"2022-06-21T20:03:51","date_gmt":"2022-06-21T23:03:51","guid":{"rendered":"https:\/\/eldiariodesanpedro.com.ar\/sitio\/?p=108170"},"modified":"2022-06-21T20:03:52","modified_gmt":"2022-06-21T23:03:52","slug":"acto-protocolar-por-el-dia-nacional-de-la-libertad-latinoamericana","status":"publish","type":"post","link":"https:\/\/eldiariodesanpedro.com.ar\/sitio\/acto-protocolar-por-el-dia-nacional-de-la-libertad-latinoamericana\/","title":{"rendered":"Acto protocolar por el D\u00eda Nacional de la Libertad Latinoamericana"},"content":{"rendered":"<!-- VideographyWP Plugin Message: Automatic video embedding prevented by plugin options. -->\n\n<p>El pasado viernes en la Sede del Grupo Scout \u201cFray Cayetano Rodr\u00edguez\u201d el acto protocolar en conmemoraci\u00f3n del D\u00eda Nacional de la Libertad Latinoamericana en honor al General Mart\u00edn Miguel de G\u00fcemes, figura clave de nuestra independencia.<\/p>\n\n\n\n<p>El acto, llevado adelante por la Municipalidad de San Pedro y coordinado por la Secretar\u00eda de Turismo y Cultura, fue encabezado por el secretario de Gobierno Alfredo Carrasco, en representaci\u00f3n del Intendente Ram\u00f3n Salazar, y cont\u00f3 con la participaci\u00f3n del equipo de Gobierno Municipal, miembros del Honorable Concejo Deliberante, la Jefa Distrital de Educaci\u00f3n Marcela Lucchesi, instituciones educativas, fuerzas de seguridad, veteranos de Malvinas y el Grupo Scout \u201cFray Cayetano Rodr\u00edguez\u201d.<\/p>\n\n\n\n<p>El secretario de Gobierno, junto al secretario de Coordinaci\u00f3n Luciano Arias y al concejal Juan Cruz Gonz\u00e1lez fueron los encargados de izar la bandera tras lo cual se enton\u00f3 el Himno Nacional.<\/p>\n\n\n\n<p>A continuaci\u00f3n la Directora de la Escuela Primaria N\u00b0 16 General Mart\u00edn de G\u00fcemes, Mariana Cabrera realiz\u00f3 una rese\u00f1a se\u00f1alando la importancia de la gesta realizada por el General G\u00fcemes.<\/p>\n\n\n\n<p>Por su parte, el Secretario de Gobierno Alfredo Carrasco se refiri\u00f3 a los valores transmitidos por G\u00fcemes, al igual que todos nuestros pr\u00f3ceres, reflejados tambi\u00e9n en \u201cla vocaci\u00f3n de servicio de los bomberos, la vocaci\u00f3n de servicio de nuestras fuerzas y el compromiso de los docentes\u201d e inst\u00f3 a utilizarlos en defensa de nuestro pa\u00eds y nuestra soberan\u00eda.<\/p>\n\n\n\n<p>\u201cDesde el lugar que nos toque a cada uno, rescatar los valores de nuestros pr\u00f3ceres y seguir construyendo una patria grande sin mezquindades y con empat\u00eda hacia todos los argentinos\u201d reflexion\u00f3 el secretario de Gobierno.<\/p>\n\n\n\n<p>Finalmente Mart\u00edn Garc\u00eda, representante sampedrino en los Juegos Bonaerenses cant\u00f3 con su guitarra y Celeste Alcoa junto a Jos\u00e9 \u00c1lvarez del Ballet \u201cA\u00f1oranza de Castro\u201d de Gobernador Castro se encargaron de cerrar el acto.<\/p>\n\n\n\n<figure class=\"wp-block-image size-full\"><img decoding=\"async\" width=\"958\" height=\"630\" data-attachment-id=\"108172\" data-permalink=\"https:\/\/eldiariodesanpedro.com.ar\/sitio\/acto-protocolar-por-el-dia-nacional-de-la-libertad-latinoamericana\/whatsapp-image-2022-06-17-at-4-12-23-pm\/\" data-orig-file=\"https:\/\/eldiariodesanpedro.com.ar\/sitio\/wp-content\/uploads\/2022\/06\/WhatsApp-Image-2022-06-17-at-4.12.23-PM.jpeg\" data-orig-size=\"958,630\" data-comments-opened=\"0\" data-image-meta=\"{&quot;aperture&quot;:&quot;0&quot;,&quot;credit&quot;:&quot;&quot;,&quot;camera&quot;:&quot;&quot;,&quot;caption&quot;:&quot;&quot;,&quot;created_timestamp&quot;:&quot;0&quot;,&quot;copyright&quot;:&quot;&quot;,&quot;focal_length&quot;:&quot;0&quot;,&quot;iso&quot;:&quot;0&quot;,&quot;shutter_speed&quot;:&quot;0&quot;,&quot;title&quot;:&quot;&quot;,&quot;orientation&quot;:&quot;0&quot;}\" data-image-title=\"WhatsApp Image 2022-06-17 at 4.12.23 PM\" data-image-description=\"\" data-image-caption=\"\" data-large-file=\"https:\/\/eldiariodesanpedro.com.ar\/sitio\/wp-content\/uploads\/2022\/06\/WhatsApp-Image-2022-06-17-at-4.12.23-PM.jpeg\" data-src=\"https:\/\/eldiariodesanpedro.com.ar\/sitio\/wp-content\/uploads\/2022\/06\/WhatsApp-Image-2022-06-17-at-4.12.23-PM.jpeg\" alt=\"\" class=\"wp-image-108172 lazyload\" data-srcset=\"https:\/\/eldiariodesanpedro.com.ar\/sitio\/wp-content\/uploads\/2022\/06\/WhatsApp-Image-2022-06-17-at-4.12.23-PM.jpeg 958w, https:\/\/eldiariodesanpedro.com.ar\/sitio\/wp-content\/uploads\/2022\/06\/WhatsApp-Image-2022-06-17-at-4.12.23-PM-300x197.jpeg 300w, https:\/\/eldiariodesanpedro.com.ar\/sitio\/wp-content\/uploads\/2022\/06\/WhatsApp-Image-2022-06-17-at-4.12.23-PM-768x505.jpeg 768w\" data-sizes=\"(max-width: 958px) 100vw, 958px\" src=\"data:image\/svg+xml;base64,PHN2ZyB3aWR0aD0iMSIgaGVpZ2h0PSIxIiB4bWxucz0iaHR0cDovL3d3dy53My5vcmcvMjAwMC9zdmciPjwvc3ZnPg==\" style=\"--smush-placeholder-width: 958px; --smush-placeholder-aspect-ratio: 958\/630;\" \/><\/figure>\n\n\n\n<figure class=\"wp-block-image size-full\"><img decoding=\"async\" width=\"958\" height=\"630\" data-attachment-id=\"108174\" data-permalink=\"https:\/\/eldiariodesanpedro.com.ar\/sitio\/acto-protocolar-por-el-dia-nacional-de-la-libertad-latinoamericana\/whatsapp-image-2022-06-17-at-4-12-27-pm\/\" data-orig-file=\"https:\/\/eldiariodesanpedro.com.ar\/sitio\/wp-content\/uploads\/2022\/06\/WhatsApp-Image-2022-06-17-at-4.12.27-PM.jpeg\" data-orig-size=\"958,630\" data-comments-opened=\"0\" data-image-meta=\"{&quot;aperture&quot;:&quot;0&quot;,&quot;credit&quot;:&quot;&quot;,&quot;camera&quot;:&quot;&quot;,&quot;caption&quot;:&quot;&quot;,&quot;created_timestamp&quot;:&quot;0&quot;,&quot;copyright&quot;:&quot;&quot;,&quot;focal_length&quot;:&quot;0&quot;,&quot;iso&quot;:&quot;0&quot;,&quot;shutter_speed&quot;:&quot;0&quot;,&quot;title&quot;:&quot;&quot;,&quot;orientation&quot;:&quot;0&quot;}\" data-image-title=\"WhatsApp Image 2022-06-17 at 4.12.27 PM\" data-image-description=\"\" data-image-caption=\"\" data-large-file=\"https:\/\/eldiariodesanpedro.com.ar\/sitio\/wp-content\/uploads\/2022\/06\/WhatsApp-Image-2022-06-17-at-4.12.27-PM.jpeg\" data-src=\"https:\/\/eldiariodesanpedro.com.ar\/sitio\/wp-content\/uploads\/2022\/06\/WhatsApp-Image-2022-06-17-at-4.12.27-PM.jpeg\" alt=\"\" class=\"wp-image-108174 lazyload\" data-srcset=\"https:\/\/eldiariodesanpedro.com.ar\/sitio\/wp-content\/uploads\/2022\/06\/WhatsApp-Image-2022-06-17-at-4.12.27-PM.jpeg 958w, https:\/\/eldiariodesanpedro.com.ar\/sitio\/wp-content\/uploads\/2022\/06\/WhatsApp-Image-2022-06-17-at-4.12.27-PM-300x197.jpeg 300w, https:\/\/eldiariodesanpedro.com.ar\/sitio\/wp-content\/uploads\/2022\/06\/WhatsApp-Image-2022-06-17-at-4.12.27-PM-768x505.jpeg 768w\" data-sizes=\"(max-width: 958px) 100vw, 958px\" src=\"data:image\/svg+xml;base64,PHN2ZyB3aWR0aD0iMSIgaGVpZ2h0PSIxIiB4bWxucz0iaHR0cDovL3d3dy53My5vcmcvMjAwMC9zdmciPjwvc3ZnPg==\" style=\"--smush-placeholder-width: 958px; --smush-placeholder-aspect-ratio: 958\/630;\" \/><\/figure>\n\n\n\n<figure class=\"wp-block-image size-full\"><img decoding=\"async\" width=\"894\" height=\"630\" data-attachment-id=\"108173\" data-permalink=\"https:\/\/eldiariodesanpedro.com.ar\/sitio\/acto-protocolar-por-el-dia-nacional-de-la-libertad-latinoamericana\/whatsapp-image-2022-06-17-at-4-12-27-pm-1\/\" data-orig-file=\"https:\/\/eldiariodesanpedro.com.ar\/sitio\/wp-content\/uploads\/2022\/06\/WhatsApp-Image-2022-06-17-at-4.12.27-PM-1.jpeg\" data-orig-size=\"894,630\" data-comments-opened=\"0\" data-image-meta=\"{&quot;aperture&quot;:&quot;0&quot;,&quot;credit&quot;:&quot;&quot;,&quot;camera&quot;:&quot;&quot;,&quot;caption&quot;:&quot;&quot;,&quot;created_timestamp&quot;:&quot;0&quot;,&quot;copyright&quot;:&quot;&quot;,&quot;focal_length&quot;:&quot;0&quot;,&quot;iso&quot;:&quot;0&quot;,&quot;shutter_speed&quot;:&quot;0&quot;,&quot;title&quot;:&quot;&quot;,&quot;orientation&quot;:&quot;0&quot;}\" data-image-title=\"WhatsApp Image 2022-06-17 at 4.12.27 PM (1)\" data-image-description=\"\" data-image-caption=\"\" data-large-file=\"https:\/\/eldiariodesanpedro.com.ar\/sitio\/wp-content\/uploads\/2022\/06\/WhatsApp-Image-2022-06-17-at-4.12.27-PM-1.jpeg\" data-src=\"https:\/\/eldiariodesanpedro.com.ar\/sitio\/wp-content\/uploads\/2022\/06\/WhatsApp-Image-2022-06-17-at-4.12.27-PM-1.jpeg\" alt=\"\" class=\"wp-image-108173 lazyload\" data-srcset=\"https:\/\/eldiariodesanpedro.com.ar\/sitio\/wp-content\/uploads\/2022\/06\/WhatsApp-Image-2022-06-17-at-4.12.27-PM-1.jpeg 894w, https:\/\/eldiariodesanpedro.com.ar\/sitio\/wp-content\/uploads\/2022\/06\/WhatsApp-Image-2022-06-17-at-4.12.27-PM-1-300x211.jpeg 300w, https:\/\/eldiariodesanpedro.com.ar\/sitio\/wp-content\/uploads\/2022\/06\/WhatsApp-Image-2022-06-17-at-4.12.27-PM-1-768x541.jpeg 768w\" data-sizes=\"(max-width: 894px) 100vw, 894px\" src=\"data:image\/svg+xml;base64,PHN2ZyB3aWR0aD0iMSIgaGVpZ2h0PSIxIiB4bWxucz0iaHR0cDovL3d3dy53My5vcmcvMjAwMC9zdmciPjwvc3ZnPg==\" style=\"--smush-placeholder-width: 894px; --smush-placeholder-aspect-ratio: 894\/630;\" \/><\/figure>\n","protected":false},"excerpt":{"rendered":"<p>El pasado viernes en la Sede del Grupo Scout \u201cFray Cayetano Rodr\u00edguez\u201d el acto protocolar en conmemoraci\u00f3n del D\u00eda Nacional de la Libertad Latinoamericana en honor al General Mart\u00edn Miguel de G\u00fcemes, figura clave de nuestra independencia. El acto, llevado adelante por la Municipalidad de San Pedro y coordinado por la Secretar\u00eda de Turismo y [&hellip;]<\/p>\n","protected":false},"author":4,"featured_media":108171,"comment_status":"closed","ping_status":"closed","sticky":false,"template":"","format":"standard","meta":{"om_disable_all_campaigns":false,"_jetpack_memberships_contains_paid_content":false,"footnotes":""},"categories":[50,101,2],"tags":[197,696,33,19],"class_list":["post-108170","post","type-post","status-publish","format-standard","has-post-thumbnail","hentry","category-destacadas","category-interes-general-locales","category-locales","tag-buenos-aires","tag-interes-general","tag-locales","tag-san-pedro"],"aioseo_notices":[],"gutentor_comment":0,"jetpack_featured_media_url":"https:\/\/eldiariodesanpedro.com.ar\/sitio\/wp-content\/uploads\/2022\/06\/WhatsApp-Image-2022-06-17-at-4.12.22-PM.jpeg","jetpack_shortlink":"https:\/\/wp.me\/p6RhLt-s8G","jetpack_sharing_enabled":true,"_links":{"self":[{"href":"https:\/\/eldiariodesanpedro.com.ar\/sitio\/wp-json\/wp\/v2\/posts\/108170","targetHints":{"allow":["GET"]}}],"collection":[{"href":"https:\/\/eldiariodesanpedro.com.ar\/sitio\/wp-json\/wp\/v2\/posts"}],"about":[{"href":"https:\/\/eldiariodesanpedro.com.ar\/sitio\/wp-json\/wp\/v2\/types\/post"}],"author":[{"embeddable":true,"href":"https:\/\/eldiariodesanpedro.com.ar\/sitio\/wp-json\/wp\/v2\/users\/4"}],"replies":[{"embeddable":true,"href":"https:\/\/eldiariodesanpedro.com.ar\/sitio\/wp-json\/wp\/v2\/comments?post=108170"}],"version-history":[{"count":1,"href":"https:\/\/eldiariodesanpedro.com.ar\/sitio\/wp-json\/wp\/v2\/posts\/108170\/revisions"}],"predecessor-version":[{"id":108175,"href":"https:\/\/eldiariodesanpedro.com.ar\/sitio\/wp-json\/wp\/v2\/posts\/108170\/revisions\/108175"}],"wp:featuredmedia":[{"embeddable":true,"href":"https:\/\/eldiariodesanpedro.com.ar\/sitio\/wp-json\/wp\/v2\/media\/108171"}],"wp:attachment":[{"href":"https:\/\/eldiariodesanpedro.com.ar\/sitio\/wp-json\/wp\/v2\/media?parent=108170"}],"wp:term":[{"taxonomy":"category","embeddable":true,"href":"https:\/\/eldiariodesanpedro.com.ar\/sitio\/wp-json\/wp\/v2\/categories?post=108170"},{"taxonomy":"post_tag","embeddable":true,"href":"https:\/\/eldiariodesanpedro.com.ar\/sitio\/wp-json\/wp\/v2\/tags?post=108170"}],"curies":[{"name":"wp","href":"https:\/\/api.w.org\/{rel}","templated":true}]}}