{"id":108165,"date":"2022-06-21T19:42:02","date_gmt":"2022-06-21T22:42:02","guid":{"rendered":"https:\/\/eldiariodesanpedro.com.ar\/sitio\/?p=108165"},"modified":"2022-06-21T19:42:03","modified_gmt":"2022-06-21T22:42:03","slug":"luciano-arias-juro-como-secretario-de-coordinacion","status":"publish","type":"post","link":"https:\/\/eldiariodesanpedro.com.ar\/sitio\/luciano-arias-juro-como-secretario-de-coordinacion\/","title":{"rendered":"Luciano Arias jur\u00f3 como Secretario de Coordinaci\u00f3n"},"content":{"rendered":"<!-- VideographyWP Plugin Message: Automatic video embedding prevented by plugin options. -->\n\n<p>El pasado jueves, en el despacho oficial, el Intendente Dr. Ram\u00f3n Salazar tom\u00f3 juramento al nuevo Secretario de Coordinaci\u00f3n Luciano Arias con la participaci\u00f3n de funcionarios del gabinete, miembros del Honorable Concejo Deliberante y familiares del flamante funcionario, quien se desempe\u00f1aba anteriormente en la Direcci\u00f3n Administrativa del \u00e1rea de Licencias de Conducir.<\/p>\n\n\n\n<p>Luego de la jura, el Intendente Salazar se refiri\u00f3 a la incorporaci\u00f3n de Arias, quien tendr\u00e1 entre otras funciones la coordinaci\u00f3n del equipo de funcionarios, con quienes trabajar\u00e1 atendiendo sus demandas, pero \u201csobre todo de la gente de San Pedro, por la que venimos trabajando\u201d.<\/p>\n\n\n\n<p>En cuanto a su designaci\u00f3n, el Jefe Comunal record\u00f3 la notable mejora del \u00e1rea de Licencias de Conducir \u201ccon la impronta de Luciano y el trabajo diario de todos los empleados\u201d, destacando que \u201choy la gente puede ir en el mismo d\u00eda y renovar la licencia\u201d.<\/p>\n\n\n\n<p>Por su parte, el nuevo Secretario de Coordinaci\u00f3n se mostr\u00f3 muy agradecido por la designaci\u00f3n, asegurando que en primera instancia lo sorprendi\u00f3 la propuesta ya que su trabajo diario no cuenta con la visibilidad de otras \u00e1reas, agradeci\u00f3 al Intendente Ram\u00f3n Salazar y al ex Intendente Cecilio Salazar quienes en su momento apostaron \u201cen un empleado municipal para ocupar la Direcci\u00f3n Administrativa y viniendo de la planta municipal es muy dif\u00edcil porque son cargos pol\u00edticos\u201d y se comprometi\u00f3 a afrontar el desaf\u00edo trabajando en equipo junto a los Secretarios.<\/p>\n\n\n\n<p>Finalmente agradeci\u00f3 a su familia, presente durante el acto y record\u00f3 a su madre, a quien perdi\u00f3 hace poco tiempo.<\/p>\n\n\n\n<figure class=\"wp-block-image size-full\"><img decoding=\"async\" width=\"966\" height=\"630\" data-attachment-id=\"108167\" data-permalink=\"https:\/\/eldiariodesanpedro.com.ar\/sitio\/luciano-arias-juro-como-secretario-de-coordinacion\/whatsapp-image-2022-06-16-at-7-56-04-pm-1\/\" data-orig-file=\"https:\/\/eldiariodesanpedro.com.ar\/sitio\/wp-content\/uploads\/2022\/06\/WhatsApp-Image-2022-06-16-at-7.56.04-PM-1.jpeg\" data-orig-size=\"966,630\" data-comments-opened=\"0\" data-image-meta=\"{&quot;aperture&quot;:&quot;0&quot;,&quot;credit&quot;:&quot;&quot;,&quot;camera&quot;:&quot;&quot;,&quot;caption&quot;:&quot;&quot;,&quot;created_timestamp&quot;:&quot;0&quot;,&quot;copyright&quot;:&quot;&quot;,&quot;focal_length&quot;:&quot;0&quot;,&quot;iso&quot;:&quot;0&quot;,&quot;shutter_speed&quot;:&quot;0&quot;,&quot;title&quot;:&quot;&quot;,&quot;orientation&quot;:&quot;0&quot;}\" data-image-title=\"WhatsApp Image 2022-06-16 at 7.56.04 PM (1)\" data-image-description=\"\" data-image-caption=\"\" data-large-file=\"https:\/\/eldiariodesanpedro.com.ar\/sitio\/wp-content\/uploads\/2022\/06\/WhatsApp-Image-2022-06-16-at-7.56.04-PM-1.jpeg\" data-src=\"https:\/\/eldiariodesanpedro.com.ar\/sitio\/wp-content\/uploads\/2022\/06\/WhatsApp-Image-2022-06-16-at-7.56.04-PM-1.jpeg\" alt=\"\" class=\"wp-image-108167 lazyload\" data-srcset=\"https:\/\/eldiariodesanpedro.com.ar\/sitio\/wp-content\/uploads\/2022\/06\/WhatsApp-Image-2022-06-16-at-7.56.04-PM-1.jpeg 966w, https:\/\/eldiariodesanpedro.com.ar\/sitio\/wp-content\/uploads\/2022\/06\/WhatsApp-Image-2022-06-16-at-7.56.04-PM-1-300x196.jpeg 300w, https:\/\/eldiariodesanpedro.com.ar\/sitio\/wp-content\/uploads\/2022\/06\/WhatsApp-Image-2022-06-16-at-7.56.04-PM-1-768x501.jpeg 768w\" data-sizes=\"(max-width: 966px) 100vw, 966px\" src=\"data:image\/svg+xml;base64,PHN2ZyB3aWR0aD0iMSIgaGVpZ2h0PSIxIiB4bWxucz0iaHR0cDovL3d3dy53My5vcmcvMjAwMC9zdmciPjwvc3ZnPg==\" style=\"--smush-placeholder-width: 966px; --smush-placeholder-aspect-ratio: 966\/630;\" \/><\/figure>\n","protected":false},"excerpt":{"rendered":"<p>El pasado jueves, en el despacho oficial, el Intendente Dr. Ram\u00f3n Salazar tom\u00f3 juramento al nuevo Secretario de Coordinaci\u00f3n Luciano Arias con la participaci\u00f3n de funcionarios del gabinete, miembros del Honorable Concejo Deliberante y familiares del flamante funcionario, quien se desempe\u00f1aba anteriormente en la Direcci\u00f3n Administrativa del \u00e1rea de Licencias de Conducir. Luego de la [&hellip;]<\/p>\n","protected":false},"author":4,"featured_media":108166,"comment_status":"closed","ping_status":"closed","sticky":false,"template":"","format":"standard","meta":{"om_disable_all_campaigns":false,"_jetpack_memberships_contains_paid_content":false,"footnotes":""},"categories":[50,101,2],"tags":[197,696,33,19],"class_list":["post-108165","post","type-post","status-publish","format-standard","has-post-thumbnail","hentry","category-destacadas","category-interes-general-locales","category-locales","tag-buenos-aires","tag-interes-general","tag-locales","tag-san-pedro"],"aioseo_notices":[],"gutentor_comment":0,"jetpack_featured_media_url":"https:\/\/eldiariodesanpedro.com.ar\/sitio\/wp-content\/uploads\/2022\/06\/WhatsApp-Image-2022-06-16-at-7.56.03-PM.jpeg","jetpack_shortlink":"https:\/\/wp.me\/p6RhLt-s8B","jetpack_sharing_enabled":true,"_links":{"self":[{"href":"https:\/\/eldiariodesanpedro.com.ar\/sitio\/wp-json\/wp\/v2\/posts\/108165","targetHints":{"allow":["GET"]}}],"collection":[{"href":"https:\/\/eldiariodesanpedro.com.ar\/sitio\/wp-json\/wp\/v2\/posts"}],"about":[{"href":"https:\/\/eldiariodesanpedro.com.ar\/sitio\/wp-json\/wp\/v2\/types\/post"}],"author":[{"embeddable":true,"href":"https:\/\/eldiariodesanpedro.com.ar\/sitio\/wp-json\/wp\/v2\/users\/4"}],"replies":[{"embeddable":true,"href":"https:\/\/eldiariodesanpedro.com.ar\/sitio\/wp-json\/wp\/v2\/comments?post=108165"}],"version-history":[{"count":1,"href":"https:\/\/eldiariodesanpedro.com.ar\/sitio\/wp-json\/wp\/v2\/posts\/108165\/revisions"}],"predecessor-version":[{"id":108169,"href":"https:\/\/eldiariodesanpedro.com.ar\/sitio\/wp-json\/wp\/v2\/posts\/108165\/revisions\/108169"}],"wp:featuredmedia":[{"embeddable":true,"href":"https:\/\/eldiariodesanpedro.com.ar\/sitio\/wp-json\/wp\/v2\/media\/108166"}],"wp:attachment":[{"href":"https:\/\/eldiariodesanpedro.com.ar\/sitio\/wp-json\/wp\/v2\/media?parent=108165"}],"wp:term":[{"taxonomy":"category","embeddable":true,"href":"https:\/\/eldiariodesanpedro.com.ar\/sitio\/wp-json\/wp\/v2\/categories?post=108165"},{"taxonomy":"post_tag","embeddable":true,"href":"https:\/\/eldiariodesanpedro.com.ar\/sitio\/wp-json\/wp\/v2\/tags?post=108165"}],"curies":[{"name":"wp","href":"https:\/\/api.w.org\/{rel}","templated":true}]}}