{"id":108155,"date":"2022-06-21T18:45:17","date_gmt":"2022-06-21T21:45:17","guid":{"rendered":"https:\/\/eldiariodesanpedro.com.ar\/sitio\/?p=108155"},"modified":"2022-06-21T18:45:17","modified_gmt":"2022-06-21T21:45:17","slug":"refacciones-e-iluminacion-en-la-plaza-de-la-madre-en-la-terminal-de-omnibus","status":"publish","type":"post","link":"https:\/\/eldiariodesanpedro.com.ar\/sitio\/refacciones-e-iluminacion-en-la-plaza-de-la-madre-en-la-terminal-de-omnibus\/","title":{"rendered":"Refacciones e iluminaci\u00f3n en la Plaza de la Madre en la Terminal de \u00d3mnibus"},"content":{"rendered":"<!-- VideographyWP Plugin Message: Automatic video embedding prevented by plugin options. -->\n\n<p>La Secretar\u00eda de Obras P\u00fablicas de la Municipalidad de San Pedro comparte las novedades sobre las tareas de refacci\u00f3n y perquisici\u00f3n en la Plaza de la Madre, ubicada en la manzana de la Terminal de \u00d3mnibus.<\/p>\n\n\n\n<p>En esa zona c\u00e9ntrica de la ciudad se instalaron nuevos juegos, se realizaron tareas de limpieza que permiten un mayor lucimiento de la intervenci\u00f3n art\u00edstica en los muros y se coloc\u00f3 nueva iluminaci\u00f3n LED.<\/p>\n\n\n\n<p>Adem\u00e1s, se completar\u00e1 el trabajo en el lugar con trabajos de poda.<\/p>\n\n\n\n<figure class=\"wp-block-image size-large\"><img decoding=\"async\" width=\"1024\" height=\"462\" data-attachment-id=\"108157\" data-permalink=\"https:\/\/eldiariodesanpedro.com.ar\/sitio\/refacciones-e-iluminacion-en-la-plaza-de-la-madre-en-la-terminal-de-omnibus\/whatsapp-image-2022-06-16-at-8-37-37-am\/\" data-orig-file=\"https:\/\/eldiariodesanpedro.com.ar\/sitio\/wp-content\/uploads\/2022\/06\/WhatsApp-Image-2022-06-16-at-8.37.37-AM.jpeg\" data-orig-size=\"1200,541\" data-comments-opened=\"0\" data-image-meta=\"{&quot;aperture&quot;:&quot;0&quot;,&quot;credit&quot;:&quot;&quot;,&quot;camera&quot;:&quot;&quot;,&quot;caption&quot;:&quot;&quot;,&quot;created_timestamp&quot;:&quot;0&quot;,&quot;copyright&quot;:&quot;&quot;,&quot;focal_length&quot;:&quot;0&quot;,&quot;iso&quot;:&quot;0&quot;,&quot;shutter_speed&quot;:&quot;0&quot;,&quot;title&quot;:&quot;&quot;,&quot;orientation&quot;:&quot;0&quot;}\" data-image-title=\"WhatsApp Image 2022-06-16 at 8.37.37 AM\" data-image-description=\"\" data-image-caption=\"\" data-large-file=\"https:\/\/eldiariodesanpedro.com.ar\/sitio\/wp-content\/uploads\/2022\/06\/WhatsApp-Image-2022-06-16-at-8.37.37-AM-1024x462.jpeg\" data-src=\"https:\/\/eldiariodesanpedro.com.ar\/sitio\/wp-content\/uploads\/2022\/06\/WhatsApp-Image-2022-06-16-at-8.37.37-AM-1024x462.jpeg\" alt=\"\" class=\"wp-image-108157 lazyload\" data-srcset=\"https:\/\/eldiariodesanpedro.com.ar\/sitio\/wp-content\/uploads\/2022\/06\/WhatsApp-Image-2022-06-16-at-8.37.37-AM-1024x462.jpeg 1024w, https:\/\/eldiariodesanpedro.com.ar\/sitio\/wp-content\/uploads\/2022\/06\/WhatsApp-Image-2022-06-16-at-8.37.37-AM-300x135.jpeg 300w, https:\/\/eldiariodesanpedro.com.ar\/sitio\/wp-content\/uploads\/2022\/06\/WhatsApp-Image-2022-06-16-at-8.37.37-AM-768x346.jpeg 768w, https:\/\/eldiariodesanpedro.com.ar\/sitio\/wp-content\/uploads\/2022\/06\/WhatsApp-Image-2022-06-16-at-8.37.37-AM.jpeg 1200w\" data-sizes=\"(max-width: 1024px) 100vw, 1024px\" src=\"data:image\/svg+xml;base64,PHN2ZyB3aWR0aD0iMSIgaGVpZ2h0PSIxIiB4bWxucz0iaHR0cDovL3d3dy53My5vcmcvMjAwMC9zdmciPjwvc3ZnPg==\" style=\"--smush-placeholder-width: 1024px; --smush-placeholder-aspect-ratio: 1024\/462;\" \/><\/figure>\n","protected":false},"excerpt":{"rendered":"<p>La Secretar\u00eda de Obras P\u00fablicas de la Municipalidad de San Pedro comparte las novedades sobre las tareas de refacci\u00f3n y perquisici\u00f3n en la Plaza de la Madre, ubicada en la manzana de la Terminal de \u00d3mnibus. En esa zona c\u00e9ntrica de la ciudad se instalaron nuevos juegos, se realizaron tareas de limpieza que permiten un [&hellip;]<\/p>\n","protected":false},"author":4,"featured_media":108156,"comment_status":"closed","ping_status":"closed","sticky":false,"template":"","format":"standard","meta":{"om_disable_all_campaigns":false,"_jetpack_memberships_contains_paid_content":false,"footnotes":""},"categories":[101,2],"tags":[197,696,33,19],"class_list":["post-108155","post","type-post","status-publish","format-standard","has-post-thumbnail","hentry","category-interes-general-locales","category-locales","tag-buenos-aires","tag-interes-general","tag-locales","tag-san-pedro"],"aioseo_notices":[],"gutentor_comment":0,"jetpack_featured_media_url":"https:\/\/eldiariodesanpedro.com.ar\/sitio\/wp-content\/uploads\/2022\/06\/WhatsApp-Image-2022-06-16-at-8.37.37-AM-1.jpeg","jetpack_shortlink":"https:\/\/wp.me\/p6RhLt-s8r","jetpack_sharing_enabled":true,"_links":{"self":[{"href":"https:\/\/eldiariodesanpedro.com.ar\/sitio\/wp-json\/wp\/v2\/posts\/108155","targetHints":{"allow":["GET"]}}],"collection":[{"href":"https:\/\/eldiariodesanpedro.com.ar\/sitio\/wp-json\/wp\/v2\/posts"}],"about":[{"href":"https:\/\/eldiariodesanpedro.com.ar\/sitio\/wp-json\/wp\/v2\/types\/post"}],"author":[{"embeddable":true,"href":"https:\/\/eldiariodesanpedro.com.ar\/sitio\/wp-json\/wp\/v2\/users\/4"}],"replies":[{"embeddable":true,"href":"https:\/\/eldiariodesanpedro.com.ar\/sitio\/wp-json\/wp\/v2\/comments?post=108155"}],"version-history":[{"count":1,"href":"https:\/\/eldiariodesanpedro.com.ar\/sitio\/wp-json\/wp\/v2\/posts\/108155\/revisions"}],"predecessor-version":[{"id":108158,"href":"https:\/\/eldiariodesanpedro.com.ar\/sitio\/wp-json\/wp\/v2\/posts\/108155\/revisions\/108158"}],"wp:featuredmedia":[{"embeddable":true,"href":"https:\/\/eldiariodesanpedro.com.ar\/sitio\/wp-json\/wp\/v2\/media\/108156"}],"wp:attachment":[{"href":"https:\/\/eldiariodesanpedro.com.ar\/sitio\/wp-json\/wp\/v2\/media?parent=108155"}],"wp:term":[{"taxonomy":"category","embeddable":true,"href":"https:\/\/eldiariodesanpedro.com.ar\/sitio\/wp-json\/wp\/v2\/categories?post=108155"},{"taxonomy":"post_tag","embeddable":true,"href":"https:\/\/eldiariodesanpedro.com.ar\/sitio\/wp-json\/wp\/v2\/tags?post=108155"}],"curies":[{"name":"wp","href":"https:\/\/api.w.org\/{rel}","templated":true}]}}