{"id":108149,"date":"2022-06-21T11:23:21","date_gmt":"2022-06-21T14:23:21","guid":{"rendered":"https:\/\/eldiariodesanpedro.com.ar\/sitio\/?p=108149"},"modified":"2022-06-21T11:23:21","modified_gmt":"2022-06-21T14:23:21","slug":"descubren-rastros-del-mar-de-hace-5-000-anos-en-vuelta-de-obligado-a-18-km-de-san-pedro","status":"publish","type":"post","link":"https:\/\/eldiariodesanpedro.com.ar\/sitio\/descubren-rastros-del-mar-de-hace-5-000-anos-en-vuelta-de-obligado-a-18-km-de-san-pedro\/","title":{"rendered":"Descubren rastros del mar de hace 5.000 a\u00f1os en Vuelta de Obligado, a 18 km de San Pedro"},"content":{"rendered":"<!-- VideographyWP Plugin Message: Automatic video embedding prevented by plugin options. -->\n\n<p>El equipo del Museo Paleontol\u00f3gico de San Pedro identific\u00f3 un sector de sedimentos arenosos depositados durante el \u00faltimo ingreso del mar a la regi\u00f3n y logr\u00f3 recuperar restos de moluscos que habitaron aquellas aguas salobres. El hallazgo, efectuado a unos&nbsp;<strong>1.500 metros aguas abajo del sitio hist\u00f3rico<\/strong>, fue realizado por Jos\u00e9 Luis Aguilar y Javier Saucedo, integrantes del&nbsp;<strong>Grupo Conservacionista de F\u00f3siles<\/strong>.<\/p>\n\n\n\n<p>Este descubrimiento comenz\u00f3 hace tiempo atr\u00e1s, cuando un pico de bajante en el r\u00edo Paran\u00e1 y durante un recorrido de rutina del grupo del museo, permiti\u00f3 visualizar una franja de sedimentos amarillentos-verdosos depositados bajo la barranca que normalmente podemos ver a orillas del r\u00edo.<\/p>\n\n\n\n<p>Lamentablemente, en aquel momento, el agua subi\u00f3 con rapidez y cubri\u00f3 el sector de inter\u00e9s durante varios meses. Pero en las \u00faltimas semanas, el equipo del museo volvi\u00f3 al lugar y se lograron recuperar&nbsp;<strong>numerosos moluscos f\u00f3siles<\/strong>&nbsp;y tomar&nbsp;<strong>im\u00e1genes detalladas<\/strong>&nbsp;de la capa sedimentaria que conten\u00eda los restos, antes de que \u00e9stos volvieran a ser cubiertos por el r\u00edo.<\/p>\n\n\n\n<p>Esos dep\u00f3sitos de arenas arcillosas fueron parte de un sistema de playas de poca profundidad que se formaron en la zona producto de aquella entrada del mar a la regi\u00f3n y fueron erosionando los sectores bajos del norte bonaerense durante un lapso de tiempo ubicado entre los 7.500 y los 3.000 a\u00f1os atr\u00e1s, durante el Holoceno medio.<\/p>\n\n\n\n<p>En los \u00faltimos a\u00f1os, el Grupo Conservacionista ha relevado diferentes puntos con el fin de certificar este ingreso del mar en todo el frente del partido de San Pedro que da al r\u00edo Paran\u00e1.<\/p>\n\n\n\n<p>En este sentido, este descubrimiento en\u00a0<strong>Vuelta de Obligado<\/strong>\u00a0aporta un dato interesante ya que es el sector m\u00e1s al norte del partido donde se registraron y recuperaron restos de la \u00faltima ingresi\u00f3n marina y algunas de las formas de vida que habitaron en ella.<\/p>\n\n\n\n<figure class=\"wp-block-image size-full\"><img decoding=\"async\" width=\"840\" height=\"630\" data-attachment-id=\"108150\" data-permalink=\"https:\/\/eldiariodesanpedro.com.ar\/sitio\/descubren-rastros-del-mar-de-hace-5-000-anos-en-vuelta-de-obligado-a-18-km-de-san-pedro\/img_20220617_160658957_3\/\" data-orig-file=\"https:\/\/eldiariodesanpedro.com.ar\/sitio\/wp-content\/uploads\/2022\/06\/IMG_20220617_160658957_3.jpg\" data-orig-size=\"840,630\" data-comments-opened=\"0\" data-image-meta=\"{&quot;aperture&quot;:&quot;1.7&quot;,&quot;credit&quot;:&quot;&quot;,&quot;camera&quot;:&quot;moto g(8)&quot;,&quot;caption&quot;:&quot;&quot;,&quot;created_timestamp&quot;:&quot;1655482019&quot;,&quot;copyright&quot;:&quot;&quot;,&quot;focal_length&quot;:&quot;4.05&quot;,&quot;iso&quot;:&quot;100&quot;,&quot;shutter_speed&quot;:&quot;0.00081900081900082&quot;,&quot;title&quot;:&quot;&quot;,&quot;orientation&quot;:&quot;1&quot;}\" data-image-title=\"IMG_20220617_160658957_3\" data-image-description=\"\" data-image-caption=\"\" data-large-file=\"https:\/\/eldiariodesanpedro.com.ar\/sitio\/wp-content\/uploads\/2022\/06\/IMG_20220617_160658957_3.jpg\" data-src=\"https:\/\/eldiariodesanpedro.com.ar\/sitio\/wp-content\/uploads\/2022\/06\/IMG_20220617_160658957_3.jpg\" alt=\"\" class=\"wp-image-108150 lazyload\" data-srcset=\"https:\/\/eldiariodesanpedro.com.ar\/sitio\/wp-content\/uploads\/2022\/06\/IMG_20220617_160658957_3.jpg 840w, https:\/\/eldiariodesanpedro.com.ar\/sitio\/wp-content\/uploads\/2022\/06\/IMG_20220617_160658957_3-300x225.jpg 300w, https:\/\/eldiariodesanpedro.com.ar\/sitio\/wp-content\/uploads\/2022\/06\/IMG_20220617_160658957_3-768x576.jpg 768w\" data-sizes=\"(max-width: 840px) 100vw, 840px\" src=\"data:image\/svg+xml;base64,PHN2ZyB3aWR0aD0iMSIgaGVpZ2h0PSIxIiB4bWxucz0iaHR0cDovL3d3dy53My5vcmcvMjAwMC9zdmciPjwvc3ZnPg==\" style=\"--smush-placeholder-width: 840px; --smush-placeholder-aspect-ratio: 840\/630;\" \/><\/figure>\n","protected":false},"excerpt":{"rendered":"<p>El equipo del Museo Paleontol\u00f3gico de San Pedro identific\u00f3 un sector de sedimentos arenosos depositados durante el \u00faltimo ingreso del mar a la regi\u00f3n y logr\u00f3 recuperar restos de moluscos que habitaron aquellas aguas salobres. El hallazgo, efectuado a unos&nbsp;1.500 metros aguas abajo del sitio hist\u00f3rico, fue realizado por Jos\u00e9 Luis Aguilar y Javier Saucedo, [&hellip;]<\/p>\n","protected":false},"author":4,"featured_media":108151,"comment_status":"closed","ping_status":"closed","sticky":false,"template":"","format":"standard","meta":{"om_disable_all_campaigns":false,"_jetpack_memberships_contains_paid_content":false,"footnotes":""},"categories":[50,101,2],"tags":[197,33,95,19],"class_list":["post-108149","post","type-post","status-publish","format-standard","has-post-thumbnail","hentry","category-destacadas","category-interes-general-locales","category-locales","tag-buenos-aires","tag-locales","tag-policiales","tag-san-pedro"],"aioseo_notices":[],"gutentor_comment":0,"jetpack_featured_media_url":"https:\/\/eldiariodesanpedro.com.ar\/sitio\/wp-content\/uploads\/2022\/06\/LUGAR-MOLUSCOS.jpg","jetpack_shortlink":"https:\/\/wp.me\/p6RhLt-s8l","jetpack_sharing_enabled":true,"_links":{"self":[{"href":"https:\/\/eldiariodesanpedro.com.ar\/sitio\/wp-json\/wp\/v2\/posts\/108149","targetHints":{"allow":["GET"]}}],"collection":[{"href":"https:\/\/eldiariodesanpedro.com.ar\/sitio\/wp-json\/wp\/v2\/posts"}],"about":[{"href":"https:\/\/eldiariodesanpedro.com.ar\/sitio\/wp-json\/wp\/v2\/types\/post"}],"author":[{"embeddable":true,"href":"https:\/\/eldiariodesanpedro.com.ar\/sitio\/wp-json\/wp\/v2\/users\/4"}],"replies":[{"embeddable":true,"href":"https:\/\/eldiariodesanpedro.com.ar\/sitio\/wp-json\/wp\/v2\/comments?post=108149"}],"version-history":[{"count":1,"href":"https:\/\/eldiariodesanpedro.com.ar\/sitio\/wp-json\/wp\/v2\/posts\/108149\/revisions"}],"predecessor-version":[{"id":108152,"href":"https:\/\/eldiariodesanpedro.com.ar\/sitio\/wp-json\/wp\/v2\/posts\/108149\/revisions\/108152"}],"wp:featuredmedia":[{"embeddable":true,"href":"https:\/\/eldiariodesanpedro.com.ar\/sitio\/wp-json\/wp\/v2\/media\/108151"}],"wp:attachment":[{"href":"https:\/\/eldiariodesanpedro.com.ar\/sitio\/wp-json\/wp\/v2\/media?parent=108149"}],"wp:term":[{"taxonomy":"category","embeddable":true,"href":"https:\/\/eldiariodesanpedro.com.ar\/sitio\/wp-json\/wp\/v2\/categories?post=108149"},{"taxonomy":"post_tag","embeddable":true,"href":"https:\/\/eldiariodesanpedro.com.ar\/sitio\/wp-json\/wp\/v2\/tags?post=108149"}],"curies":[{"name":"wp","href":"https:\/\/api.w.org\/{rel}","templated":true}]}}