{"id":108132,"date":"2022-06-15T22:03:32","date_gmt":"2022-06-16T01:03:32","guid":{"rendered":"https:\/\/eldiariodesanpedro.com.ar\/sitio\/?p=108132"},"modified":"2022-06-15T22:03:33","modified_gmt":"2022-06-16T01:03:33","slug":"un-herido-de-arma-blanca-en-confrontamiento-vecinal-por-problemas-de-larga-data","status":"publish","type":"post","link":"https:\/\/eldiariodesanpedro.com.ar\/sitio\/un-herido-de-arma-blanca-en-confrontamiento-vecinal-por-problemas-de-larga-data\/","title":{"rendered":"Un herido de arma blanca en confrontamiento vecinal por problemas de larga data"},"content":{"rendered":"<!-- VideographyWP Plugin Message: Automatic video embedding prevented by plugin options. -->\n\n<p>Ocurri\u00f3 alrededor de las 14.30 de este mi\u00e9rcoles. Dos personas que tienen conflicto de vieja data discutieron y uno apu\u00f1al\u00f3 al otro. El agresor escap\u00f3 del lugar y el herido fue llevado por allegados hasta el Hospital, donde evaluaban el car\u00e1cter de las lesiones.<\/p>\n\n\n\n<p>Una persona fue apu\u00f1alada y recib\u00eda asistencia en el Hospital, donde arrib\u00f3 por sus propios medios luego de una pelea en la que result\u00f3 herido.<\/p>\n\n\n\n<p>El episodio ocurri\u00f3 alrededor de las 14.30 en la zona de Caroni y Jos\u00e9 Hern\u00e1ndez, en inmediaciones de donde reside el herido, quien discuti\u00f3 con una persona con la que mantiene diferencias de larga data y result\u00f3 atacado con un arma blanca.<\/p>\n\n\n\n<p>El agresor escap\u00f3 de la escena y la v\u00edctima fue trasladada por allegados en autom\u00f3vil hasta la Guardia del Hospital, donde era asistido por el personal m\u00e9dico del Servicio de Emergencias, que evaluaba el car\u00e1cter de las lesiones.about:blank<\/p>\n\n\n\n<p>La Polic\u00eda intervino en la zona en procura de hallar al agresor, sin \u00e9xito. De acuerdo a las primeras reconstrucciones que pudieron hacerse en el barrio, tanto el herido como el que le asest\u00f3 la pu\u00f1alada ser\u00edan vecinos de la zona y mantendr\u00edan un enfrentamiento entre s\u00ed desde hace tiempo.<\/p>\n\n\n\n<p>fuente: La Opinion<\/p>\n\n\n\n<p><a href=\"https:\/\/www.laopinionsemanario.com.ar\/secciones\/policiales\/\"><\/a><\/p>\n","protected":false},"excerpt":{"rendered":"<p>Ocurri\u00f3 alrededor de las 14.30 de este mi\u00e9rcoles. Dos personas que tienen conflicto de vieja data discutieron y uno apu\u00f1al\u00f3 al otro. El agresor escap\u00f3 del lugar y el herido fue llevado por allegados hasta el Hospital, donde evaluaban el car\u00e1cter de las lesiones. Una persona fue apu\u00f1alada y recib\u00eda asistencia en el Hospital, donde [&hellip;]<\/p>\n","protected":false},"author":4,"featured_media":62308,"comment_status":"closed","ping_status":"closed","sticky":false,"template":"","format":"standard","meta":{"om_disable_all_campaigns":false,"_jetpack_memberships_contains_paid_content":false,"footnotes":""},"categories":[50,2,103],"tags":[197,33,95,19],"class_list":["post-108132","post","type-post","status-publish","format-standard","has-post-thumbnail","hentry","category-destacadas","category-locales","category-policiales-locales","tag-buenos-aires","tag-locales","tag-policiales","tag-san-pedro"],"aioseo_notices":[],"gutentor_comment":0,"jetpack_featured_media_url":"https:\/\/eldiariodesanpedro.com.ar\/sitio\/wp-content\/uploads\/2019\/10\/guardia-1.jpg","jetpack_shortlink":"https:\/\/wp.me\/p6RhLt-s84","jetpack_sharing_enabled":true,"_links":{"self":[{"href":"https:\/\/eldiariodesanpedro.com.ar\/sitio\/wp-json\/wp\/v2\/posts\/108132","targetHints":{"allow":["GET"]}}],"collection":[{"href":"https:\/\/eldiariodesanpedro.com.ar\/sitio\/wp-json\/wp\/v2\/posts"}],"about":[{"href":"https:\/\/eldiariodesanpedro.com.ar\/sitio\/wp-json\/wp\/v2\/types\/post"}],"author":[{"embeddable":true,"href":"https:\/\/eldiariodesanpedro.com.ar\/sitio\/wp-json\/wp\/v2\/users\/4"}],"replies":[{"embeddable":true,"href":"https:\/\/eldiariodesanpedro.com.ar\/sitio\/wp-json\/wp\/v2\/comments?post=108132"}],"version-history":[{"count":1,"href":"https:\/\/eldiariodesanpedro.com.ar\/sitio\/wp-json\/wp\/v2\/posts\/108132\/revisions"}],"predecessor-version":[{"id":108133,"href":"https:\/\/eldiariodesanpedro.com.ar\/sitio\/wp-json\/wp\/v2\/posts\/108132\/revisions\/108133"}],"wp:featuredmedia":[{"embeddable":true,"href":"https:\/\/eldiariodesanpedro.com.ar\/sitio\/wp-json\/wp\/v2\/media\/62308"}],"wp:attachment":[{"href":"https:\/\/eldiariodesanpedro.com.ar\/sitio\/wp-json\/wp\/v2\/media?parent=108132"}],"wp:term":[{"taxonomy":"category","embeddable":true,"href":"https:\/\/eldiariodesanpedro.com.ar\/sitio\/wp-json\/wp\/v2\/categories?post=108132"},{"taxonomy":"post_tag","embeddable":true,"href":"https:\/\/eldiariodesanpedro.com.ar\/sitio\/wp-json\/wp\/v2\/tags?post=108132"}],"curies":[{"name":"wp","href":"https:\/\/api.w.org\/{rel}","templated":true}]}}