{"id":108129,"date":"2022-06-15T18:32:37","date_gmt":"2022-06-15T21:32:37","guid":{"rendered":"https:\/\/eldiariodesanpedro.com.ar\/sitio\/?p=108129"},"modified":"2022-06-15T18:32:37","modified_gmt":"2022-06-15T21:32:37","slug":"secuestraron-un-utilitario-que-fue-robado-el-dia-de-ayer-en-la-ciudad-de-la-plata","status":"publish","type":"post","link":"https:\/\/eldiariodesanpedro.com.ar\/sitio\/secuestraron-un-utilitario-que-fue-robado-el-dia-de-ayer-en-la-ciudad-de-la-plata\/","title":{"rendered":"Secuestraron un utilitario que fue robado el d\u00eda de ayer en la ciudad de La Plata"},"content":{"rendered":"<!-- VideographyWP Plugin Message: Automatic video embedding prevented by plugin options. -->\n\n<p>Un utilitario Fiat Fiorino fue hallado este mi\u00e9rcoles en la v\u00eda p\u00fablica. Al certificar la patente en el sistema establecieron que ten\u00eda pedido de secuestro desde el martes en la capital provincial por haber sido robada.<\/p>\n\n\n\n<p>Este mi\u00e9rcoles personal policial recuper\u00f3 un veh\u00edculo que ten\u00eda pedido de secuestro por robo en la ciudad de La Plata, luego de certificar a trav\u00e9s del sistema que hab\u00eda sido denunciado en esa ciudad.<\/p>\n\n\n\n<p>El hallazgo se produjo en la zona de Magliotti y Litoral, donde el personal policial fue alertado sobre la presencia de un utilitario Fiat Fiorini en situaci\u00f3n de abandono y sin ocupantes.<\/p>\n\n\n\n<p>Al verificar el estado en el sistema, a trav\u00e9s del n\u00famero de chapa patente, la polic\u00eda estableci\u00f3 que la camioneta ten\u00eda denuncia por robo y reg\u00eda sobre ella un pedido de secuestro activo.<\/p>\n\n\n\n<p>El robo fue denunciado el martes en la ciudad de La Plata, por lo que interviene en el caso una fiscal\u00eda de esa zona. En San Pedro se practicar\u00e1n pericias de rigor para luego remitir el veh\u00edculo a la capital provincial para que la Justicia platense se ocupa de su restituci\u00f3n al propietario.<\/p>\n\n\n\n<p>Fuente: La opini\u00f3n<\/p>\n\n\n\n<p><a href=\"https:\/\/www.laopinionsemanario.com.ar\/secciones\/policiales\/\"><\/a><\/p>\n","protected":false},"excerpt":{"rendered":"<p>Un utilitario Fiat Fiorino fue hallado este mi\u00e9rcoles en la v\u00eda p\u00fablica. Al certificar la patente en el sistema establecieron que ten\u00eda pedido de secuestro desde el martes en la capital provincial por haber sido robada. Este mi\u00e9rcoles personal policial recuper\u00f3 un veh\u00edculo que ten\u00eda pedido de secuestro por robo en la ciudad de La [&hellip;]<\/p>\n","protected":false},"author":4,"featured_media":108130,"comment_status":"closed","ping_status":"closed","sticky":false,"template":"","format":"standard","meta":{"om_disable_all_campaigns":false,"_jetpack_memberships_contains_paid_content":false,"footnotes":""},"categories":[2,103],"tags":[197,33,95,19],"class_list":["post-108129","post","type-post","status-publish","format-standard","has-post-thumbnail","hentry","category-locales","category-policiales-locales","tag-buenos-aires","tag-locales","tag-policiales","tag-san-pedro"],"aioseo_notices":[],"gutentor_comment":0,"jetpack_featured_media_url":"https:\/\/eldiariodesanpedro.com.ar\/sitio\/wp-content\/uploads\/2022\/06\/e7a79187-f55d-4c5c-bf59-a82031a5654f.jpg","jetpack_shortlink":"https:\/\/wp.me\/p6RhLt-s81","jetpack_sharing_enabled":true,"_links":{"self":[{"href":"https:\/\/eldiariodesanpedro.com.ar\/sitio\/wp-json\/wp\/v2\/posts\/108129","targetHints":{"allow":["GET"]}}],"collection":[{"href":"https:\/\/eldiariodesanpedro.com.ar\/sitio\/wp-json\/wp\/v2\/posts"}],"about":[{"href":"https:\/\/eldiariodesanpedro.com.ar\/sitio\/wp-json\/wp\/v2\/types\/post"}],"author":[{"embeddable":true,"href":"https:\/\/eldiariodesanpedro.com.ar\/sitio\/wp-json\/wp\/v2\/users\/4"}],"replies":[{"embeddable":true,"href":"https:\/\/eldiariodesanpedro.com.ar\/sitio\/wp-json\/wp\/v2\/comments?post=108129"}],"version-history":[{"count":1,"href":"https:\/\/eldiariodesanpedro.com.ar\/sitio\/wp-json\/wp\/v2\/posts\/108129\/revisions"}],"predecessor-version":[{"id":108131,"href":"https:\/\/eldiariodesanpedro.com.ar\/sitio\/wp-json\/wp\/v2\/posts\/108129\/revisions\/108131"}],"wp:featuredmedia":[{"embeddable":true,"href":"https:\/\/eldiariodesanpedro.com.ar\/sitio\/wp-json\/wp\/v2\/media\/108130"}],"wp:attachment":[{"href":"https:\/\/eldiariodesanpedro.com.ar\/sitio\/wp-json\/wp\/v2\/media?parent=108129"}],"wp:term":[{"taxonomy":"category","embeddable":true,"href":"https:\/\/eldiariodesanpedro.com.ar\/sitio\/wp-json\/wp\/v2\/categories?post=108129"},{"taxonomy":"post_tag","embeddable":true,"href":"https:\/\/eldiariodesanpedro.com.ar\/sitio\/wp-json\/wp\/v2\/tags?post=108129"}],"curies":[{"name":"wp","href":"https:\/\/api.w.org\/{rel}","templated":true}]}}