{"id":108123,"date":"2022-06-15T18:28:43","date_gmt":"2022-06-15T21:28:43","guid":{"rendered":"https:\/\/eldiariodesanpedro.com.ar\/sitio\/?p=108123"},"modified":"2022-06-15T18:28:43","modified_gmt":"2022-06-15T21:28:43","slug":"un-camion-de-una-empresa-de-agua-arranco-el-semaforo-de-mitre-y-3-de-febrero","status":"publish","type":"post","link":"https:\/\/eldiariodesanpedro.com.ar\/sitio\/un-camion-de-una-empresa-de-agua-arranco-el-semaforo-de-mitre-y-3-de-febrero\/","title":{"rendered":"Un cami\u00f3n de una empresa de agua arranco el sem\u00e1foro de Mitre y 3 de Febrero"},"content":{"rendered":"<!-- VideographyWP Plugin Message: Automatic video embedding prevented by plugin options. -->\n\n<p>Sucedi\u00f3 alrededor de las 16.00 de este mi\u00e9rcoles. El veh\u00edculo da\u00f1\u00f3 el dispositivo, que qued\u00f3 completo en la vereda. Inspecci\u00f3n dirig\u00eda el tr\u00e1nsito junto a Polic\u00eda. Aguardaban a personal municipal para evaluar la reposici\u00f3n. El chofer del cami\u00f3n, perteneciente a una empresa distribuidora de agua, entreg\u00f3 el aparato a inspectores y se retir\u00f3 del lugar.<\/p>\n\n\n\n<p>Un cami\u00f3n que doblaba desde calle Mitre hacia 3 de Febrero choc\u00f3 el sem\u00e1foro ubicado en esa esquina y lo separ\u00f3 por completo del poste que lo sostiene.<\/p>\n\n\n\n<p>\u201cLo arranc\u00f3 entero\u201d, comentaron vecinos de la zona a La Opini\u00f3n. El accidente ocurri\u00f3 alrededor de las 16.00 de este mi\u00e9rcoles, protagonizado por un veh\u00edculo de una empresa distribuidora de agua envasada.<\/p>\n\n\n\n<p>El chofer del cami\u00f3n entreg\u00f3 el dispositivo a personal de la Direcci\u00f3n de Tr\u00e1nsito que se acerc\u00f3 al lugar pero no se qued\u00f3 sino que se retir\u00f3 sin esperar las actuaciones de rigor.about:blank<\/p>\n\n\n\n<p>Inspectores y efectivos policiales dirig\u00edan el tr\u00e1nsito en esa esquina del centro de la ciudad para evitar accidentes en la avenida, mientras aguardaban el arribo del personal municipal que evaluar\u00e1 la tarea a emprender para la reposici\u00f3n del sem\u00e1foro.<\/p>\n\n\n\n<p>Fuente: La opini\u00f3n <\/p>\n\n\n\n<figure class=\"wp-block-image size-large\"><img decoding=\"async\" width=\"1024\" height=\"497\" data-attachment-id=\"108126\" data-permalink=\"https:\/\/eldiariodesanpedro.com.ar\/sitio\/un-camion-de-una-empresa-de-agua-arranco-el-semaforo-de-mitre-y-3-de-febrero\/whatsapp-image-2022-06-15-at-4-28-14-pm\/\" data-orig-file=\"https:\/\/eldiariodesanpedro.com.ar\/sitio\/wp-content\/uploads\/2022\/06\/WhatsApp-Image-2022-06-15-at-4.28.14-PM.jpeg\" data-orig-size=\"1200,583\" data-comments-opened=\"0\" data-image-meta=\"{&quot;aperture&quot;:&quot;0&quot;,&quot;credit&quot;:&quot;&quot;,&quot;camera&quot;:&quot;&quot;,&quot;caption&quot;:&quot;&quot;,&quot;created_timestamp&quot;:&quot;0&quot;,&quot;copyright&quot;:&quot;&quot;,&quot;focal_length&quot;:&quot;0&quot;,&quot;iso&quot;:&quot;0&quot;,&quot;shutter_speed&quot;:&quot;0&quot;,&quot;title&quot;:&quot;&quot;,&quot;orientation&quot;:&quot;0&quot;}\" data-image-title=\"WhatsApp Image 2022-06-15 at 4.28.14 PM\" data-image-description=\"\" data-image-caption=\"\" data-large-file=\"https:\/\/eldiariodesanpedro.com.ar\/sitio\/wp-content\/uploads\/2022\/06\/WhatsApp-Image-2022-06-15-at-4.28.14-PM-1024x497.jpeg\" data-src=\"https:\/\/eldiariodesanpedro.com.ar\/sitio\/wp-content\/uploads\/2022\/06\/WhatsApp-Image-2022-06-15-at-4.28.14-PM-1024x497.jpeg\" alt=\"\" class=\"wp-image-108126 lazyload\" data-srcset=\"https:\/\/eldiariodesanpedro.com.ar\/sitio\/wp-content\/uploads\/2022\/06\/WhatsApp-Image-2022-06-15-at-4.28.14-PM-1024x497.jpeg 1024w, https:\/\/eldiariodesanpedro.com.ar\/sitio\/wp-content\/uploads\/2022\/06\/WhatsApp-Image-2022-06-15-at-4.28.14-PM-300x146.jpeg 300w, https:\/\/eldiariodesanpedro.com.ar\/sitio\/wp-content\/uploads\/2022\/06\/WhatsApp-Image-2022-06-15-at-4.28.14-PM-768x373.jpeg 768w, https:\/\/eldiariodesanpedro.com.ar\/sitio\/wp-content\/uploads\/2022\/06\/WhatsApp-Image-2022-06-15-at-4.28.14-PM.jpeg 1200w\" data-sizes=\"(max-width: 1024px) 100vw, 1024px\" src=\"data:image\/svg+xml;base64,PHN2ZyB3aWR0aD0iMSIgaGVpZ2h0PSIxIiB4bWxucz0iaHR0cDovL3d3dy53My5vcmcvMjAwMC9zdmciPjwvc3ZnPg==\" style=\"--smush-placeholder-width: 1024px; --smush-placeholder-aspect-ratio: 1024\/497;\" \/><\/figure>\n\n\n\n<figure class=\"wp-block-image size-large\"><img decoding=\"async\" width=\"1024\" height=\"497\" data-attachment-id=\"108124\" data-permalink=\"https:\/\/eldiariodesanpedro.com.ar\/sitio\/un-camion-de-una-empresa-de-agua-arranco-el-semaforo-de-mitre-y-3-de-febrero\/whatsapp-image-2022-06-15-at-4-24-48-pm\/\" data-orig-file=\"https:\/\/eldiariodesanpedro.com.ar\/sitio\/wp-content\/uploads\/2022\/06\/WhatsApp-Image-2022-06-15-at-4.24.48-PM.jpeg\" data-orig-size=\"1200,583\" data-comments-opened=\"0\" data-image-meta=\"{&quot;aperture&quot;:&quot;0&quot;,&quot;credit&quot;:&quot;&quot;,&quot;camera&quot;:&quot;&quot;,&quot;caption&quot;:&quot;&quot;,&quot;created_timestamp&quot;:&quot;0&quot;,&quot;copyright&quot;:&quot;&quot;,&quot;focal_length&quot;:&quot;0&quot;,&quot;iso&quot;:&quot;0&quot;,&quot;shutter_speed&quot;:&quot;0&quot;,&quot;title&quot;:&quot;&quot;,&quot;orientation&quot;:&quot;0&quot;}\" data-image-title=\"WhatsApp Image 2022-06-15 at 4.24.48 PM\" data-image-description=\"\" data-image-caption=\"\" data-large-file=\"https:\/\/eldiariodesanpedro.com.ar\/sitio\/wp-content\/uploads\/2022\/06\/WhatsApp-Image-2022-06-15-at-4.24.48-PM-1024x497.jpeg\" data-src=\"https:\/\/eldiariodesanpedro.com.ar\/sitio\/wp-content\/uploads\/2022\/06\/WhatsApp-Image-2022-06-15-at-4.24.48-PM-1024x497.jpeg\" alt=\"\" class=\"wp-image-108124 lazyload\" data-srcset=\"https:\/\/eldiariodesanpedro.com.ar\/sitio\/wp-content\/uploads\/2022\/06\/WhatsApp-Image-2022-06-15-at-4.24.48-PM-1024x497.jpeg 1024w, https:\/\/eldiariodesanpedro.com.ar\/sitio\/wp-content\/uploads\/2022\/06\/WhatsApp-Image-2022-06-15-at-4.24.48-PM-300x146.jpeg 300w, https:\/\/eldiariodesanpedro.com.ar\/sitio\/wp-content\/uploads\/2022\/06\/WhatsApp-Image-2022-06-15-at-4.24.48-PM-768x373.jpeg 768w, https:\/\/eldiariodesanpedro.com.ar\/sitio\/wp-content\/uploads\/2022\/06\/WhatsApp-Image-2022-06-15-at-4.24.48-PM.jpeg 1200w\" data-sizes=\"(max-width: 1024px) 100vw, 1024px\" src=\"data:image\/svg+xml;base64,PHN2ZyB3aWR0aD0iMSIgaGVpZ2h0PSIxIiB4bWxucz0iaHR0cDovL3d3dy53My5vcmcvMjAwMC9zdmciPjwvc3ZnPg==\" style=\"--smush-placeholder-width: 1024px; --smush-placeholder-aspect-ratio: 1024\/497;\" \/><\/figure>\n\n\n\n<figure class=\"wp-block-image size-large\"><img decoding=\"async\" width=\"1024\" height=\"497\" data-attachment-id=\"108125\" data-permalink=\"https:\/\/eldiariodesanpedro.com.ar\/sitio\/un-camion-de-una-empresa-de-agua-arranco-el-semaforo-de-mitre-y-3-de-febrero\/whatsapp-image-2022-06-15-at-4-24-49-pm\/\" data-orig-file=\"https:\/\/eldiariodesanpedro.com.ar\/sitio\/wp-content\/uploads\/2022\/06\/WhatsApp-Image-2022-06-15-at-4.24.49-PM.jpeg\" data-orig-size=\"1200,583\" data-comments-opened=\"0\" data-image-meta=\"{&quot;aperture&quot;:&quot;0&quot;,&quot;credit&quot;:&quot;&quot;,&quot;camera&quot;:&quot;&quot;,&quot;caption&quot;:&quot;&quot;,&quot;created_timestamp&quot;:&quot;0&quot;,&quot;copyright&quot;:&quot;&quot;,&quot;focal_length&quot;:&quot;0&quot;,&quot;iso&quot;:&quot;0&quot;,&quot;shutter_speed&quot;:&quot;0&quot;,&quot;title&quot;:&quot;&quot;,&quot;orientation&quot;:&quot;0&quot;}\" data-image-title=\"WhatsApp Image 2022-06-15 at 4.24.49 PM\" data-image-description=\"\" data-image-caption=\"\" data-large-file=\"https:\/\/eldiariodesanpedro.com.ar\/sitio\/wp-content\/uploads\/2022\/06\/WhatsApp-Image-2022-06-15-at-4.24.49-PM-1024x497.jpeg\" data-src=\"https:\/\/eldiariodesanpedro.com.ar\/sitio\/wp-content\/uploads\/2022\/06\/WhatsApp-Image-2022-06-15-at-4.24.49-PM-1024x497.jpeg\" alt=\"\" class=\"wp-image-108125 lazyload\" data-srcset=\"https:\/\/eldiariodesanpedro.com.ar\/sitio\/wp-content\/uploads\/2022\/06\/WhatsApp-Image-2022-06-15-at-4.24.49-PM-1024x497.jpeg 1024w, https:\/\/eldiariodesanpedro.com.ar\/sitio\/wp-content\/uploads\/2022\/06\/WhatsApp-Image-2022-06-15-at-4.24.49-PM-300x146.jpeg 300w, https:\/\/eldiariodesanpedro.com.ar\/sitio\/wp-content\/uploads\/2022\/06\/WhatsApp-Image-2022-06-15-at-4.24.49-PM-768x373.jpeg 768w, https:\/\/eldiariodesanpedro.com.ar\/sitio\/wp-content\/uploads\/2022\/06\/WhatsApp-Image-2022-06-15-at-4.24.49-PM.jpeg 1200w\" data-sizes=\"(max-width: 1024px) 100vw, 1024px\" src=\"data:image\/svg+xml;base64,PHN2ZyB3aWR0aD0iMSIgaGVpZ2h0PSIxIiB4bWxucz0iaHR0cDovL3d3dy53My5vcmcvMjAwMC9zdmciPjwvc3ZnPg==\" style=\"--smush-placeholder-width: 1024px; --smush-placeholder-aspect-ratio: 1024\/497;\" \/><\/figure>\n\n\n\n<p><a href=\"https:\/\/www.laopinionsemanario.com.ar\/secciones\/informacion-general\/\"><\/a><\/p>\n","protected":false},"excerpt":{"rendered":"<p>Sucedi\u00f3 alrededor de las 16.00 de este mi\u00e9rcoles. El veh\u00edculo da\u00f1\u00f3 el dispositivo, que qued\u00f3 completo en la vereda. Inspecci\u00f3n dirig\u00eda el tr\u00e1nsito junto a Polic\u00eda. Aguardaban a personal municipal para evaluar la reposici\u00f3n. El chofer del cami\u00f3n, perteneciente a una empresa distribuidora de agua, entreg\u00f3 el aparato a inspectores y se retir\u00f3 del lugar. [&hellip;]<\/p>\n","protected":false},"author":4,"featured_media":108127,"comment_status":"closed","ping_status":"closed","sticky":false,"template":"","format":"standard","meta":{"om_disable_all_campaigns":false,"_jetpack_memberships_contains_paid_content":false,"footnotes":""},"categories":[50,2,103],"tags":[197,33,19],"class_list":["post-108123","post","type-post","status-publish","format-standard","has-post-thumbnail","hentry","category-destacadas","category-locales","category-policiales-locales","tag-buenos-aires","tag-locales","tag-san-pedro"],"aioseo_notices":[],"gutentor_comment":0,"jetpack_featured_media_url":"https:\/\/eldiariodesanpedro.com.ar\/sitio\/wp-content\/uploads\/2022\/06\/WhatsApp-Image-2022-06-15-at-4.30.08-PM.jpeg","jetpack_shortlink":"https:\/\/wp.me\/p6RhLt-s7V","jetpack_sharing_enabled":true,"_links":{"self":[{"href":"https:\/\/eldiariodesanpedro.com.ar\/sitio\/wp-json\/wp\/v2\/posts\/108123","targetHints":{"allow":["GET"]}}],"collection":[{"href":"https:\/\/eldiariodesanpedro.com.ar\/sitio\/wp-json\/wp\/v2\/posts"}],"about":[{"href":"https:\/\/eldiariodesanpedro.com.ar\/sitio\/wp-json\/wp\/v2\/types\/post"}],"author":[{"embeddable":true,"href":"https:\/\/eldiariodesanpedro.com.ar\/sitio\/wp-json\/wp\/v2\/users\/4"}],"replies":[{"embeddable":true,"href":"https:\/\/eldiariodesanpedro.com.ar\/sitio\/wp-json\/wp\/v2\/comments?post=108123"}],"version-history":[{"count":1,"href":"https:\/\/eldiariodesanpedro.com.ar\/sitio\/wp-json\/wp\/v2\/posts\/108123\/revisions"}],"predecessor-version":[{"id":108128,"href":"https:\/\/eldiariodesanpedro.com.ar\/sitio\/wp-json\/wp\/v2\/posts\/108123\/revisions\/108128"}],"wp:featuredmedia":[{"embeddable":true,"href":"https:\/\/eldiariodesanpedro.com.ar\/sitio\/wp-json\/wp\/v2\/media\/108127"}],"wp:attachment":[{"href":"https:\/\/eldiariodesanpedro.com.ar\/sitio\/wp-json\/wp\/v2\/media?parent=108123"}],"wp:term":[{"taxonomy":"category","embeddable":true,"href":"https:\/\/eldiariodesanpedro.com.ar\/sitio\/wp-json\/wp\/v2\/categories?post=108123"},{"taxonomy":"post_tag","embeddable":true,"href":"https:\/\/eldiariodesanpedro.com.ar\/sitio\/wp-json\/wp\/v2\/tags?post=108123"}],"curies":[{"name":"wp","href":"https:\/\/api.w.org\/{rel}","templated":true}]}}