{"id":108087,"date":"2022-06-15T12:21:46","date_gmt":"2022-06-15T15:21:46","guid":{"rendered":"https:\/\/eldiariodesanpedro.com.ar\/sitio\/?p=108087"},"modified":"2022-06-15T12:21:47","modified_gmt":"2022-06-15T15:21:47","slug":"los-fosiles-de-san-pedro-bajo-la-lupa-de-las-investigaciones-paleontologicas","status":"publish","type":"post","link":"https:\/\/eldiariodesanpedro.com.ar\/sitio\/los-fosiles-de-san-pedro-bajo-la-lupa-de-las-investigaciones-paleontologicas\/","title":{"rendered":"Los f\u00f3siles de San Pedro bajo la lupa de las investigaciones paleontol\u00f3gicas"},"content":{"rendered":"<!-- VideographyWP Plugin Message: Automatic video embedding prevented by plugin options. -->\n\n<p><strong>El Museo Paleontol\u00f3gico \u201cFray Manuel de Torres\u201d participar\u00e1 en un proyecto internacional de investigaci\u00f3n cient\u00edfica de la Fundaci\u00f3n Nacional Suiza para la Ciencia (Swiss National Science Foundation)<\/strong>.&nbsp;<br>El proyecto, tiene como finalidad contribuir al conocimiento de los animales extintos de Am\u00e9rica del Sur. En este sentido, los f\u00f3siles de megamam\u00edferos de San Pedro, depositados en el Museo Paleontol\u00f3gico \u201cFray Manuel de Torres\u201d, son un atractivo para las investigaciones de los paleont\u00f3logos, tanto locales como extranjeros.&nbsp;<br>El proyecto estar\u00e1 dirigido por el Dr. Marcelo R. S\u00e1nchez-Villagra, del Museo e Instituto de Paleontolog\u00eda de la Universidad de Zurich (Pal\u00e4ontologisches Institut und Museum, Universit\u00e4t Z\u00fcrich) y contar\u00e1 con la participaci\u00f3n local de la Dra. Anal\u00eda M. Forasiepi, del Instituto Argentino de Nivolog\u00eda, Glaciolog\u00eda y Ciencias Ambientales (IANIGLA), del Centro Cient\u00edfico Tecnol\u00f3gico (CCT)-CONICET Mendoza, Argentina.<br>Desde hace varios a\u00f1os distintos proyectos de investigaci\u00f3n han vinculado a la paleont\u00f3loga Forasiepi con el Grupo Conservacionista de F\u00f3siles. El trabajo cuidadoso de recolecci\u00f3n y conservaci\u00f3n de los f\u00f3siles que lleva a cabo el equipo del Museo Paleontol\u00f3gico de San Pedro hace que \u00e9ste se convierta en un atractivo para desarrollar diferentes investigaciones, sumado a la buena predisposici\u00f3n de todo el grupo que facilita cualquier trabajo cient\u00edfico.&nbsp;<br>En esta oportunidad se busca analizar la anatom\u00eda interna de los f\u00f3siles pampeanos a trav\u00e9s de tomograf\u00edas computadas de alta resoluci\u00f3n. Escanear los cr\u00e1neos de ciertos mam\u00edferos f\u00f3siles permitir\u00e1 comprender detalles de la anatom\u00eda interna para realizar interpretaciones, tanto morfol\u00f3gicas como funcionales.<br>\u00bfPOR QU\u00c9 SAN PEDRO Y POR QU\u00c9 SUIZA?<br>Hace m\u00e1s de un siglo, esta zona de la regi\u00f3n pampeana fue el campo de acci\u00f3n del Prof. Santiago Roth (o Kaspar Jakob Roth-Schuetz, como fuera conocido en Suiza). Naci\u00f3 en el 14 de junio 1850 en Herisau, Suiza y falleci\u00f3 el 4 de agosto de 1924 en Buenos Aires. Desde muy temprana edad estuvo arraigado en Argentina. Santiago Roth fue un naturalista, explorador y paleont\u00f3logo que gener\u00f3 valiosas colecciones de f\u00f3siles que hoy&nbsp; se encuentran en nuestro pa\u00eds (fundamentalmente en el Museo de La Plata) y en el extranjero (mayormente Suiza, dado que para ese entonces no exist\u00edan las leyes de protecci\u00f3n del patrimonio como hoy d\u00eda).&nbsp;Este proyecto de la Fundaci\u00f3n Nacional Suiza para la Ciencia intentar\u00e1 vincular el estudio de los mam\u00edferos f\u00f3siles en el marco de la conmemoraci\u00f3n de los cien a\u00f1os del fallecimiento de este ilustre naturalista de la ciencia argentina.<\/p>\n","protected":false},"excerpt":{"rendered":"<p>El Museo Paleontol\u00f3gico \u201cFray Manuel de Torres\u201d participar\u00e1 en un proyecto internacional de investigaci\u00f3n cient\u00edfica de la Fundaci\u00f3n Nacional Suiza para la Ciencia (Swiss National Science Foundation).&nbsp;El proyecto, tiene como finalidad contribuir al conocimiento de los animales extintos de Am\u00e9rica del Sur. En este sentido, los f\u00f3siles de megamam\u00edferos de San Pedro, depositados en el [&hellip;]<\/p>\n","protected":false},"author":4,"featured_media":108088,"comment_status":"closed","ping_status":"closed","sticky":false,"template":"","format":"standard","meta":{"om_disable_all_campaigns":false,"_jetpack_memberships_contains_paid_content":false,"footnotes":""},"categories":[50,101,2],"tags":[197,696,33,19],"class_list":["post-108087","post","type-post","status-publish","format-standard","has-post-thumbnail","hentry","category-destacadas","category-interes-general-locales","category-locales","tag-buenos-aires","tag-interes-general","tag-locales","tag-san-pedro"],"aioseo_notices":[],"gutentor_comment":0,"jetpack_featured_media_url":"https:\/\/eldiariodesanpedro.com.ar\/sitio\/wp-content\/uploads\/2022\/06\/medida-6.jpg","jetpack_shortlink":"https:\/\/wp.me\/p6RhLt-s7l","jetpack_sharing_enabled":true,"_links":{"self":[{"href":"https:\/\/eldiariodesanpedro.com.ar\/sitio\/wp-json\/wp\/v2\/posts\/108087","targetHints":{"allow":["GET"]}}],"collection":[{"href":"https:\/\/eldiariodesanpedro.com.ar\/sitio\/wp-json\/wp\/v2\/posts"}],"about":[{"href":"https:\/\/eldiariodesanpedro.com.ar\/sitio\/wp-json\/wp\/v2\/types\/post"}],"author":[{"embeddable":true,"href":"https:\/\/eldiariodesanpedro.com.ar\/sitio\/wp-json\/wp\/v2\/users\/4"}],"replies":[{"embeddable":true,"href":"https:\/\/eldiariodesanpedro.com.ar\/sitio\/wp-json\/wp\/v2\/comments?post=108087"}],"version-history":[{"count":1,"href":"https:\/\/eldiariodesanpedro.com.ar\/sitio\/wp-json\/wp\/v2\/posts\/108087\/revisions"}],"predecessor-version":[{"id":108089,"href":"https:\/\/eldiariodesanpedro.com.ar\/sitio\/wp-json\/wp\/v2\/posts\/108087\/revisions\/108089"}],"wp:featuredmedia":[{"embeddable":true,"href":"https:\/\/eldiariodesanpedro.com.ar\/sitio\/wp-json\/wp\/v2\/media\/108088"}],"wp:attachment":[{"href":"https:\/\/eldiariodesanpedro.com.ar\/sitio\/wp-json\/wp\/v2\/media?parent=108087"}],"wp:term":[{"taxonomy":"category","embeddable":true,"href":"https:\/\/eldiariodesanpedro.com.ar\/sitio\/wp-json\/wp\/v2\/categories?post=108087"},{"taxonomy":"post_tag","embeddable":true,"href":"https:\/\/eldiariodesanpedro.com.ar\/sitio\/wp-json\/wp\/v2\/tags?post=108087"}],"curies":[{"name":"wp","href":"https:\/\/api.w.org\/{rel}","templated":true}]}}