{"id":108080,"date":"2022-06-15T11:42:30","date_gmt":"2022-06-15T14:42:30","guid":{"rendered":"https:\/\/eldiariodesanpedro.com.ar\/sitio\/?p=108080"},"modified":"2022-06-15T11:42:30","modified_gmt":"2022-06-15T14:42:30","slug":"comenzo-el-pago-de-la-segunda-mitad-del-refuerzo-de-ingresos","status":"publish","type":"post","link":"https:\/\/eldiariodesanpedro.com.ar\/sitio\/comenzo-el-pago-de-la-segunda-mitad-del-refuerzo-de-ingresos\/","title":{"rendered":"Comenz\u00f3 el pago de la segunda mitad del Refuerzo de Ingresos"},"content":{"rendered":"<!-- VideographyWP Plugin Message: Automatic video embedding prevented by plugin options. -->\n\n<p>A partir de hoy, 7,5 millones de personas cobrar\u00e1n en el mes de junio el segundo pago del Refuerzo de Ingresos de $18.000.<\/p>\n\n\n\n<p>Desde este\u00a0<strong>mi\u00e9rcoles 15 de junio<\/strong>, las personas seleccionadas por la\u00a0<strong>Administraci\u00f3n Nacional de la Seguridad Social\u00a0<\/strong>(ANSES) para recibir el\u00a0<strong><a href=\"https:\/\/infocielo.com\/refuerzo-a1252\">Refuerzo<\/a><\/strong>\u00a0de\u00a0<a href=\"https:\/\/infocielo.com\/ingresos-a14009\">Ingresos<\/a>, comenzar\u00e1n a cobrar la segunda mitad de la cuenta bancaria que decidieron al momento de realizar la inscripci\u00f3n.<\/p>\n\n\n\n<p>Este beneficio fue anunciado por el Gobierno Nacional y es de 18.000 pesos, que se cobr\u00f3 la mitad en mayo y la otra mitad este mes.<strong>\u00a0El Refuerzo de Ingresos alcanza a los monotributistas categor\u00eda A y B, monotributistas sociales, y trabajadores y trabajadoras sin ingresos formales.<\/strong><\/p>\n\n\n\n<p>El primer pago del Refuerzo de Ingresos ya fue recibido por los y las beneficiarias de ANSES desde el 19 de mayo al 2 de junio, seg\u00fan la terminaci\u00f3n del DNI. Por su parte, el refuerzo de $12.000 para jubilados y pensionados se cobr\u00f3 de forma autom\u00e1tica \u00abjunto con su haber en el cronograma de pagos de mayo y sin la necesidad de realizar ning\u00fan tipo de tr\u00e1mite\u00bb, seg\u00fan ANSES.<\/p>\n\n\n\n<h2 class=\"wp-block-heading\">Segundo pago del Refuerzo de Ingresos: \u00bfCu\u00e1ndo cobro?<\/h2>\n\n\n\n<p>Desde su p\u00e1gina oficial, la ANSES explic\u00f3 que \u00abel mi\u00e9rcoles 15 de junio, comienza el segundo pago del Refuerzo de Ingresos para 7,5 millones de trabajadores informales, empleadas\/os de casas particulares, monotributistas sociales y monotributistas A y B seg\u00fan terminaci\u00f3n de DNI\u00bb.<\/p>\n\n\n\n<p>Este pr\u00f3ximo fin de semana largo de junio est\u00e1 compuesto por\u00a0dos feriados nacionales: el viernes 17 y el lunes 20 de junio. De esta forma, el calendario de cobro de ANSES se ve\u00a0afectado por dos d\u00edas h\u00e1biles\u00a0que pasan a ser feriado y debi\u00f3 ser ajustado al mismo. En ese sentido, seg\u00fan terminaci\u00f3n de DNI,\u00a0<strong>el cronograma de cobro del Refuerzo de Ingresos de $9.000 queda de la siguiente manera:<\/strong><\/p>\n\n\n\n<ul class=\"wp-block-list\"><li>&nbsp;<strong>DNI terminados en 0: 15 de junio.<\/strong><\/li><li>&nbsp;DNI terminados en 1: 16 de junio.<\/li><li>&nbsp;DNI terminados en 2: 21 de junio.<\/li><li>&nbsp;DNI terminados en 3: 22 de junio.<\/li><li>&nbsp;DNI terminados en 4: 23 de junio.<\/li><li>&nbsp;DNI terminados en 5: 24 de junio.<\/li><li>&nbsp;DNI terminados en 6: 27 de junio.<\/li><li>&nbsp;DNI terminados en 7: 28 de junio.<\/li><li>&nbsp;DNI terminados en 8: 29 de junio.<\/li><li>&nbsp;DNI terminados en 9: 30 de junio.<\/li><\/ul>\n\n\n\n<p>ANSES adem\u00e1s, explic\u00f3 que cabe aclarar que las personas recibir\u00e1n el Refuerzo de Ingresos en la CBU en la que cobraron la primera cuota y que informaron al momento de completar la inscripci\u00f3n. Aquellas\u00a0personas que no superaron el an\u00e1lisis socioecon\u00f3mico, pueden conocer los motivos por los que no fueron seleccionados para recibir el Refuerzo de Ingresos\u00a0en este link.<\/p>\n\n\n\n<figure class=\"wp-block-image size-full\"><img decoding=\"async\" width=\"887\" height=\"592\" data-attachment-id=\"108082\" data-permalink=\"https:\/\/eldiariodesanpedro.com.ar\/sitio\/comenzo-el-pago-de-la-segunda-mitad-del-refuerzo-de-ingresos\/refuerzo-de-ingresos-ansespng\/\" data-orig-file=\"https:\/\/eldiariodesanpedro.com.ar\/sitio\/wp-content\/uploads\/2022\/06\/refuerzo-de-ingresos-ansespng.jpg\" data-orig-size=\"887,592\" data-comments-opened=\"0\" data-image-meta=\"{&quot;aperture&quot;:&quot;0&quot;,&quot;credit&quot;:&quot;&quot;,&quot;camera&quot;:&quot;&quot;,&quot;caption&quot;:&quot;&quot;,&quot;created_timestamp&quot;:&quot;0&quot;,&quot;copyright&quot;:&quot;&quot;,&quot;focal_length&quot;:&quot;0&quot;,&quot;iso&quot;:&quot;0&quot;,&quot;shutter_speed&quot;:&quot;0&quot;,&quot;title&quot;:&quot;&quot;,&quot;orientation&quot;:&quot;0&quot;}\" data-image-title=\"refuerzo-de-ingresos-ansespng\" data-image-description=\"\" data-image-caption=\"\" data-large-file=\"https:\/\/eldiariodesanpedro.com.ar\/sitio\/wp-content\/uploads\/2022\/06\/refuerzo-de-ingresos-ansespng.jpg\" data-src=\"https:\/\/eldiariodesanpedro.com.ar\/sitio\/wp-content\/uploads\/2022\/06\/refuerzo-de-ingresos-ansespng.jpg\" alt=\"\" class=\"wp-image-108082 lazyload\" data-srcset=\"https:\/\/eldiariodesanpedro.com.ar\/sitio\/wp-content\/uploads\/2022\/06\/refuerzo-de-ingresos-ansespng.jpg 887w, https:\/\/eldiariodesanpedro.com.ar\/sitio\/wp-content\/uploads\/2022\/06\/refuerzo-de-ingresos-ansespng-300x200.jpg 300w, https:\/\/eldiariodesanpedro.com.ar\/sitio\/wp-content\/uploads\/2022\/06\/refuerzo-de-ingresos-ansespng-768x513.jpg 768w\" data-sizes=\"(max-width: 887px) 100vw, 887px\" src=\"data:image\/svg+xml;base64,PHN2ZyB3aWR0aD0iMSIgaGVpZ2h0PSIxIiB4bWxucz0iaHR0cDovL3d3dy53My5vcmcvMjAwMC9zdmciPjwvc3ZnPg==\" style=\"--smush-placeholder-width: 887px; --smush-placeholder-aspect-ratio: 887\/592;\" \/><\/figure>\n\n\n\n<p><a href=\"https:\/\/media.infocielo.com\/p\/b95b94befa961b9e0a2429c3e85b6ba6\/adjuntos\/299\/imagenes\/001\/435\/0001435670\/887x0\/smart\/anses-refuerzos-ingresosjpgwebp.png\"><\/a><\/p>\n","protected":false},"excerpt":{"rendered":"<p>A partir de hoy, 7,5 millones de personas cobrar\u00e1n en el mes de junio el segundo pago del Refuerzo de Ingresos de $18.000. Desde este\u00a0mi\u00e9rcoles 15 de junio, las personas seleccionadas por la\u00a0Administraci\u00f3n Nacional de la Seguridad Social\u00a0(ANSES) para recibir el\u00a0Refuerzo\u00a0de\u00a0Ingresos, comenzar\u00e1n a cobrar la segunda mitad de la cuenta bancaria que decidieron al momento [&hellip;]<\/p>\n","protected":false},"author":4,"featured_media":108081,"comment_status":"closed","ping_status":"closed","sticky":false,"template":"","format":"standard","meta":{"om_disable_all_campaigns":false,"_jetpack_memberships_contains_paid_content":false,"footnotes":""},"categories":[101,2],"tags":[197,696,33,19],"class_list":["post-108080","post","type-post","status-publish","format-standard","has-post-thumbnail","hentry","category-interes-general-locales","category-locales","tag-buenos-aires","tag-interes-general","tag-locales","tag-san-pedro"],"aioseo_notices":[],"gutentor_comment":0,"jetpack_featured_media_url":"https:\/\/eldiariodesanpedro.com.ar\/sitio\/wp-content\/uploads\/2022\/06\/anses-refuerzos-ingresosjpgwebp.jpg","jetpack_shortlink":"https:\/\/wp.me\/p6RhLt-s7e","jetpack_sharing_enabled":true,"_links":{"self":[{"href":"https:\/\/eldiariodesanpedro.com.ar\/sitio\/wp-json\/wp\/v2\/posts\/108080","targetHints":{"allow":["GET"]}}],"collection":[{"href":"https:\/\/eldiariodesanpedro.com.ar\/sitio\/wp-json\/wp\/v2\/posts"}],"about":[{"href":"https:\/\/eldiariodesanpedro.com.ar\/sitio\/wp-json\/wp\/v2\/types\/post"}],"author":[{"embeddable":true,"href":"https:\/\/eldiariodesanpedro.com.ar\/sitio\/wp-json\/wp\/v2\/users\/4"}],"replies":[{"embeddable":true,"href":"https:\/\/eldiariodesanpedro.com.ar\/sitio\/wp-json\/wp\/v2\/comments?post=108080"}],"version-history":[{"count":1,"href":"https:\/\/eldiariodesanpedro.com.ar\/sitio\/wp-json\/wp\/v2\/posts\/108080\/revisions"}],"predecessor-version":[{"id":108083,"href":"https:\/\/eldiariodesanpedro.com.ar\/sitio\/wp-json\/wp\/v2\/posts\/108080\/revisions\/108083"}],"wp:featuredmedia":[{"embeddable":true,"href":"https:\/\/eldiariodesanpedro.com.ar\/sitio\/wp-json\/wp\/v2\/media\/108081"}],"wp:attachment":[{"href":"https:\/\/eldiariodesanpedro.com.ar\/sitio\/wp-json\/wp\/v2\/media?parent=108080"}],"wp:term":[{"taxonomy":"category","embeddable":true,"href":"https:\/\/eldiariodesanpedro.com.ar\/sitio\/wp-json\/wp\/v2\/categories?post=108080"},{"taxonomy":"post_tag","embeddable":true,"href":"https:\/\/eldiariodesanpedro.com.ar\/sitio\/wp-json\/wp\/v2\/tags?post=108080"}],"curies":[{"name":"wp","href":"https:\/\/api.w.org\/{rel}","templated":true}]}}