{"id":108071,"date":"2022-06-14T22:07:32","date_gmt":"2022-06-15T01:07:32","guid":{"rendered":"https:\/\/eldiariodesanpedro.com.ar\/sitio\/?p=108071"},"modified":"2022-06-14T22:07:35","modified_gmt":"2022-06-15T01:07:35","slug":"un-isleno-fallecio-cuando-era-trasladado-por-la-prefectura-tras-una-descompensacion","status":"publish","type":"post","link":"https:\/\/eldiariodesanpedro.com.ar\/sitio\/un-isleno-fallecio-cuando-era-trasladado-por-la-prefectura-tras-una-descompensacion\/","title":{"rendered":"Un isle\u00f1o falleci\u00f3 cuando era trasladado por la prefectura tras una descompensaci\u00f3n"},"content":{"rendered":"<!-- VideographyWP Plugin Message: Automatic video embedding prevented by plugin options. -->\n\n<p>El hecho se desencaden\u00f3 en la tarde del martes luego de que el personal de Prefectura trasladara desde la zona de Los Laureles a una persona que se hab\u00eda descompensado. Lamentablemente el vecino falleci\u00f3 antes de arribar al puerto.<\/p>\n\n\n\n<p>Un hombre de 70 a\u00f1os identificado como Claudio C\u00e1ceres falleci\u00f3 durante la tarde de este martes luego de sufrir una descompensaci\u00f3n en la zona de la Isla Los Laureles, en el cuartel tercero.<\/p>\n\n\n\n<p>Sucedi\u00f3 despu\u00e9s de las 14.00, cuando el personal de Prefectura Naval con sede en San Pedro fue alertado ante el inconveniente originado y traslad\u00f3 al hombre hacia el continente.<\/p>\n\n\n\n<p>Si bien se hab\u00eda alertado al servicio de emergencias Same para trasladar a la v\u00edctima al Hospital, el cuadro ya era irreversible y el vecino falleci\u00f3 antes de arribar al puerto local.about:blank<\/p>\n\n\n\n<p>De inmediato tom\u00f3 intervenci\u00f3n el personal de la Secretar\u00eda de Desarrollo Humano municipal y la Fiscal\u00eda de turno, a cargo del fiscal Marcelo Manso.<\/p>\n\n\n\n<p>El caso ser\u00eda caratulado como averiguaci\u00f3n de causales de muerte y se aguardar\u00e1 la intervenci\u00f3n del m\u00e9dico legista que resolver\u00e1 si es necesario practicar la operaci\u00f3n de autopsia.&nbsp;<\/p>\n\n\n\n<p><a href=\"https:\/\/www.laopinionsemanario.com.ar\/secciones\/informacion-general\/\"><\/a><\/p>\n","protected":false},"excerpt":{"rendered":"<p>El hecho se desencaden\u00f3 en la tarde del martes luego de que el personal de Prefectura trasladara desde la zona de Los Laureles a una persona que se hab\u00eda descompensado. Lamentablemente el vecino falleci\u00f3 antes de arribar al puerto. Un hombre de 70 a\u00f1os identificado como Claudio C\u00e1ceres falleci\u00f3 durante la tarde de este martes [&hellip;]<\/p>\n","protected":false},"author":4,"featured_media":108072,"comment_status":"closed","ping_status":"closed","sticky":false,"template":"","format":"standard","meta":{"om_disable_all_campaigns":false,"_jetpack_memberships_contains_paid_content":false,"footnotes":""},"categories":[50,101,2],"tags":[197,696,33,19],"class_list":["post-108071","post","type-post","status-publish","format-standard","has-post-thumbnail","hentry","category-destacadas","category-interes-general-locales","category-locales","tag-buenos-aires","tag-interes-general","tag-locales","tag-san-pedro"],"aioseo_notices":[],"gutentor_comment":0,"jetpack_featured_media_url":"https:\/\/eldiariodesanpedro.com.ar\/sitio\/wp-content\/uploads\/2022\/06\/WhatsApp-Image-2022-06-14-at-4.48.14-PM.jpeg","jetpack_shortlink":"https:\/\/wp.me\/p6RhLt-s75","jetpack_sharing_enabled":true,"_links":{"self":[{"href":"https:\/\/eldiariodesanpedro.com.ar\/sitio\/wp-json\/wp\/v2\/posts\/108071","targetHints":{"allow":["GET"]}}],"collection":[{"href":"https:\/\/eldiariodesanpedro.com.ar\/sitio\/wp-json\/wp\/v2\/posts"}],"about":[{"href":"https:\/\/eldiariodesanpedro.com.ar\/sitio\/wp-json\/wp\/v2\/types\/post"}],"author":[{"embeddable":true,"href":"https:\/\/eldiariodesanpedro.com.ar\/sitio\/wp-json\/wp\/v2\/users\/4"}],"replies":[{"embeddable":true,"href":"https:\/\/eldiariodesanpedro.com.ar\/sitio\/wp-json\/wp\/v2\/comments?post=108071"}],"version-history":[{"count":1,"href":"https:\/\/eldiariodesanpedro.com.ar\/sitio\/wp-json\/wp\/v2\/posts\/108071\/revisions"}],"predecessor-version":[{"id":108073,"href":"https:\/\/eldiariodesanpedro.com.ar\/sitio\/wp-json\/wp\/v2\/posts\/108071\/revisions\/108073"}],"wp:featuredmedia":[{"embeddable":true,"href":"https:\/\/eldiariodesanpedro.com.ar\/sitio\/wp-json\/wp\/v2\/media\/108072"}],"wp:attachment":[{"href":"https:\/\/eldiariodesanpedro.com.ar\/sitio\/wp-json\/wp\/v2\/media?parent=108071"}],"wp:term":[{"taxonomy":"category","embeddable":true,"href":"https:\/\/eldiariodesanpedro.com.ar\/sitio\/wp-json\/wp\/v2\/categories?post=108071"},{"taxonomy":"post_tag","embeddable":true,"href":"https:\/\/eldiariodesanpedro.com.ar\/sitio\/wp-json\/wp\/v2\/tags?post=108071"}],"curies":[{"name":"wp","href":"https:\/\/api.w.org\/{rel}","templated":true}]}}