{"id":108066,"date":"2022-06-14T21:12:27","date_gmt":"2022-06-15T00:12:27","guid":{"rendered":"https:\/\/eldiariodesanpedro.com.ar\/sitio\/?p=108066"},"modified":"2022-06-14T21:28:30","modified_gmt":"2022-06-15T00:28:30","slug":"la-cubana-s-a-rocio-del-sur-notificacion-de-inicio-de-temporad","status":"publish","type":"post","link":"https:\/\/eldiariodesanpedro.com.ar\/sitio\/la-cubana-s-a-rocio-del-sur-notificacion-de-inicio-de-temporad\/","title":{"rendered":"La Cubana S.A. \/ Rocio del Sur \u2013 Notificaci\u00f3n de inicio de temporada"},"content":{"rendered":"<!-- VideographyWP Plugin Message: Automatic video embedding prevented by plugin options. -->\n\n<p>ROCIO DEL SUR, LA CUBANA, PRODUCCION DE ESPINACA A\u00d1O 2022\u00a0\u00a0\u00a0\u00a0\u00a0\u00a0\u00a0\u00a0\u00a0\u00a0\u00a0\u00a0\u00a0\u00a0\u00a0\u00a0\u00a0\u00a0\u00a0\u00a0\u00a0\u00a0\u00a0\u00a0\u00a0\u00a0\u00a0\u00a0\u00a0<\/p>\n\n\n\n<p>La empresa notifica por este medio a todo el personal que a partir del 21-06-2022 comienza la CAMPA\u00d1A DE ESPINACA en la planta de congelados.<br>Se le dar\u00e1 prioridad a las personas que ya trabajaron en temporadas pasadas.<br>Solicitamos personal femenino y masculino para trabajar en la l\u00ednea de producci\u00f3n, deben anotarseen la planta de La Cubana S.A. con DNI en mano para dar el alta.<\/p>\n\n\n\n<p>La Cubana S.A.\/Roc\u00edo del Sur<br>Acceso a Gdor. Castro<\/p>\n\n\n\n<p>Gerente de Planta &#8211; Gonz\u00e1lez Javier<\/p>\n\n\n\n<p>(Publicaci\u00f3n V\u00e1lida por los d\u00edas 14, 15 y 16 de junio de 2022)<\/p>\n","protected":false},"excerpt":{"rendered":"<p>ROCIO DEL SUR, LA CUBANA, PRODUCCION DE ESPINACA A\u00d1O 2022\u00a0\u00a0\u00a0\u00a0\u00a0\u00a0\u00a0\u00a0\u00a0\u00a0\u00a0\u00a0\u00a0\u00a0\u00a0\u00a0\u00a0\u00a0\u00a0\u00a0\u00a0\u00a0\u00a0\u00a0\u00a0\u00a0\u00a0\u00a0\u00a0 La empresa notifica por este medio a todo el personal que a partir del 21-06-2022 comienza la CAMPA\u00d1A DE ESPINACA en la planta de congelados.Se le dar\u00e1 prioridad a las personas que ya trabajaron en temporadas pasadas.Solicitamos personal femenino y masculino para trabajar en la [&hellip;]<\/p>\n","protected":false},"author":4,"featured_media":108067,"comment_status":"closed","ping_status":"closed","sticky":false,"template":"","format":"standard","meta":{"om_disable_all_campaigns":false,"_jetpack_memberships_contains_paid_content":false,"footnotes":""},"categories":[678,676],"tags":[197,696,19],"class_list":["post-108066","post","type-post","status-publish","format-standard","has-post-thumbnail","hentry","category-convocatorias","category-edictos","tag-buenos-aires","tag-interes-general","tag-san-pedro"],"aioseo_notices":[],"gutentor_comment":0,"jetpack_featured_media_url":"https:\/\/eldiariodesanpedro.com.ar\/sitio\/wp-content\/uploads\/2022\/06\/La-Cubana-Rodio-del-Sur-Junio-2022.jpg","jetpack_shortlink":"https:\/\/wp.me\/p6RhLt-s70","jetpack_sharing_enabled":true,"_links":{"self":[{"href":"https:\/\/eldiariodesanpedro.com.ar\/sitio\/wp-json\/wp\/v2\/posts\/108066","targetHints":{"allow":["GET"]}}],"collection":[{"href":"https:\/\/eldiariodesanpedro.com.ar\/sitio\/wp-json\/wp\/v2\/posts"}],"about":[{"href":"https:\/\/eldiariodesanpedro.com.ar\/sitio\/wp-json\/wp\/v2\/types\/post"}],"author":[{"embeddable":true,"href":"https:\/\/eldiariodesanpedro.com.ar\/sitio\/wp-json\/wp\/v2\/users\/4"}],"replies":[{"embeddable":true,"href":"https:\/\/eldiariodesanpedro.com.ar\/sitio\/wp-json\/wp\/v2\/comments?post=108066"}],"version-history":[{"count":3,"href":"https:\/\/eldiariodesanpedro.com.ar\/sitio\/wp-json\/wp\/v2\/posts\/108066\/revisions"}],"predecessor-version":[{"id":108070,"href":"https:\/\/eldiariodesanpedro.com.ar\/sitio\/wp-json\/wp\/v2\/posts\/108066\/revisions\/108070"}],"wp:featuredmedia":[{"embeddable":true,"href":"https:\/\/eldiariodesanpedro.com.ar\/sitio\/wp-json\/wp\/v2\/media\/108067"}],"wp:attachment":[{"href":"https:\/\/eldiariodesanpedro.com.ar\/sitio\/wp-json\/wp\/v2\/media?parent=108066"}],"wp:term":[{"taxonomy":"category","embeddable":true,"href":"https:\/\/eldiariodesanpedro.com.ar\/sitio\/wp-json\/wp\/v2\/categories?post=108066"},{"taxonomy":"post_tag","embeddable":true,"href":"https:\/\/eldiariodesanpedro.com.ar\/sitio\/wp-json\/wp\/v2\/tags?post=108066"}],"curies":[{"name":"wp","href":"https:\/\/api.w.org\/{rel}","templated":true}]}}